{"id":21321,"date":"2025-08-02T20:10:13","date_gmt":"2025-08-02T20:10:13","guid":{"rendered":"https:\/\/www.europesays.com\/es\/21321\/"},"modified":"2025-08-02T20:10:13","modified_gmt":"2025-08-02T20:10:13","slug":"carlos-sainz-saldra-noveno-con-una-vuelta-muy-solida-en-la-clasificacion-del-gp-de-gran-bretana","status":"publish","type":"post","link":"https:\/\/www.europesays.com\/es\/21321\/","title":{"rendered":"Carlos Sainz saldr\u00e1 noveno con una vuelta muy s\u00f3lida en la clasificaci\u00f3n del GP de Gran Breta\u00f1a"},"content":{"rendered":"<p>S\u00e1bado, 5 de julio de 2025<br \/>&#13;<br \/>\n&#8211; Entrenamientos Libres 3: P12, 1\u201926\u201d332, 16 vueltas<br \/>&#13;<br \/>\n&#8211; Clasificaci\u00f3n: P11, 1\u201915\u201d746, 12 vueltas<\/p>\n<ul>&#13;<\/p>\n<li>Carlos Sainz ha conseguido el und\u00e9cimo mejor tiempo en la sesi\u00f3n de clasificaci\u00f3n del GP de Gran Breta\u00f1a, pero ma\u00f1ana saldr\u00e1 noveno tras la penalizaci\u00f3n a dos pilotos.<\/li>\n<p>&#13;<\/p>\n<li>El piloto de Williams ha superado la Q1 (1\u201926&#8243;175) con dos juegos de neum\u00e1ticos blandos y en la Q2 ha repetido la misma estrategia. Ya en la segunda eliminatoria, en el primer intento ha marcado un 1\u201925\u201d861 y en el segundo ha mejorado hasta 1\u201925\u201d746, una actuaci\u00f3n rese\u00f1able en el GP de casa para el equipo de Grove.<\/li>\n<p>&#13;<\/p>\n<li>El piloto espa\u00f1ol ha terminado und\u00e9cimo en la Q2 y se ha quedado a tan s\u00f3lo 35 mil\u00e9simas de superar el corte, pero ha exprimido al m\u00e1ximo las posibilidades del FW47.<\/li>\n<p>&#13;\n<\/ul>\n<p><strong>DECLARACIONES:<\/strong><br \/>&#13;<br \/>\n\u201cNo creo que hubiera mucho m\u00e1s hoy para nosotros. No hemos pasado a la Q3 por la m\u00ednima, pero hemos estado todo el fin de semana entre el d\u00e9cimo y el decimocuarto, as\u00ed que pienso que nuestra posici\u00f3n representa bien nuestra situaci\u00f3n. Este fin de semana nos hemos dedicado a hacer muchos experimentos con los reglajes, as\u00ed que no ha sido una preparaci\u00f3n ideal para la clasificaci\u00f3n, pero al final mi vuelta ha sido muy limpia. Conf\u00edo en nuestro ritmo de carrera para ma\u00f1ana, as\u00ed que lo daremos todo para pelear por esos puntos y estaremos listos para aprovechar cualquier oportunidad. \u00a1Es incre\u00edble el apoyo que recibimos en casa y quiero darle las gracias a nuestros aficionados con una buena carrera!\u00bb.<\/p>\n<p><strong>PR\u00d3XIMA ACTIVIDAD:<\/strong><br \/>&#13;<br \/>\nDomingo, 6 de julio de 2025<br \/>&#13;<br \/>\n&#8211; Carrera: 15:00 hora local (16:00 CEST)<\/p>\n","protected":false},"excerpt":{"rendered":"S\u00e1bado, 5 de julio de 2025&#13; &#8211; Entrenamientos Libres 3: P12, 1\u201926\u201d332, 16 vueltas&#13; &#8211; Clasificaci\u00f3n: P11, 1\u201915\u201d746,&hellip;\n","protected":false},"author":2,"featured_media":21322,"comment_status":"","ping_status":"","sticky":false,"template":"","format":"standard","meta":{"footnotes":""},"categories":[270],"tags":[12665,307,168,25,24,306,271,272,4152,12664,12666,23,167,308],"class_list":{"0":"post-21321","1":"post","2":"type-post","3":"status-publish","4":"format-standard","5":"has-post-thumbnail","7":"category-formula-1","8":"tag-british-gp","9":"tag-carlos-sainz","10":"tag-deportes","11":"tag-es","12":"tag-espana","13":"tag-f1","14":"tag-formula-1","15":"tag-formula1","16":"tag-fw47","17":"tag-gp-gran-bretaa","18":"tag-silverstone","19":"tag-spain","20":"tag-sports","21":"tag-williams"},"share_on_mastodon":{"url":"","error":""},"_links":{"self":[{"href":"https:\/\/www.europesays.com\/es\/wp-json\/wp\/v2\/posts\/21321","targetHints":{"allow":["GET"]}}],"collection":[{"href":"https:\/\/www.europesays.com\/es\/wp-json\/wp\/v2\/posts"}],"about":[{"href":"https:\/\/www.europesays.com\/es\/wp-json\/wp\/v2\/types\/post"}],"author":[{"embeddable":true,"href":"https:\/\/www.europesays.com\/es\/wp-json\/wp\/v2\/users\/2"}],"replies":[{"embeddable":true,"href":"https:\/\/www.europesays.com\/es\/wp-json\/wp\/v2\/comments?post=21321"}],"version-history":[{"count":0,"href":"https:\/\/www.europesays.com\/es\/wp-json\/wp\/v2\/posts\/21321\/revisions"}],"wp:featuredmedia":[{"embeddable":true,"href":"https:\/\/www.europesays.com\/es\/wp-json\/wp\/v2\/media\/21322"}],"wp:attachment":[{"href":"https:\/\/www.europesays.com\/es\/wp-json\/wp\/v2\/media?parent=21321"}],"wp:term":[{"taxonomy":"category","embeddable":true,"href":"https:\/\/www.europesays.com\/es\/wp-json\/wp\/v2\/categories?post=21321"},{"taxonomy":"post_tag","embeddable":true,"href":"https:\/\/www.europesays.com\/es\/wp-json\/wp\/v2\/tags?post=21321"}],"curies":[{"name":"wp","href":"https:\/\/api.w.org\/{rel}","templated":true}]}}