{"id":213212,"date":"2025-11-01T19:56:09","date_gmt":"2025-11-01T19:56:09","guid":{"rendered":"https:\/\/www.europesays.com\/es\/213212\/"},"modified":"2025-11-01T19:56:09","modified_gmt":"2025-11-01T19:56:09","slug":"valdepenas-victoria-coral-que-se-queda-en-el-palau-4-1","status":"publish","type":"post","link":"https:\/\/www.europesays.com\/es\/213212\/","title":{"rendered":"Valdepe\u00f1as: Victoria coral que se queda en el Palau (4-1)"},"content":{"rendered":"<p>El Bar\u00e7a de f\u00fatbol sala ha vuelto a ganar. Despu\u00e9s de la derrota contra el Cartagena el fin de semana pasado, el equipo de Javi Rodr\u00edguez ha vuelto al Palau. Y lo ha hecho con victoria. Ha hecho falta remontar un gol inicial de Gustav\u00e3o, pero el juego ofensivo, el control del bal\u00f3n y el dominio han ca\u00eddo por su propio peso y los tres puntos se han quedado en el Palau. Los goles de Eric Martel, Luciano Gauna, Matheus y Boyis, este \u00faltimo en propia porter\u00eda, han hecho posible la sexta victoria del curso.<\/p>\n<p>Reacci\u00f3n azulgrana para empezar<\/p>\n<p>No han comenzado bien las cosas para el Bar\u00e7a, que ha visto c\u00f3mo Gustav\u00e3o ha adelantado al Valdepe\u00f1as muy r\u00e1pidamente (0-1, min 4). Pero para este Bar\u00e7a eso no es un problema. Ha cogido el bal\u00f3n, se ha ido al ataque y ha tenido el dominio absoluto. De esta manera, no solo ha llegado el gol del empate, sino que han celebrado hasta tres antes del descanso.<\/p>\n<p>El primero, obra de Eric Martel, cuando ha rematado a placer una asistencia de Erick (1-1, min 11). El segundo, cuando un golazo de Gauna en una jugada de estrategia ha dado la vuelta al marcador (2-1, min 13). Y el tercero cuando, despu\u00e9s de una jugada colectiva, Matheus ha ampliado distancias con un disparo fuerte (3-1, min 15).<\/p>\n<p>La victoria no se escapa<\/p>\n<p>Tras el paso por los vestuarios, el gui\u00f3n no ha cambiado, con un Bar\u00e7a ofensivo que ha buscado m\u00e1s goles. Vanderson ha detenido unas cuantas, pero no ha podido hacer nada en una nueva jugada de estrategia y un remate de Matheus que Boyis, en propia porter\u00eda, ha enviado al fondo de la red (4-1, min 24).<\/p>\n<p>Cuatro goles que podr\u00edan haber sido m\u00e1s si Vanderson y el poste, especialmente en remates de Pito y Matheus, no se hubieran interpuesto en el camino de los azulgranas. No ha sido necesario, porque el triunfo no se ha escapado y la victoria se ha quedado en el Palau.<\/p>\n<p>LA FICHA<\/p>\n<p><strong>BAR\u00c7A, 4<\/strong><\/p>\n<p><strong>VALDEPE\u00d1AS, 1<\/strong><\/p>\n<p><strong>Bar\u00e7a:<\/strong> Didac, Erick, Matheus, Gauna, Pito -cinco inicial- Pol Pacheco, Jo\u00e3o V\u00edctor, Antonio, Adolfo, Tour\u00e9, Martel, Fits.\u00a0<\/p>\n<p><strong>Valdepe\u00f1as: <\/strong>Vandeson, Boyis, Jos\u00e9 Mario, Naranjo, Carrasco -cinco inicial- Alberto, \u00c1lex F., Sin\u00e9sio Jr, Alfonso, Lucas Cezar, Gustav\u00e3o.<\/p>\n<p><strong>Goles: <\/strong>0-1, Gustav\u00e3o (min 4). 1-1, Eric Martel (min 11). 2-1, Luciano Gauna (min 13). 3-1, Matheus (min 15). 4-1, Boyis, en propia (min 24).\u00a0<\/p>\n<p><strong>\u00c1rbitros: <\/strong>Borja Darriba, Rub\u00e9n Ferrero. Amarilla a Adolfo, del Bar\u00e7a, y a \u00c1lex F, Naranjo y Gustav\u00e3o, del Valdepe\u00f1as.\u00a0<\/p>\n<p><strong>Asistencia: <\/strong>2.197 espectadores y espectadoras en el Palau Blaugrana.<\/p>\n","protected":false},"excerpt":{"rendered":"El Bar\u00e7a de f\u00fatbol sala ha vuelto a ganar. Despu\u00e9s de la derrota contra el Cartagena el fin&hellip;\n","protected":false},"author":2,"featured_media":213213,"comment_status":"","ping_status":"","sticky":false,"template":"","format":"standard","meta":{"footnotes":""},"categories":[5],"tags":[17,18,25,24,13,14,11,19,20,9,10,15,16,23,2288,12,21,22],"class_list":{"0":"post-213212","1":"post","2":"type-post","3":"status-publish","4":"format-standard","5":"has-post-thumbnail","7":"category-titulares","8":"tag-breaking-news","9":"tag-breakingnews","10":"tag-es","11":"tag-espana","12":"tag-featured-news","13":"tag-featurednews","14":"tag-headlines","15":"tag-latest-news","16":"tag-latestnews","17":"tag-news","18":"tag-noticias","19":"tag-noticias-destacadas","20":"tag-noticiasdestacadas","21":"tag-spain","22":"tag-text","23":"tag-titulares","24":"tag-ultimas-noticias","25":"tag-ultimasnoticias"},"share_on_mastodon":{"url":"","error":""},"_links":{"self":[{"href":"https:\/\/www.europesays.com\/es\/wp-json\/wp\/v2\/posts\/213212","targetHints":{"allow":["GET"]}}],"collection":[{"href":"https:\/\/www.europesays.com\/es\/wp-json\/wp\/v2\/posts"}],"about":[{"href":"https:\/\/www.europesays.com\/es\/wp-json\/wp\/v2\/types\/post"}],"author":[{"embeddable":true,"href":"https:\/\/www.europesays.com\/es\/wp-json\/wp\/v2\/users\/2"}],"replies":[{"embeddable":true,"href":"https:\/\/www.europesays.com\/es\/wp-json\/wp\/v2\/comments?post=213212"}],"version-history":[{"count":0,"href":"https:\/\/www.europesays.com\/es\/wp-json\/wp\/v2\/posts\/213212\/revisions"}],"wp:featuredmedia":[{"embeddable":true,"href":"https:\/\/www.europesays.com\/es\/wp-json\/wp\/v2\/media\/213213"}],"wp:attachment":[{"href":"https:\/\/www.europesays.com\/es\/wp-json\/wp\/v2\/media?parent=213212"}],"wp:term":[{"taxonomy":"category","embeddable":true,"href":"https:\/\/www.europesays.com\/es\/wp-json\/wp\/v2\/categories?post=213212"},{"taxonomy":"post_tag","embeddable":true,"href":"https:\/\/www.europesays.com\/es\/wp-json\/wp\/v2\/tags?post=213212"}],"curies":[{"name":"wp","href":"https:\/\/api.w.org\/{rel}","templated":true}]}}