{"id":213222,"date":"2025-11-01T20:07:14","date_gmt":"2025-11-01T20:07:14","guid":{"rendered":"https:\/\/www.europesays.com\/es\/213222\/"},"modified":"2025-11-01T20:07:14","modified_gmt":"2025-11-01T20:07:14","slug":"blanca-pascual-gana-el-concurso-de-fotografia-atardeceres-de-segovia-de-la-diputacion","status":"publish","type":"post","link":"https:\/\/www.europesays.com\/es\/213222\/","title":{"rendered":"Blanca Pascual gana el concurso de fotograf\u00eda \u2018Atardeceres de Segovia\u2019 de la Diputaci\u00f3n"},"content":{"rendered":"<p>Turismo de la Provincia de Segovia hizo entrega de los premios del concurso fotogr\u00e1fico en Instagram \u2018Atardeceres de Segovia\u2019, una iniciativa impulsada por la Diputaci\u00f3n Provincial \u201cpara invitar a los ciudadanos a compartir su visi\u00f3n de los atardeceres segovianos y dar a conocer los paisajes m\u00e1s bellos del territorio\u201d. El certamen se enmarca en las acciones de promoci\u00f3n relacionadas con el eclipse solar total que se vivir\u00e1 el 12 de agosto de 2026, un acontecimiento astron\u00f3mico que podr\u00e1 contemplarse desde la provincia y que ha inspirado esta convocatoria.<\/p>\n<p>As\u00ed, el primer premio recay\u00f3 en la fotograf\u00eda \u2018Caricia de sol\u2019, captada en Gallegos por Blanca Pascual Bermejo. La ganadora reconoce que siempre le han llamado la atenci\u00f3n \u201clas ruinas de El Torregil, que est\u00e1n en un alto donde se puede ver la puesta de sol\u201d y que apost\u00f3 por una imagen a contraluz \u201cpara mostrar la magia que tienen los atardeceres de Segovia\u201d.<\/p>\n<p>Por lo que respecta al segundo premio, \u00e9ste fue para \u2018Resiliencia\u2019, de Rub\u00e9n Pascual L\u00f3pez, una instant\u00e1nea tomada en Paradinas que su autor define como la imagen de \u201cun campo de girasoles a punto de recolectar en el que s\u00f3lo quedan dos resistiendo\u201d. Finalmente, el cuadro de ganadores lo complet\u00f3 \u2018Atardecer en Santa In\u00e9s\u2019, de Agust\u00edn Garc\u00eda Maestro, realizada en la ermita de Santa In\u00e9s, en Bernardos, donde Garc\u00eda Maestro reconoce encontrar \u201cbastante paz\u201d. \u201cMe recorro la provincia con mi c\u00e1mara y mi moto y Segovia nunca deja de sorprender con los atardeceres, los amaneceres\u2026 siempre te trae una paleta llena de colores\u201d, afirm\u00f3 el merecedor del tercer premio.<\/p>\n<p>Obras participantes<\/p>\n<p>Las m\u00e1s de cuarenta im\u00e1genes presentadas proceden de una gran variedad de municipios. Desde Trescasas, Yanguas de Eresma o Pedraza, hasta Maderuelo, Riaza o Montejo de Ar\u00e9valo, las obras participantes recogen la luz cambiante del ocaso en valles, llanuras y pueblos de toda la geograf\u00eda segoviana. As\u00ed, entre los t\u00edtulos recibidos m\u00e1s evocadores figuran \u2018Colores de atardecer\u2019 (Trescasas-Sonsoto), \u2018Mar de nubes\u2019 (Yanguas de Eresma), \u2018Aqu\u00ed se sienta la paz\u2019 (Real Sitio de San Ildefonso), \u2018Puesta de sol con reba\u00f1o\u2019 (Turrubuelo, Boceguillas), \u2018A vista de p\u00e1jaro\u2019 (Valleruela de Sep\u00falveda), \u2018Caminos de hierro\u2019 (Ciruelos de Coca), \u2018Memento mori\u2019 (Pinarejos) o \u2018Mar de girasoles\u2019 (Valverde del Majano).<\/p>\n<p>El \u00c1rea de Turismo de la Diputaci\u00f3n tambi\u00e9n recibi\u00f3 instant\u00e1neas tomadas en el Parque Natural de las Hoces del R\u00edo Durat\u00f3n, la Risca de Valdeprados, el embalse de Linares del Arroyo, el Pont\u00f3n Alto, la ermita de la Virgen del Otero en Castrillo de Sep\u00falveda o los parques y caminos de Mart\u00edn Mu\u00f1oz de la Dehesa, entre otros rincones.<\/p>\n<p>Las im\u00e1genes ganadoras pasar\u00e1n a formar parte del archivo visual de Turismo de la Provincia de Segovia y podr\u00e1n ser utilizadas en materiales promocionales, ferias y publicaciones institucionales, citando siempre la autor\u00eda.<\/p>\n","protected":false},"excerpt":{"rendered":"Turismo de la Provincia de Segovia hizo entrega de los premios del concurso fotogr\u00e1fico en Instagram \u2018Atardeceres de&hellip;\n","protected":false},"author":2,"featured_media":213223,"comment_status":"","ping_status":"","sticky":false,"template":"","format":"standard","meta":{"footnotes":""},"categories":[173],"tags":[229,233,231,230,232,234,146,147,25,24,23],"class_list":{"0":"post-213222","1":"post","2":"type-post","3":"status-publish","4":"format-standard","5":"has-post-thumbnail","7":"category-arte-y-diseno","8":"tag-arte","9":"tag-arte-y-diseno","10":"tag-arts","11":"tag-arts-and-design","12":"tag-design","13":"tag-diseno","14":"tag-entertainment","15":"tag-entretenimiento","16":"tag-es","17":"tag-espana","18":"tag-spain"},"share_on_mastodon":{"url":"https:\/\/pubeurope.com\/@es\/115476250163539707","error":""},"_links":{"self":[{"href":"https:\/\/www.europesays.com\/es\/wp-json\/wp\/v2\/posts\/213222","targetHints":{"allow":["GET"]}}],"collection":[{"href":"https:\/\/www.europesays.com\/es\/wp-json\/wp\/v2\/posts"}],"about":[{"href":"https:\/\/www.europesays.com\/es\/wp-json\/wp\/v2\/types\/post"}],"author":[{"embeddable":true,"href":"https:\/\/www.europesays.com\/es\/wp-json\/wp\/v2\/users\/2"}],"replies":[{"embeddable":true,"href":"https:\/\/www.europesays.com\/es\/wp-json\/wp\/v2\/comments?post=213222"}],"version-history":[{"count":0,"href":"https:\/\/www.europesays.com\/es\/wp-json\/wp\/v2\/posts\/213222\/revisions"}],"wp:featuredmedia":[{"embeddable":true,"href":"https:\/\/www.europesays.com\/es\/wp-json\/wp\/v2\/media\/213223"}],"wp:attachment":[{"href":"https:\/\/www.europesays.com\/es\/wp-json\/wp\/v2\/media?parent=213222"}],"wp:term":[{"taxonomy":"category","embeddable":true,"href":"https:\/\/www.europesays.com\/es\/wp-json\/wp\/v2\/categories?post=213222"},{"taxonomy":"post_tag","embeddable":true,"href":"https:\/\/www.europesays.com\/es\/wp-json\/wp\/v2\/tags?post=213222"}],"curies":[{"name":"wp","href":"https:\/\/api.w.org\/{rel}","templated":true}]}}