{"id":213225,"date":"2025-11-01T20:11:11","date_gmt":"2025-11-01T20:11:11","guid":{"rendered":"https:\/\/www.europesays.com\/es\/213225\/"},"modified":"2025-11-01T20:11:11","modified_gmt":"2025-11-01T20:11:11","slug":"viven-un-documental-que-relata-el-panorama-sonoro-de-toledo","status":"publish","type":"post","link":"https:\/\/www.europesays.com\/es\/213225\/","title":{"rendered":"&#8216;Viven&#8217;: un documental que relata el panorama sonoro de Toledo"},"content":{"rendered":"<p>En el marco del Festival Internacional del Cine y la Palabra, CiBRA, se ha realizado la puesta de largo del documental &#8216;Viven&#8217;, dirigido por el toledano Enrique Mu\u00f1oz y producido por LaBuitre.\u00a0<\/p>\n<p>La presentaci\u00f3n ha tenido lugar en las instalaciones del cine MK2 Cinesur, del centro comercial Luz del Tajo, en la capital regional. Durante la proyecci\u00f3n tambi\u00e9n se ha mostrado el cortometraje del tambi\u00e9n toledano Roberto del Castar, &#8216;Plato Estrella&#8217;.\u00a0<\/p>\n<p>La obra hace un viaje coral en el que se recorren las historias, sue\u00f1os y luchas de quienes hacen posible el pulso sonoro en la ciudad de Toledo. Se comenz\u00f3 a rodar en 2023, llegando a acumular m\u00e1s de 100 horas de metraje, fruto de entrevistas, conciertos y encuentros con diferentes artistas musicales de Toledo. Entre sus protagonistas, se encuentra la joven artista Nour, as\u00ed como Azogue, una banda formada por alumnos y profesores que desdibuja las fronteras entre generaciones. Otro de los protagonistas de este filme es Boomback Toledo, considerada la voz m\u00e1s &#8216;underground&#8217; del rap local.\u00a0La pel\u00edcula no se sustenta en entrevistas como tal, sino que ense\u00f1a el d\u00eda a d\u00eda de sus diferentes protagonistas.\u00a0<\/p>\n<p><img decoding=\"async\" loading=\"lazy\" src=\"https:\/\/www.europesays.com\/es\/wp-content\/uploads\/2025\/11\/472B03F8-EA99-4889-8597359D70842B58.JPEG\" alt=\"Los cines MK2 Cinesur, en el centro comercial Luz del Tajo, acogen el preestreno del documental 'Viven'\" border=\"0\"\/>Los cines MK2 Cinesur, en el centro comercial Luz del Tajo, acogen el preestreno del documental &#8216;Viven&#8217; &#8211; Foto: CiBRA<\/p>\n<p>Durante la presentaci\u00f3n, el propio Mu\u00f1oz ha agradecido el apoyo recibido por, entre otros, M\u00faltiple Producciones o el Ayuntamiento de Toledo, a trav\u00e9s de la Concejal\u00eda de Educaci\u00f3n. Sobre el rodaje, ha subrayado que \u00e9l tambi\u00e9n ha ido descubriendo \u00abcosas incre\u00edbles\u00bb durante las horas de trabajo.\u00a0<\/p>\n<p>El editor del documental, Borja Elez, ha puesto en valor el trabajo de los artistas y grupos cuyas historias se narran en &#8216;Viven&#8217;. En este aspecto, ha asegurado que son proyectos que est\u00e1n intentando \u00absalir y romper esa muralla para poder triunfar\u00bb. Un talento toledano que se retrata en este viaje audiovisual en el que se entremezclan artistas que buscan su hueco en la m\u00fasica con aquellos que ya lo han logrado.\u00a0<\/p>\n<p>El concejal de Educaci\u00f3n de Toledo, Daniel Morcillo, ha agradecido al Festival CiBRA haber acogido el preestreno de esta obra y, tambi\u00e9n, ha tendido la mano a LaBuitre para poder realizar nuevas colaboraciones en un futuro.\u00a0<\/p>\n<p>M\u00e1s fotos:<img decoding=\"async\" loading=\"lazy\" src=\"https:\/\/www.europesays.com\/es\/wp-content\/uploads\/2025\/11\/CD33FAB1-4C39-41CE-BAF5698D8902E277.JPEG\" alt=\"Los cines MK2 Cinesur, en el centro comercial Luz del Tajo, acogen el preestreno del documental 'Viven'\" border=\"0\"\/>Los cines MK2 Cinesur, en el centro comercial Luz del Tajo, acogen el preestreno del documental &#8216;Viven&#8217; &#8211; Foto: CiBRA<img decoding=\"async\" loading=\"lazy\" src=\"https:\/\/www.europesays.com\/es\/wp-content\/uploads\/2025\/11\/0388474A-60D4-484C-9ACDCD8EEA408438.JPEG\" alt=\"Los cines MK2 Cinesur, en el centro comercial Luz del Tajo, acogen el preestreno del documental 'Viven'\" border=\"0\"\/>Los cines MK2 Cinesur, en el centro comercial Luz del Tajo, acogen el preestreno del documental &#8216;Viven&#8217; &#8211; Foto: CiBRA<\/p>\n<p>El documental se podr\u00e1 ver en las plataformas de CMMedia, consolid\u00e1ndose como un documento imprescindible para entender c\u00f3mo la m\u00fasica habita, resiste y transforma Toledo.<\/p>\n","protected":false},"excerpt":{"rendered":"En el marco del Festival Internacional del Cine y la Palabra, CiBRA, se ha realizado la puesta de&hellip;\n","protected":false},"author":2,"featured_media":213226,"comment_status":"","ping_status":"","sticky":false,"template":"","format":"standard","meta":{"footnotes":""},"categories":[169],"tags":[57478,32501,57476,57475,177,208,32706,57477,6084,2026,146,147,25,24,176,175,2029,213,23,1952],"class_list":{"0":"post-213225","1":"post","2":"type-post","3":"status-publish","4":"format-standard","5":"has-post-thumbnail","7":"category-cine","8":"tag-ayuntamiento-de-toledo","9":"tag-castilla-la-mancha-media","10":"tag-centro-comercial-luz-del-tajo","11":"tag-cibra","12":"tag-cine","13":"tag-conciertos","14":"tag-cortometrajes","15":"tag-daniel-morcillo","16":"tag-documental","17":"tag-educacion","18":"tag-entertainment","19":"tag-entretenimiento","20":"tag-es","21":"tag-espana","22":"tag-film","23":"tag-movies","24":"tag-profesores","25":"tag-rap","26":"tag-spain","27":"tag-toledo"},"share_on_mastodon":{"url":"https:\/\/pubeurope.com\/@es\/115476266221820603","error":""},"_links":{"self":[{"href":"https:\/\/www.europesays.com\/es\/wp-json\/wp\/v2\/posts\/213225","targetHints":{"allow":["GET"]}}],"collection":[{"href":"https:\/\/www.europesays.com\/es\/wp-json\/wp\/v2\/posts"}],"about":[{"href":"https:\/\/www.europesays.com\/es\/wp-json\/wp\/v2\/types\/post"}],"author":[{"embeddable":true,"href":"https:\/\/www.europesays.com\/es\/wp-json\/wp\/v2\/users\/2"}],"replies":[{"embeddable":true,"href":"https:\/\/www.europesays.com\/es\/wp-json\/wp\/v2\/comments?post=213225"}],"version-history":[{"count":0,"href":"https:\/\/www.europesays.com\/es\/wp-json\/wp\/v2\/posts\/213225\/revisions"}],"wp:featuredmedia":[{"embeddable":true,"href":"https:\/\/www.europesays.com\/es\/wp-json\/wp\/v2\/media\/213226"}],"wp:attachment":[{"href":"https:\/\/www.europesays.com\/es\/wp-json\/wp\/v2\/media?parent=213225"}],"wp:term":[{"taxonomy":"category","embeddable":true,"href":"https:\/\/www.europesays.com\/es\/wp-json\/wp\/v2\/categories?post=213225"},{"taxonomy":"post_tag","embeddable":true,"href":"https:\/\/www.europesays.com\/es\/wp-json\/wp\/v2\/tags?post=213225"}],"curies":[{"name":"wp","href":"https:\/\/api.w.org\/{rel}","templated":true}]}}