{"id":21323,"date":"2025-08-02T20:11:11","date_gmt":"2025-08-02T20:11:11","guid":{"rendered":"https:\/\/www.europesays.com\/es\/21323\/"},"modified":"2025-08-02T20:11:11","modified_gmt":"2025-08-02T20:11:11","slug":"los-lakers-cubren-de-oro-a-luka-doncic-165-millones-de-dolares","status":"publish","type":"post","link":"https:\/\/www.europesays.com\/es\/21323\/","title":{"rendered":"Los Lakers cubren de oro a Luka Doncic: \u00a1165 millones de d\u00f3lares!"},"content":{"rendered":"<p class=\"ft-text ft-helper-align-justify\"><strong>Los \u00c1ngeles Lakers han dejado claro qui\u00e9n es el hombre que los ha de llevar a volver a ganar el anillo de campe\u00f3n de la NBA<\/strong> con permiso de <a href=\"https:\/\/www.sport.es\/es\/noticias\/nba\/lebron-james-toma-decision-trascendental-119184387\" class=\"ft-link ft-link--decoration\" rel=\"nofollow noopener\" target=\"_blank\">LeBron James, que tambi\u00e9n logr\u00f3 su \u2018pellizco\u2019 de 54 millones para la pr\u00f3xima temporada.<\/a><\/p>\n<p class=\"ft-text ft-helper-align-justify\"><strong>Luka Doncic acord\u00f3 una extensi\u00f3n de contrato por tres a\u00f1os y un m\u00e1ximo de $165 millones, con una opci\u00f3n del jugador en 2028, seg\u00fan inform\u00f3 a ESPN<\/strong>. Este nuevo acuerdo crucial mantiene a Doncic fuera de la agencia libre el pr\u00f3ximo verano, <strong>eliminando la opci\u00f3n de jugador para la temporada 2026-27 en lugar del nuevo contrato.<\/strong><\/p>\n<p class=\"ft-text ft-helper-align-justify\"><strong>Doncic podr\u00eda rescindir su contrato en 2028 y firmar uno nuevo por el 35% del l\u00edmite salarial, lo que se proyecta en cinco a\u00f1os y $417 millones<\/strong>. De esta manera, Doncic recuperar\u00eda todo el dinero perdido cuando fue traspasado por Dallas Mavericks, con quienes hab\u00eda podido firmar una extensi\u00f3n de contrato superm\u00e1ximo de cinco a\u00f1os y $315 millones este verano.<\/p>\n<p>\u00abAgradecido a los Lakers\u00bb<\/p>\n<p class=\"ft-text ft-helper-align-justify\">Los Lakers anunciaron<strong> el s\u00e1bado que hab\u00edan firmado una extensi\u00f3n con Doncic, pero no revelaron los t\u00e9rminos del acuerdo.\u00bbEstoy muy agradecido con la organizaci\u00f3n de los Lakers<\/strong>, mis compa\u00f1eros y la afici\u00f3n por recibirme a m\u00ed y a mi familia con tanto apoyo y amabilidad desde el primer d\u00eda\u00bb, declar\u00f3 Doncic en un comunicado.<\/p>\n<p class=\"ft-text ft-helper-align-justify\"><strong>\u00abEsta es una organizaci\u00f3n incre\u00edble y creo firmemente en lo que estamos construyendo juntos<\/strong>. Seguir\u00e9 trabajando con todas mis fuerzas para traer otro campeonato a Los \u00c1ngeles y enorgullecer a la Naci\u00f3n Laker\u00bb, dijo. \u201cEsto es solo el comienzo. Estoy entusiasmado por lo que viene y por seguir construyendo algo especial con este equipo\u201d.<\/p>\n<blockquote class=\"ft-mol-quote\" data-aida-quote=\"\"><p>\u00abEsta es una organizaci\u00f3n incre\u00edble y creo firmemente en lo que estamos construyendo juntos. Seguir\u00e9 trabajando con todas mis fuerzas para traer otro campeonato a Los \u00c1ngeles y enorgullecer a la Naci\u00f3n Laker\u00bb<\/p><\/blockquote>\n<p class=\"ft-text ft-helper-align-justify\"><strong>Los Lakers adquirieron a Doncic de los Mavericks a cambio de Anthony Davis hace seis meses en uno de los intercambios m\u00e1s impactantes en la historia del deporte profesional<\/strong>. Rob Pelinka, director de operaciones de los Lakers, calific\u00f3 a Doncic como \u00abuno de los jugadores m\u00e1s trascendentales del baloncesto\u00bb durante el anuncio de la extensi\u00f3n.<\/p>\n<p><img decoding=\"async\" src=\"https:\/\/www.europesays.com\/es\/wp-content\/uploads\/2025\/08\/b0ae6493-37ba-4d95-bfd0-b15f99c7900b_alta-libre-aspect-ratio_default_0.jpg\" width=\"1200\" height=\"800\" alt=\"Doncic lleg\u00f3 a media temporada a los Lakers procedente de Dallas y lo quieren liderando al equipo los pr\u00f3ximos a\u00f1os\" class=\"ft-helper-img-rd\" loading=\"lazy\" hasdataaida=\"true\"\/><\/p>\n<p class=\"ft-helper-fontColor-quaternary ft-helper-fontSize-body-S ft-helper-spacer-t-xxs\">Doncic lleg\u00f3 a media temporada a los Lakers procedente de Dallas y lo quieren liderando al equipo los pr\u00f3ximos a\u00f1os  \/ EFE<\/p>\n<p class=\"ft-text ft-helper-align-justify\"><strong>Doncic promedi\u00f3 28,2 puntos, 8,2 rebotes y 7,7 asistencias con los Mavericks y los Lakers en 50 partidos, su menor promedio en la temporada pasada<\/strong>. Lider\u00f3 a los Lakers en puntos, rebotes, asistencias, robos y triples por partido tras debutar con el equipo el 10 de febrero.<\/p>\n<p class=\"ft-text ft-helper-align-justify\"><strong>Cinco veces seleccionado al primer equipo All-NBA, Doncic tambi\u00e9n ha dejado sentir su presencia en la franquicia fuera de la cancha<\/strong>. Ha sido clave en las incorporaciones de <strong>Deandre Ayton y Marcus Smart a los Lakers durante la pretemporada, manteniendo una buena relaci\u00f3n con Ayton<\/strong>, la primera selecci\u00f3n del draft que comparten, y reclutando a Smart con m\u00faltiples llamadas mientras se encuentra en Europa por compromisos familiares y deportivos.<\/p>\n","protected":false},"excerpt":{"rendered":"Los \u00c1ngeles Lakers han dejado claro qui\u00e9n es el hombre que los ha de llevar a volver a&hellip;\n","protected":false},"author":2,"featured_media":21324,"comment_status":"","ping_status":"","sticky":false,"template":"","format":"standard","meta":{"footnotes":""},"categories":[269],"tags":[12670,12669,299,298,12667,12668,168,25,24,5679,23,167],"class_list":{"0":"post-21323","1":"post","2":"type-post","3":"status-publish","4":"format-standard","5":"has-post-thumbnail","7":"category-baloncesto","8":"tag-165-millones-de-dolares","9":"tag-a-luka-doncic","10":"tag-baloncesto","11":"tag-basketball","12":"tag-cubren","13":"tag-de-oro","14":"tag-deportes","15":"tag-es","16":"tag-espana","17":"tag-los-angeles-lakers","18":"tag-spain","19":"tag-sports"},"share_on_mastodon":{"url":"","error":""},"_links":{"self":[{"href":"https:\/\/www.europesays.com\/es\/wp-json\/wp\/v2\/posts\/21323","targetHints":{"allow":["GET"]}}],"collection":[{"href":"https:\/\/www.europesays.com\/es\/wp-json\/wp\/v2\/posts"}],"about":[{"href":"https:\/\/www.europesays.com\/es\/wp-json\/wp\/v2\/types\/post"}],"author":[{"embeddable":true,"href":"https:\/\/www.europesays.com\/es\/wp-json\/wp\/v2\/users\/2"}],"replies":[{"embeddable":true,"href":"https:\/\/www.europesays.com\/es\/wp-json\/wp\/v2\/comments?post=21323"}],"version-history":[{"count":0,"href":"https:\/\/www.europesays.com\/es\/wp-json\/wp\/v2\/posts\/21323\/revisions"}],"wp:featuredmedia":[{"embeddable":true,"href":"https:\/\/www.europesays.com\/es\/wp-json\/wp\/v2\/media\/21324"}],"wp:attachment":[{"href":"https:\/\/www.europesays.com\/es\/wp-json\/wp\/v2\/media?parent=21323"}],"wp:term":[{"taxonomy":"category","embeddable":true,"href":"https:\/\/www.europesays.com\/es\/wp-json\/wp\/v2\/categories?post=21323"},{"taxonomy":"post_tag","embeddable":true,"href":"https:\/\/www.europesays.com\/es\/wp-json\/wp\/v2\/tags?post=21323"}],"curies":[{"name":"wp","href":"https:\/\/api.w.org\/{rel}","templated":true}]}}