{"id":213231,"date":"2025-11-01T20:14:12","date_gmt":"2025-11-01T20:14:12","guid":{"rendered":"https:\/\/www.europesays.com\/es\/213231\/"},"modified":"2025-11-01T20:14:12","modified_gmt":"2025-11-01T20:14:12","slug":"ha-pasado-a-ser-nuestra-prioridad","status":"publish","type":"post","link":"https:\/\/www.europesays.com\/es\/213231\/","title":{"rendered":"Ha pasado a ser nuestra prioridad"},"content":{"rendered":"<p class=\"c-paragraph\"><b>La muerte de Michu<\/b>, expareja de Jos\u00e9 Fernando Ortega, dio lugar a la fuerte pol\u00e9mica en la que se han visto envueltas tanto la familia de la fallecida y como la de Ortega Cano. Tras conocerse <b>las \u00faltimas voluntades de Michu<\/b> y haber regresado de Honduras, <b>Gloria Camila<\/b> ha desvelado <b>c\u00f3mo est\u00e1 llevando el cuidado de su sobrina<\/b>.\u00a0<\/p>\n<p class=\"c-paragraph\"><b>\u00abNos vamos a encargar todos\u00bb<\/b>, ha comentado Gloria Camila sobre la peque\u00f1a, que no solo recibir\u00e1 el cuidado de su t\u00eda, sino tambi\u00e9n de su abuelo, su padre y del resto de la familia paterna. <b>\u00abAhora mismo me estoy encargando yo<\/b>, pero tengo la ayuda de mi prima Roc\u00edo, mis t\u00edos&#8230;\u00bb, ha a\u00f1adido.\u00a0<\/p>\n<p class=\"c-paragraph\"><b>\u00abHa pasado a ser mi prioridad y la de todos. <\/b>Nuestra intenci\u00f3n es que la ni\u00f1a est\u00e9 incre\u00edble, <b>que no le falte de nada\u00bb,<\/b> ha asegurado la televisiva en \u00a1De viernes!<\/p>\n<p class=\"c-paragraph\">Gloria Camila ha hablado de <b>su padre, que siempre ha sido su \u00abdebilidad\u00bb<\/b>. \u00abHe estado con \u00e9l desde que falleci\u00f3 mi madre. <b>Intento facilitar las cosas, entender, empatizar y, adem\u00e1s, soy muy familiar\u00bb<\/b>, ha aclarado la hija de Roc\u00edo Jurado, asegurando que su intenci\u00f3n es \u00abfacilitar el proceso\u00bb. \u00abEstamos para hacer m\u00e1s amena la vida de los que queremos y <b>esa ni\u00f1a necesita estabilidad\u00bb,<\/b> ha sentenciado. \u00a0<\/p>\n<p>Su tensa relaci\u00f3n con la familia de Michu<\/p>\n<p class=\"c-paragraph\">A ra\u00edz de la muerte de Michu, <b>su hermana Tamara y su madre Inma comenzaron a aparecer en los plat\u00f3s de televisi\u00f3n<\/b> y a cargar contra Gloria Camila y su familia. Tras varios meses desde que estall\u00f3 la pol\u00e9mica y tras su paso por Honduras, <b>la hija de Ortega Cano se ha vuelto a pronunciar<\/b> al respecto. <b>\u00abPoco puedo decir\u00bb,<\/b> ha comenzado.<\/p>\n<p class=\"c-paragraph\">En el plat\u00f3 de \u00a1De viernes! han recordado las declaraciones de Tamara tras escuchar <b>el testimonio de Gloria Camila antes de saltar del helic\u00f3ptero de Supervivientes<\/b>, donde dedic\u00f3 unas emotivas palabras a la expareja de su hermano.\u00a0<\/p>\n<p class=\"c-paragraph\">\u00abMe hace gracia que diga que le duele que hable de su hermana cuando <b>la primera que le falt\u00f3 el respeto a su hermana fue ella\u00bb, <\/b>ha respondido la entrevistada, refiri\u00e9ndose a <b>las continuas apariciones de la hermana de la fallecida en televisi\u00f3n.<\/b> \u00abYo soy una de las pocas que est\u00e1 honrando la memoria de su hermana\u00bb, ha se\u00f1alado la hija de Roc\u00edo Jurado.<\/p>\n<p class=\"c-paragraph\">Sobre su relaci\u00f3n con la familia de Michu, Gloria Camila ha comentado que <b>estaban \u00abintentando tener una relaci\u00f3n cordial<\/b>\u00ab, pero ha desvelado que ella no habla directamente con los familiares de su sobrina. <b>\u00abQuien habla es la ni\u00f1a\u00bb, <\/b>ha aclarado.\u00a0<\/p>\n<p class=\"c-paragraph\">Los colaboradores del formato de Telecinco han planteado si realmente <b>Tamara ha estado mintiendo sobre la relaci\u00f3n que manten\u00edan Gloria Camila y Michu.<\/b> \u00abEso no es verdad\u00bb, ha aclarado la hija de Ortega Cano, que ha asegurado que, aunque <b>ha habido \u00abaltibajos\u00bb en su relaci\u00f3n<\/b>, esta era buena, sobre todo durante la \u00e9poca previa a la muerte de su cu\u00f1ada. \u00a0<\/p>\n<p class=\"c-paragraph\">\u00abHa sido faltar un segundo Mar\u00eda y <b>han aprovechado para salir en al tele\u00bb<\/b>, ha expresado la invitada de \u00a1De viernes! \u00abLo que estoy haciendo es de coraz\u00f3n y <b>no es postrero, porque no me hace falta\u00bb,<\/b> ha aclarado Gloria Camila.<\/p>\n<p class=\"c-paragraph\">De toda esta situaci\u00f3n, lo que m\u00e1s le duele a Gloria Camila es lo mucho que <b>su hermano se ha visto perjudicado<\/b>. \u00abEsa familia ha hablado mal de mi hermano y yo protejo a mi hermano. <b>\u00c9l es el \u00fanico que no ha hablado nunca mal de nadie\u00bb, <\/b>ha a\u00f1adido.\u00a0<\/p>\n<p class=\"c-paragraph\">La hija de Ortega Cano ha comentado <b>su estupefacci\u00f3n al ver a Tamara por primera vez en un plat\u00f3 de televisi\u00f3n<\/b>, poco despu\u00e9s de perder a su hermana. \u00abEl d\u00eda que sali\u00f3 a hablar me sorprendi\u00f3 porque <b>previamente hab\u00edamos estado con ellos y hab\u00eda buen rollo\u00bb,<\/b> ha recordado extra\u00f1ada.\u00a0<\/p>\n","protected":false},"excerpt":{"rendered":"La muerte de Michu, expareja de Jos\u00e9 Fernando Ortega, dio lugar a la fuerte pol\u00e9mica en la que&hellip;\n","protected":false},"author":2,"featured_media":213232,"comment_status":"","ping_status":"","sticky":false,"template":"","format":"standard","meta":{"footnotes":""},"categories":[91],"tags":[40307,8128,146,147,25,24,3086,23,3271,57479],"class_list":{"0":"post-213231","1":"post","2":"type-post","3":"status-publish","4":"format-standard","5":"has-post-thumbnail","7":"category-entretenimiento","8":"tag-camila","9":"tag-cuidado","10":"tag-entertainment","11":"tag-entretenimiento","12":"tag-es","13":"tag-espana","14":"tag-gloria","15":"tag-spain","16":"tag-su","17":"tag-volcada"},"share_on_mastodon":{"url":"https:\/\/pubeurope.com\/@es\/115476277689344150","error":""},"_links":{"self":[{"href":"https:\/\/www.europesays.com\/es\/wp-json\/wp\/v2\/posts\/213231","targetHints":{"allow":["GET"]}}],"collection":[{"href":"https:\/\/www.europesays.com\/es\/wp-json\/wp\/v2\/posts"}],"about":[{"href":"https:\/\/www.europesays.com\/es\/wp-json\/wp\/v2\/types\/post"}],"author":[{"embeddable":true,"href":"https:\/\/www.europesays.com\/es\/wp-json\/wp\/v2\/users\/2"}],"replies":[{"embeddable":true,"href":"https:\/\/www.europesays.com\/es\/wp-json\/wp\/v2\/comments?post=213231"}],"version-history":[{"count":0,"href":"https:\/\/www.europesays.com\/es\/wp-json\/wp\/v2\/posts\/213231\/revisions"}],"wp:featuredmedia":[{"embeddable":true,"href":"https:\/\/www.europesays.com\/es\/wp-json\/wp\/v2\/media\/213232"}],"wp:attachment":[{"href":"https:\/\/www.europesays.com\/es\/wp-json\/wp\/v2\/media?parent=213231"}],"wp:term":[{"taxonomy":"category","embeddable":true,"href":"https:\/\/www.europesays.com\/es\/wp-json\/wp\/v2\/categories?post=213231"},{"taxonomy":"post_tag","embeddable":true,"href":"https:\/\/www.europesays.com\/es\/wp-json\/wp\/v2\/tags?post=213231"}],"curies":[{"name":"wp","href":"https:\/\/api.w.org\/{rel}","templated":true}]}}