{"id":213235,"date":"2025-11-01T20:17:10","date_gmt":"2025-11-01T20:17:10","guid":{"rendered":"https:\/\/www.europesays.com\/es\/213235\/"},"modified":"2025-11-01T20:17:10","modified_gmt":"2025-11-01T20:17:10","slug":"miles-de-personas-vuelven-a-las-calles-de-serbia-en-el-primer-aniversario-de-la-tragedia-de-novi-sad","status":"publish","type":"post","link":"https:\/\/www.europesays.com\/es\/213235\/","title":{"rendered":"Miles de personas vuelven a las calles de Serbia en el primer aniversario de la tragedia de Novi Sad"},"content":{"rendered":"<p style=\"\">La poblaci\u00f3n serbia ha vuelto a las calles este fin de semana, coincidiendo con el <strong>primer aniversario de la tragedia de Novi Sad, suceso que se sald\u00f3 con la vida de 16 personas por el derrumbamiento de una marquesi<\/strong>na en la estaci\u00f3n de tren  &#8230; y que desencaden\u00f3 las mayores protestas en el pa\u00eds balc\u00e1nico de los \u00faltimos a\u00f1os, que han estado lideradas por estudiantes.<\/p>\n<p class=\"voc-p\" style=\"\">Miles de personas iniciaron este jueves desde Belgrado una marcha de dos d\u00edas (90 kil\u00f3metros) hacia la ciudad septentrional de Novi Sad, donde los &#8216;Estudiantes en Bloqueo&#8217; convocaron una concentraci\u00f3n pac\u00edfica para este s\u00e1bado. Sin embargo, los asistentes est\u00e1n llegando tambi\u00e9n desde otras ciudades del pa\u00eds: desde Nis, en el sur y a 340 kil\u00f3metros, acude tambi\u00e9n un grupo que viaja en bicicleta.<\/p>\n<p class=\"voc-p\" style=\"\">Hasta ahora, el camino a Novi Sad ha transcurrido sin incidentes, a diferencia de ocasiones anteriores. Mientras tanto, las autoridades han organizado varios homenajes y actos conmemorativos a las v\u00edctimas, seg\u00fan la cadena de televisi\u00f3n estatal RTS, que no ha precisado en qu\u00e9 consisten estos eventos.<\/p>\n<p>\nUn a\u00f1o del colapso de la marquesina\n<\/p>\n<p class=\"voc-p\" style=\"\"><strong>El 1 de noviembre de 2024 a las 11.52 horas se derrumb\u00f3<\/strong> la marquesina de la estaci\u00f3n y caus\u00f3 en el momento la muerte de 14 personas, mientras que otras dos que hab\u00edan resultado heridas sucumbieron semanas despu\u00e9s en el hospital. El edificio de la estaci\u00f3n se hab\u00eda construido en 1964 pero hab\u00eda sido renovado entre 2021 y 2024 por parte de una contratista china.<\/p>\n<p class=\"voc-p\" style=\"\"><strong>El Gobierno de Serbia declar\u00f3 el 2 de noviembre como d\u00eda de luto<\/strong>, mientras que las autoridades de Novi Sad decretaron tres d\u00edas de duelo. Tras ello, comenzaron varias protestas ciudadanas espont\u00e1neas que denunciaban la corrupci\u00f3n en las instituciones, pero que se extendieron por el pa\u00eds a pesar de la represi\u00f3n de las autoridades, que acusan a los manifestantes de recibir financiaci\u00f3n extranjera. <strong>No obstante, llegaron a provocar la ca\u00edda del gobierno de Milos Vicevic a finales de enero de 2025.<\/strong><\/p>\n<p class=\"voc-p\" style=\"\">Tras la renuncia del primer ministro, los manifestantes no cesaron sus protestas y lograron su <strong>marcha antigubernamental m\u00e1s masiva en la historia del pa\u00eds el 15 de marzo en la capital,<\/strong> Belgrado, con m\u00e1s de 300.000 asistentes. Sin embargo, hubo denuncias de que las autoridades hab\u00edan utilizado ca\u00f1ones de sonido para disolverlas, pero el presidente, Aleksandar Vucic, asegur\u00f3 que si se demostraba presentar\u00eda su dimisi\u00f3n.<\/p>\n<p class=\"voc-p\" style=\"\">Justo un mes despu\u00e9s, las marchas vivieron una nueva fase, al llegar m\u00e1s all\u00e1 de las fronteras serbias, cuando un grupo de estudiantes cruz\u00f3 el continente y lleg\u00f3 hasta la ciudad francesa de Estrasburgo. Posteriormente, acudieron a Bruselas, todo ello con la intenci\u00f3n de llegar a las instituciones europeas y enviar el mensaje de que la crisis democr\u00e1tica requiere el compromiso europeo.<\/p>\n<p>\nDudas sobre el proceso judicial y demandas de los organizadores\n<\/p>\n<p class=\"voc-p\" style=\"\">Algunos ciudadanos serbios se re\u00fanen regularmente en distintos puntos de Serbia, siempre a la misma hora, a las 11.52 horas, momento en el que ocurri\u00f3 el suceso. El s\u00edmbolo de las protestas es una mano roja, en ocasiones acompa\u00f1ada de pintura que representa sangre:<strong> \u00abTus manos est\u00e1n manchadas de sangre\u00bb, denuncian, dirigi\u00e9ndose a las autoridades.<\/strong><\/p>\n<p class=\"voc-p\" style=\"\">Por su parte, la Fiscal\u00eda imput\u00f3 a trece personas, incluido el exministro de Construcci\u00f3n, Infraestructura y Transporte Goran Vesic y a antiguos responsables de la empresa ferroviaria estatal, por su posible responsabilidad en el derrumbe. Fueron acusados de delitos graves contra la seguridad p\u00fablica pero no se ha fijado fecha para el juicio y se han generado dudas sobre el proceso judicial.<\/p>\n<p class=\"voc-p\" style=\"\">Los &#8216;Estudiantes en Bloqueo&#8217;, organizadores de las protestas, han seguido insistiendo hasta ahora en sus demandas: la publicaci\u00f3n de la documentaci\u00f3n completa relativa a la reconstrucci\u00f3n de la estaci\u00f3n de tren de Novi Sad; la desestimaci\u00f3n de los cargos contra los estudiantes detenidos durante las protestas tras el derrumbe; y la presentaci\u00f3n de cargos penales contra quienes \u00abagredieron\u00bb a estudiantes.<\/p>\n<p class=\"voc-p\" style=\"\">En un primer momento, tambi\u00e9n incluyeron entre sus demandas un aumento del 20% del presupuesto estatal para educaci\u00f3n superior, y posteriormente han exigido una \u00abinvestigaci\u00f3n exhaustiva por parte de las autoridades competentes\u00bb para determinar \u00abtodas las circunstancias y responsabilidades relacionadas con los hechos que provocaron temor y p\u00e1nico el 15 de marzo\u00bb.<\/p>\n<p>\nVucic se\u00f1ala que debemos conmemorar el aniversario con dignidad y paz\n<\/p>\n<p class=\"voc-p\" style=\"\">El presidente serbio declar\u00f3 en un discurso a la naci\u00f3n realizado en la v\u00edspera que su \u00abverdadero deseo\u00bb es que la jornada \u00abtranscurra en paz y respecto\u00bb, mientras que ha pedido \u00abdisculpas\u00bb por sus \u00aberrores\u00bb y ha hecho un llamamiento al di\u00e1logo. \u00abUn a\u00f1o despu\u00e9s de aquel terrible d\u00eda, puedo decir que muchos en nuestra sociedad cometimos errores graves. Incluy\u00e9ndome a m\u00ed\u00bb, reconoci\u00f3.<\/p>\n<p class=\"voc-p\" style=\"\">\u00abHace un a\u00f1o, nuestro pa\u00eds sufri\u00f3 una gran tragedia (&#8230;) Nuestro pa\u00eds desde entonces se ha visto profundamente afectado. Diecis\u00e9is almas inocentes que no hab\u00edan hecho nada malo, que, sin sospechar lo que ocurrir\u00eda aquel viernes, viv\u00edan sus vidas lo mejor que pod\u00edan, se encontraron bajo el techo de la estaci\u00f3n\u00bb, manifest\u00f3.<\/p>\n<p class=\"voc-p\" style=\"\">En este sentido, Vucic ha dicho que comprende \u00abla indignaci\u00f3n, especialmente la de las familias\u00bb de las v\u00edctimas, y ha dicho que espera \u00absinceramente\u00bb que \u00abencuentren respuesta a sus preguntas, de manera que se haga justicia a las familias y a toda la poblaci\u00f3n serbia\u00bb.<strong> \u00abLo importante no es solo averiguar qu\u00e9 sucedi\u00f3 exactamente y por qu\u00e9, sino tambi\u00e9n c\u00f3mo evitar que se repitan atrocidades similares\u00bb, sostuvo.<\/strong><\/p>\n<p class=\"voc-p\" style=\"\">El jefe de Estado dijo que ir\u00eda a la Iglesia a rezar y encender una vela por cada una de las v\u00edctimas. \u00abS\u00e9 y comprendo que, en momentos de duelo, algunas personas buscan consuelo en reuniones, en las calles, plazas y otros lugares. Cada quien lo recuerda y cada quien expresa su duelo como mejor le parece. Siempre que se haga de manera pac\u00edfica y legal, con respeto y consideraci\u00f3n hacia los dem\u00e1s, lo apoyo plenamente\u00bb, expres\u00f3.<\/p>\n","protected":false},"excerpt":{"rendered":"La poblaci\u00f3n serbia ha vuelto a las calles este fin de semana, coincidiendo con el primer aniversario de&hellip;\n","protected":false},"author":2,"featured_media":213236,"comment_status":"","ping_status":"","sticky":false,"template":"","format":"standard","meta":{"footnotes":""},"categories":[42],"tags":[9807,17,18,1346,13,14,11,61,62,63,64,19,20,9,10,15,16,57481,977,37096,57480,12,13077,21,22,2292,65,66,67],"class_list":{"0":"post-213235","1":"post","2":"type-post","3":"status-publish","4":"format-standard","5":"has-post-thumbnail","7":"category-internacional","8":"tag-aniversario","9":"tag-breaking-news","10":"tag-breakingnews","11":"tag-calles","12":"tag-featured-news","13":"tag-featurednews","14":"tag-headlines","15":"tag-internacional","16":"tag-international","17":"tag-international-news","18":"tag-internationalnews","19":"tag-latest-news","20":"tag-latestnews","21":"tag-news","22":"tag-noticias","23":"tag-noticias-destacadas","24":"tag-noticiasdestacadas","25":"tag-novi","26":"tag-primer","27":"tag-sad","28":"tag-serbios","29":"tag-titulares","30":"tag-tragedia","31":"tag-ultimas-noticias","32":"tag-ultimasnoticias","33":"tag-vuelven","34":"tag-world","35":"tag-world-news","36":"tag-worldnews"},"share_on_mastodon":{"url":"https:\/\/pubeurope.com\/@es\/115476289551411139","error":""},"_links":{"self":[{"href":"https:\/\/www.europesays.com\/es\/wp-json\/wp\/v2\/posts\/213235","targetHints":{"allow":["GET"]}}],"collection":[{"href":"https:\/\/www.europesays.com\/es\/wp-json\/wp\/v2\/posts"}],"about":[{"href":"https:\/\/www.europesays.com\/es\/wp-json\/wp\/v2\/types\/post"}],"author":[{"embeddable":true,"href":"https:\/\/www.europesays.com\/es\/wp-json\/wp\/v2\/users\/2"}],"replies":[{"embeddable":true,"href":"https:\/\/www.europesays.com\/es\/wp-json\/wp\/v2\/comments?post=213235"}],"version-history":[{"count":0,"href":"https:\/\/www.europesays.com\/es\/wp-json\/wp\/v2\/posts\/213235\/revisions"}],"wp:featuredmedia":[{"embeddable":true,"href":"https:\/\/www.europesays.com\/es\/wp-json\/wp\/v2\/media\/213236"}],"wp:attachment":[{"href":"https:\/\/www.europesays.com\/es\/wp-json\/wp\/v2\/media?parent=213235"}],"wp:term":[{"taxonomy":"category","embeddable":true,"href":"https:\/\/www.europesays.com\/es\/wp-json\/wp\/v2\/categories?post=213235"},{"taxonomy":"post_tag","embeddable":true,"href":"https:\/\/www.europesays.com\/es\/wp-json\/wp\/v2\/tags?post=213235"}],"curies":[{"name":"wp","href":"https:\/\/api.w.org\/{rel}","templated":true}]}}