{"id":213251,"date":"2025-11-01T20:30:09","date_gmt":"2025-11-01T20:30:09","guid":{"rendered":"https:\/\/www.europesays.com\/es\/213251\/"},"modified":"2025-11-01T20:30:09","modified_gmt":"2025-11-01T20:30:09","slug":"edificios-cebra-la-epidemia-arquitectonica-que-esta-transformando-las-ciudades-espanolas","status":"publish","type":"post","link":"https:\/\/www.europesays.com\/es\/213251\/","title":{"rendered":"Edificios Cebra: La epidemia arquitect\u00f3nica que est\u00e1 transformando las ciudades espa\u00f1olas"},"content":{"rendered":"<p>Desde Vigo hasta Almer\u00eda, pasando por Zaragoza, Valencia o Pamplona, el paisaje urbano espa\u00f1ol comparte cada vez m\u00e1s un mismo patr\u00f3n: <strong>edificios de franjas blancas y negras<\/strong>, balcones uniformes y fachadas ventiladas que se replican sin distinci\u00f3n de clima, contexto o ciudad. Teniendo en cuenta el <a href=\"https:\/\/es.euronews.com\/my-europe\/2025\/08\/06\/la-crisis-de-la-vivienda-en-espana-se-agrava-y-crece-el-enfado-de-los-residentes\" rel=\"nofollow noopener\" target=\"_blank\">grave problema de vivienda que vive Espa\u00f1a<\/a>, este tipo de construcciones est\u00e1 creciendo como la espuma.<\/p>\n<p>Son los llamados <strong>bloques cebra<\/strong>, un fen\u00f3meno que ha pasado de la invisibilidad a convertirse en tendencia viral gracias a la cuenta de Instagram @bloque_cebra, creada por un colectivo de j\u00f3venes arquitectos que ha documentado <strong>m\u00e1s de mil ejemplares por toda Espa\u00f1a<\/strong>.<\/p>\n<p>\u00abSurge de un hartazgo, de que la cebra se extiende y se impone y se normaliza\u00bb, explican los creadores de la cuenta, que prefieren mantener el anonimato para que la cr\u00edtica no se personalice. Con dos millones de visitas al mes, su proyecto ha conseguido algo in\u00e9dito: sacar el debate sobre <strong>calidad arquitect\u00f3nica<\/strong> del c\u00edrculo profesional y llevarlo a la opini\u00f3n p\u00fablica. Han bautizado incluso un \u00abcebr\u00f3metro\u00bb para medir el grado de cebrismo de cada construcci\u00f3n.<\/p>\n<p>El t\u00e9rmino no define un estilo arquitect\u00f3nico propiamente dicho, sino una tendencia constructiva estandarizada donde las decisiones responden m\u00e1s a criterios de eficiencia econ\u00f3mica que a reflexi\u00f3n creativa. La f\u00f3rmula es simple: <strong>franjas oscuras que concentran ventanas y carpinter\u00edas de color antracita<\/strong>, alternadas con <strong>franjas claras de fachada ventilada<\/strong>. El resultado: edificios cl\u00f3nicos que podr\u00edan estar en cualquier lugar, desde el Pirineo hasta Canarias.<\/p>\n<p><strong>Fast food inmobiliario: cuando el Excel reemplaza al arquitecto<\/strong><\/p>\n<p>Para los cr\u00edticos, los bloques cebra representan la culminaci\u00f3n de un modelo donde la arquitectura queda relegada a mero tr\u00e1mite burocr\u00e1tico. \u00abEs como el <a href=\"https:\/\/es.euronews.com\/video\/2025\/03\/27\/asi-son-los-bunkeres-de-lujo-que-se-estan-construyendo-en-espana-ante-la-amenaza-de-una-gu\" rel=\"nofollow noopener\" target=\"_blank\">fast food inmobiliario<\/a>\u00ab, resume el colectivo @bloque_cebra. \u00abPromotores que construyen con un sistema que est\u00e1 en una tabla de Excel donde todo se reduce a eficiencia y aparta la labor del arquitecto\u00bb.<\/p>\n<p>El arquitecto bilba\u00edno I\u00f1igo Berasategui, del despacho BeAr, escribi\u00f3 un art\u00edculo demoledor sobre el fen\u00f3meno en la revista &#8216;Patio&#8217;, donde habla de \u00abuna plaga\u00bb, de \u00ab<strong>cacofon\u00eda de claroscuros<\/strong>\u00bb y de \u00abun mundo que no recoge los nobles valores de la comunidad\u00bb. Berasategui critica que estos edificios se construyen \u00abde espaldas a la calle, con nula visi\u00f3n de barrio\u00bb, con interiores donde \u00absuelos imitan madera, encimeras imitan m\u00e1rmol y puertas de pl\u00e1stico imitan pino\u00bb.<\/p>\n<p>La operaci\u00f3n Garellano en Bilbao se ha convertido en el ejemplo paradigm\u00e1tico. El dise\u00f1o original del prestigioso estudio londinense de Richard Rogers fue simplificado hasta la banalizaci\u00f3n por las \u00abadaptaciones\u00bb del ayuntamiento. El resultado: un skyline transformado por <strong>torres cebra<\/strong> que los arquitectos locales califican de \u00abtraum\u00e1tico y dist\u00f3pico\u00bb.<\/p>\n<p>Pero el fen\u00f3meno no se limita a un estrato social concreto. <strong>Los bloques cebra existen en todas las gamas<\/strong>, desde viviendas de protecci\u00f3n oficial hasta apartamentos de dos millones de euros. \u00abHay cebras de alquiler social y cebras de lujo\u00bb, confirman desde @bloque_cebra, evidenciando que el problema no es el precio sino el modelo.<\/p>\n<p>Las cr\u00edticas apuntan en m\u00faltiples direcciones: <strong>promotoras que buscan m\u00e1xima rentabilidad replicando al por mayor<\/strong>; <strong>ayuntamientos<\/strong> que priorizan <strong>agilizar procesos<\/strong>; y una profesi\u00f3n precarizada donde muchos arquitectos se ven obligados a elegir entre hacer cebras o no trabajar. Jorge L\u00f3pez Conde, arquitecto y experto de la Nueva Bauhaus Europea, alerta: \u00ab<strong>Es un fen\u00f3meno espa\u00f1ol y \u00fanico<\/strong>, con un gran impacto sobre el entorno construido. Son edificios que no est\u00e1n adaptados ni vinculados al clima ni construidos con materiales del entorno\u00bb.<\/p>\n<p><strong>El espejismo aspiracional y sus consecuencias urbanas<\/strong><\/p>\n<p>La paradoja de los bloques cebra es que <strong>se venden como modernos y vanguardistas<\/strong> cuando en realidad representan lo contrario: la ausencia de decisi\u00f3n arquitect\u00f3nica. \u00abLa cebra representa la no-elecci\u00f3n\u00bb, explican desde @bloque_cebra. \u00abEs el resultado de lo que denominamos pasotismo urbano\u00bb.<\/p>\n<p>Para compensar la pobreza del dise\u00f1o exterior y la falta de integraci\u00f3n con el entorno, los promotores recurren al \u00abpack cebra\u00bb: <strong>piscinas infinitas<\/strong>, <strong>gimnasios privados<\/strong>, zonas comunes con <strong>c\u00e9sped artificial<\/strong>, walking closets, <strong>ba\u00f1os en suite<\/strong> y <strong>halls de tres metros cuadrados<\/strong>. \u00abSon assets dise\u00f1ados para hacer el producto m\u00e1s atractivo para el comprador, sin atender necesariamente al bienestar de sus habitantes\u00bb, critican los arquitectos.<\/p>\n<p>El problema se agrava en las plantas bajas. A diferencia de la arquitectura tradicional espa\u00f1ola, que genera vida urbana con comercios y servicios en los bajos, los bloques cebra tienden a cerrar completamente esos espacios o dejarlos vac\u00edos. \u00ab<strong>Hay centenares de edificios con plantas de calle comerciales cerradas<\/strong>\u00ab, reconoce Xavier Vilajoana, presidente de APCE, la patronal de promotores. El resultado son barrios dormitorio, sin actividad en las calles, donde la vida se hiperprivatiza dentro de las urbanizaciones.<\/p>\n<p>Esta tendencia contrasta radicalmente con los pol\u00edgonos de VPO de los a\u00f1os sesenta y setenta, con los que algunos han querido compararlos. \u00abAquellos bloques estaban vinculados al lugar, eran reconocibles, cuidaban el espacio p\u00fablico, dialogaban con los equipamientos\u00bb, recuerdan desde @bloque_cebra. \u00abLos hac\u00edan arquitectos, aqu\u00ed no hay nadie pilotando la m\u00e1quina\u00bb.<\/p>\n<p>Desde el sector <strong>promotor<\/strong>, la defensa es pragm\u00e1tica. \u00ab<strong>Es un producto que funciona y tiene clientes<\/strong>\u00ab, argumenta Vilajoana, quien rechaza el calificativo de \u00abedificios cebra\u00bb y subraya que al tener un porcentaje de piezas prefabricadas, \u00abla necesidad de mano de obra es menor, y esta es la principal raz\u00f3n de su construcci\u00f3n en un sector donde falta mucha mano de obra cualificada\u00bb. <\/p>\n<p>Desde Neinor, la mayor <strong>promotora de Espa\u00f1a<\/strong>, insisten en que sus dise\u00f1os los realizan \u00ablos mejores estudios de arquitectura a nivel nacional\u00bb y que <strong>responden a las exigencias del C\u00f3digo T\u00e9cnico de la Edificaci\u00f3n de 2006<\/strong>, que impuso mayores requisitos de aislamiento.<\/p>\n<p>Pero <strong>para muchos arquitectos, esto no justifica la homogeneizaci\u00f3n<\/strong>. \u00abEn una \u00e9poca en que hablamos de adaptar edificios al entorno, se hacen edificios exactamente iguales, muy buenos tienen que ser si sirven igual para Bilbao que para M\u00e1laga y en cualquier orientaci\u00f3n\u00bb, ironiza Berasategui.<\/p>\n<p>La pregunta que queda en el aire es contundente: \u00bf<strong>qu\u00e9 ciudad queremos construir<\/strong>? Porque, como advierte el colectivo @bloque_cebra, \u00abla construcci\u00f3n produce un efecto no limitado a sus usuarios inmediatos, sino extendido a su entorno, a sus vecinos y a generaciones futuras\u00bb. El debate sobre <strong>si los bloques cebra ser\u00e1n recordados como el sello arquitect\u00f3nico de nuestra \u00e9poca o como un error urban\u00edstico<\/strong> est\u00e1 servido. De momento, siguen multiplic\u00e1ndose por toda Espa\u00f1a, convirtiendo nuestras periferias en una selva rayada donde la eficiencia econ\u00f3mica ha vencido al criterio arquitect\u00f3nico.<\/p>\n","protected":false},"excerpt":{"rendered":"Desde Vigo hasta Almer\u00eda, pasando por Zaragoza, Valencia o Pamplona, el paisaje urbano espa\u00f1ol comparte cada vez m\u00e1s&hellip;\n","protected":false},"author":2,"featured_media":213252,"comment_status":"","ping_status":"","sticky":false,"template":"","format":"standard","meta":{"footnotes":""},"categories":[173],"tags":[801,229,233,231,230,5297,232,234,146,147,25,24,3634,23,3633],"class_list":{"0":"post-213251","1":"post","2":"type-post","3":"status-publish","4":"format-standard","5":"has-post-thumbnail","7":"category-arte-y-diseno","8":"tag-arquitectura","9":"tag-arte","10":"tag-arte-y-diseno","11":"tag-arts","12":"tag-arts-and-design","13":"tag-construccion","14":"tag-design","15":"tag-diseno","16":"tag-entertainment","17":"tag-entretenimiento","18":"tag-es","19":"tag-espana","20":"tag-mercado-inmobiliario","21":"tag-spain","22":"tag-vivienda"},"share_on_mastodon":{"url":"https:\/\/pubeurope.com\/@es\/115476340577148908","error":""},"_links":{"self":[{"href":"https:\/\/www.europesays.com\/es\/wp-json\/wp\/v2\/posts\/213251","targetHints":{"allow":["GET"]}}],"collection":[{"href":"https:\/\/www.europesays.com\/es\/wp-json\/wp\/v2\/posts"}],"about":[{"href":"https:\/\/www.europesays.com\/es\/wp-json\/wp\/v2\/types\/post"}],"author":[{"embeddable":true,"href":"https:\/\/www.europesays.com\/es\/wp-json\/wp\/v2\/users\/2"}],"replies":[{"embeddable":true,"href":"https:\/\/www.europesays.com\/es\/wp-json\/wp\/v2\/comments?post=213251"}],"version-history":[{"count":0,"href":"https:\/\/www.europesays.com\/es\/wp-json\/wp\/v2\/posts\/213251\/revisions"}],"wp:featuredmedia":[{"embeddable":true,"href":"https:\/\/www.europesays.com\/es\/wp-json\/wp\/v2\/media\/213252"}],"wp:attachment":[{"href":"https:\/\/www.europesays.com\/es\/wp-json\/wp\/v2\/media?parent=213251"}],"wp:term":[{"taxonomy":"category","embeddable":true,"href":"https:\/\/www.europesays.com\/es\/wp-json\/wp\/v2\/categories?post=213251"},{"taxonomy":"post_tag","embeddable":true,"href":"https:\/\/www.europesays.com\/es\/wp-json\/wp\/v2\/tags?post=213251"}],"curies":[{"name":"wp","href":"https:\/\/api.w.org\/{rel}","templated":true}]}}