{"id":213253,"date":"2025-11-01T20:32:13","date_gmt":"2025-11-01T20:32:13","guid":{"rendered":"https:\/\/www.europesays.com\/es\/213253\/"},"modified":"2025-11-01T20:32:13","modified_gmt":"2025-11-01T20:32:13","slug":"la-mejor-pagada-de-la-historia-del-reality","status":"publish","type":"post","link":"https:\/\/www.europesays.com\/es\/213253\/","title":{"rendered":"la mejor pagada de la historia del reality"},"content":{"rendered":"<p><img loading=\"lazy\" decoding=\"async\" src=\"https:\/\/www.europesays.com\/es\/wp-content\/uploads\/2025\/10\/1760450890_434_100x100_informalia-logo.jpg\" itemtype=\"\/\/schema.org\/ImageObject\" itemprop=\"url\" alt=\"Informalia\" width=\"64\" height=\"64\" pinger-seen=\"true\"\/><\/p>\n<p>Han pasado ya seis a\u00f1os desde que Isabel Pantoja pis\u00f3 por primera vez los Cayos Cochinos para participar en Supervivientes. <b>La tonadillera aguant\u00f3 casi dos meses en el concurso<\/b>, del que tuvo que retirarse por motivos de salud. Eso s\u00ed, durante su estancia en Honduras se embols\u00f3 una aut\u00e9ntica fortuna, seg\u00fan desvelaron este viernes en el programa No somos nadie.<\/p>\n<p>Tal y como apunt\u00f3 Carlota Corredera, el director del ya extinto S\u00e1lvame, David Valldeperas, le confes\u00f3 que <b>la madre de Kiko Rivera e Isa Pantoja fue la concursante mejor pagada<\/b> de la historia del reality. En esa lista tambi\u00e9n estuvieron Mila Xim\u00e9nez o Kiko Matamoros.<\/p>\n<p>                            <img decoding=\"async\" src=\"https:\/\/www.europesays.com\/es\/wp-content\/uploads\/2025\/11\/770x_articulos-434466.jpg\" loading=\"lazy\"\/><\/p>\n<p>                            Isabel Pantoja particip\u00f3 en &#8216;Supervivientes&#8217; en 2019<\/p>\n<p>Lleg\u00f3 a embolsarse hasta los 80.000 euros semanales, con un contrato que, adem\u00e1s,<b> inclu\u00eda cl\u00e1usulas adicionales que garantizaban la participaci\u00f3n de la cantante de Marinero de luces en otros formatos<\/b> de Telecinco, entre ellos los debates del programa, aprovechando el tir\u00f3n medi\u00e1tico de la tonadillera en su paso por Mediaset.<\/p>\n<p>WhatsApp<a href=\"https:\/\/api.whatsapp.com\/send?text=https:\/\/www.eleconomista.es\/informalia\/television\/noticias\/13622946\/11\/25\/el-pastizal-que-cobro-isabel-pantoja-por-participar-en-supervivientes-la-mejor-pagada-de-la-historia-del-reality.html?utm_source%3Dwhatsapp%26utm_medium%3Dshare_button&amp;id=1648118629957_whatsapp\" target=\"_blank\" data-action=\"share\/whatsapp\/share\" aria-label=\"Compartir en Whatsapp\" rel=\"nofollow noopener\"><\/a>Facebook<a id=\"fb-share\" href=\"#\" target=\"_blank\" rel=\"noopener noreferrer\" aria-label=\"Compartir en Facebook\"><\/a>Twitter<a href=\"https:\/\/twitter.com\/share?text=El+pastizal+que+cobr%C3%B3+Isabel+Pantoja+por+participar+en+%27Supervivientes%27%3A+la+mejor+pagada+de+la+historia+del+reality&amp;url=https:\/\/www.eleconomista.es\/informalia\/television\/noticias\/13622946\/11\/25\/el-pastizal-que-cobro-isabel-pantoja-por-participar-en-supervivientes-la-mejor-pagada-de-la-historia-del-reality.html&amp;via=Informalia&amp;id=1648118839245_twitter\" target=\"_blank\" aria-label=\"Compartir en Twitter\" rel=\"nofollow noopener\"><\/a>Linkedin<a onclick=\"return abrirLinkedin();\" href=\"https:\/\/www.linkedin.com\/shareArticle?text=El+pastizal+que+cobr%C3%B3+Isabel+Pantoja+por+participar+en+%27Supervivientes%27%3A+la+mejor+pagada+de+la+historia+del+reality&amp;url=https:\/\/www.eleconomista.es\/informalia\/television\/noticias\/13622946\/11\/25\/el-pastizal-que-cobro-isabel-pantoja-por-participar-en-supervivientes-la-mejor-pagada-de-la-historia-del-reality.html&amp;mini=true\" target=\"_blank\" aria-label=\"Compartir en linkedin\" rel=\"nofollow noopener\"><\/a>Beloud<a href=\"https:\/\/beloud.com\/share?text=El+pastizal+que+cobr%C3%B3+Isabel+Pantoja+por+participar+en+%27Supervivientes%27%3A+la+mejor+pagada+de+la+historia+del+reality&amp;url=https:\/\/www.eleconomista.es\/informalia\/television\/noticias\/13622946\/11\/25\/el-pastizal-que-cobro-isabel-pantoja-por-participar-en-supervivientes-la-mejor-pagada-de-la-historia-del-reality.html&amp;via=Informalia&amp;id=1648118839245_beloud\" target=\"_blank\" aria-label=\"Compartir en beloud\" rel=\"nofollow noopener\"><\/a>Bluesky<a href=\"https:\/\/bsky.app\/intent\/compose?text=https:\/\/bsky.app\/intent\/compose?text=https:\/\/www.eleconomista.es\/informalia\/television\/noticias\/13622946\/11\/25\/el-pastizal-que-cobro-isabel-pantoja-por-participar-en-supervivientes-la-mejor-pagada-de-la-historia-del-reality.html&amp;url=https:\/\/www.eleconomista.es\/informalia\/television\/noticias\/13622946\/11\/25\/el-pastizal-que-cobro-isabel-pantoja-por-participar-en-supervivientes-la-mejor-pagada-de-la-historia-del-reality.html&amp;via=elEconomistaes&amp;id=1648118839245_bluesky\" target=\"_blank\" aria-label=\"Compartir en bluesky\" rel=\"nofollow noopener\"><\/a><\/p>\n<p><script async src=\"https:\/\/platform.twitter.com\/widgets.js\" charset=\"utf-8\"><\/script><\/p>\n","protected":false},"excerpt":{"rendered":"Han pasado ya seis a\u00f1os desde que Isabel Pantoja pis\u00f3 por primera vez los Cayos Cochinos para participar&hellip;\n","protected":false},"author":2,"featured_media":213254,"comment_status":"","ping_status":"","sticky":false,"template":"","format":"standard","meta":{"footnotes":""},"categories":[171],"tags":[146,147,25,24,23,807,214],"class_list":{"0":"post-213253","1":"post","2":"type-post","3":"status-publish","4":"format-standard","5":"has-post-thumbnail","7":"category-tv","8":"tag-entertainment","9":"tag-entretenimiento","10":"tag-es","11":"tag-espana","12":"tag-spain","13":"tag-television","14":"tag-tv"},"share_on_mastodon":{"url":"https:\/\/pubeurope.com\/@es\/115476348881893826","error":""},"_links":{"self":[{"href":"https:\/\/www.europesays.com\/es\/wp-json\/wp\/v2\/posts\/213253","targetHints":{"allow":["GET"]}}],"collection":[{"href":"https:\/\/www.europesays.com\/es\/wp-json\/wp\/v2\/posts"}],"about":[{"href":"https:\/\/www.europesays.com\/es\/wp-json\/wp\/v2\/types\/post"}],"author":[{"embeddable":true,"href":"https:\/\/www.europesays.com\/es\/wp-json\/wp\/v2\/users\/2"}],"replies":[{"embeddable":true,"href":"https:\/\/www.europesays.com\/es\/wp-json\/wp\/v2\/comments?post=213253"}],"version-history":[{"count":0,"href":"https:\/\/www.europesays.com\/es\/wp-json\/wp\/v2\/posts\/213253\/revisions"}],"wp:featuredmedia":[{"embeddable":true,"href":"https:\/\/www.europesays.com\/es\/wp-json\/wp\/v2\/media\/213254"}],"wp:attachment":[{"href":"https:\/\/www.europesays.com\/es\/wp-json\/wp\/v2\/media?parent=213253"}],"wp:term":[{"taxonomy":"category","embeddable":true,"href":"https:\/\/www.europesays.com\/es\/wp-json\/wp\/v2\/categories?post=213253"},{"taxonomy":"post_tag","embeddable":true,"href":"https:\/\/www.europesays.com\/es\/wp-json\/wp\/v2\/tags?post=213253"}],"curies":[{"name":"wp","href":"https:\/\/api.w.org\/{rel}","templated":true}]}}