{"id":213257,"date":"2025-11-01T20:35:14","date_gmt":"2025-11-01T20:35:14","guid":{"rendered":"https:\/\/www.europesays.com\/es\/213257\/"},"modified":"2025-11-01T20:35:14","modified_gmt":"2025-11-01T20:35:14","slug":"ramos-marca-el-gol-del-triunfo-en-el-tiempo-anadido-para-el-lider-psg-contra-el-niza-2","status":"publish","type":"post","link":"https:\/\/www.europesays.com\/es\/213257\/","title":{"rendered":"Ramos marca el gol del triunfo en el tiempo a\u00f1adido para el l\u00edder PSG contra el Niza"},"content":{"rendered":"\n<p>PAR\u00cdS\u00a0\u2014\u00a0Gon\u00e7alo Ramos, quien entr\u00f3 como suplente, remat\u00f3 de cabeza un tiro de esquina en los \u00faltimos segundos del tiempo de descuento, permitiendo que el Paris Saint-Germain, l\u00edder de la Ligue 1, consiguiera una ajustada victoria el s\u00e1bado por 1-0 en casa contra el Niza.<\/p>\n<p>Con la \u00faltima acci\u00f3n del partido, Khvicha Kvaratskhelia cabece\u00f3 un c\u00f3rner desde la derecha y Ramos remat\u00f3 de cerca para evitar que el PSG empatara por cuarta vez en cinco partidos.<\/p>\n<p>El entrenador Luis Enrique no cont\u00f3 con el delantero lesionado D\u00e9sir\u00e9 Dou\u00e9 y comenz\u00f3 con el ganador del Bal\u00f3n de Oro, Ousmane Demb\u00e9l\u00e9, en el banquillo, pensando en el partido del martes de la Liga de Campeones contra el Bayern M\u00fanich.<\/p>\n<p>El PSG domin\u00f3 el juego, pero tuvo dificultades para crear oportunidades en la primera mitad contra un Niza bien organizado. El potente disparo del centrocampista Vitinha fue bien atajado por el portero del Niza, Y\u00e9hvann Diouf, a mitad del segundo tiempo.<\/p>\n<p>Ramos golpe\u00f3 el poste a los 80 minutos y luego tuvo un cabezazo a quemarropa que Diouf desvi\u00f3 por encima en el cuarto minuto del tiempo de descuento.<\/p>\n<p>Sin embargo, Diouf fue decepcionado por su defensa en el c\u00f3rner subsiguiente y Ramos marc\u00f3 su aparici\u00f3n n\u00famero 100 para el PSG con su gol n\u00famero 38.<\/p>\n<p>M\u00e1s tarde, el segundo clasificado, M\u00f3naco, recibi\u00f3 al Paris FC y el tercero, Marsella, visita al tribulado Auxerre.<\/p>\n<p>Al entrar en la und\u00e9cima jornada de este fin de semana, los seis primeros equipos estaban separados por solo dos puntos. No hab\u00edan estado tan cerca desde el inicio de la temporada 2010-11 que gan\u00f3 el Lille.<\/p>\n<p>___<\/p>\n<p>Deportes AP: <a class=\"link\" href=\"https:\/\/apnews.com\/hub\/deportes\" target=\"_blank\" rel=\"nofollow noopener\">https:\/\/apnews.com\/hub\/deportes<\/a><\/p>\n","protected":false},"excerpt":{"rendered":"PAR\u00cdS\u00a0\u2014\u00a0Gon\u00e7alo Ramos, quien entr\u00f3 como suplente, remat\u00f3 de cabeza un tiro de esquina en los \u00faltimos segundos del&hellip;\n","protected":false},"author":2,"featured_media":213258,"comment_status":"","ping_status":"","sticky":false,"template":"","format":"standard","meta":{"footnotes":""},"categories":[93],"tags":[56489,57488,168,1555,25,24,3689,57485,6521,14499,57483,1045,57487,14030,57486,23,167,159,2886,57484],"class_list":{"0":"post-213257","1":"post","2":"type-post","3":"status-publish","4":"format-standard","5":"has-post-thumbnail","7":"category-deportes","8":"tag-anadido","9":"tag-corner","10":"tag-deportes","11":"tag-descuento","12":"tag-es","13":"tag-espana","14":"tag-gol","15":"tag-lider-psg","16":"tag-marsella","17":"tag-minuto","18":"tag-niza","19":"tag-partido","20":"tag-primero-mitad","21":"tag-ramos","22":"tag-segundo-tiempo","23":"tag-spain","24":"tag-sports","25":"tag-tiempo","26":"tag-triunfo","27":"tag-yehvann-diouf"},"share_on_mastodon":{"url":"https:\/\/pubeurope.com\/@es\/115476360338369308","error":""},"_links":{"self":[{"href":"https:\/\/www.europesays.com\/es\/wp-json\/wp\/v2\/posts\/213257","targetHints":{"allow":["GET"]}}],"collection":[{"href":"https:\/\/www.europesays.com\/es\/wp-json\/wp\/v2\/posts"}],"about":[{"href":"https:\/\/www.europesays.com\/es\/wp-json\/wp\/v2\/types\/post"}],"author":[{"embeddable":true,"href":"https:\/\/www.europesays.com\/es\/wp-json\/wp\/v2\/users\/2"}],"replies":[{"embeddable":true,"href":"https:\/\/www.europesays.com\/es\/wp-json\/wp\/v2\/comments?post=213257"}],"version-history":[{"count":0,"href":"https:\/\/www.europesays.com\/es\/wp-json\/wp\/v2\/posts\/213257\/revisions"}],"wp:featuredmedia":[{"embeddable":true,"href":"https:\/\/www.europesays.com\/es\/wp-json\/wp\/v2\/media\/213258"}],"wp:attachment":[{"href":"https:\/\/www.europesays.com\/es\/wp-json\/wp\/v2\/media?parent=213257"}],"wp:term":[{"taxonomy":"category","embeddable":true,"href":"https:\/\/www.europesays.com\/es\/wp-json\/wp\/v2\/categories?post=213257"},{"taxonomy":"post_tag","embeddable":true,"href":"https:\/\/www.europesays.com\/es\/wp-json\/wp\/v2\/tags?post=213257"}],"curies":[{"name":"wp","href":"https:\/\/api.w.org\/{rel}","templated":true}]}}