{"id":213268,"date":"2025-11-01T20:42:10","date_gmt":"2025-11-01T20:42:10","guid":{"rendered":"https:\/\/www.europesays.com\/es\/213268\/"},"modified":"2025-11-01T20:42:10","modified_gmt":"2025-11-01T20:42:10","slug":"dos-aviones-chocan-en-pista-en-nueva-york-ante-la-escasez-de-controladores-en-eeuu-por-el-cierre-del-gobierno","status":"publish","type":"post","link":"https:\/\/www.europesays.com\/es\/213268\/","title":{"rendered":"Dos aviones chocan en pista en Nueva York ante la escasez de controladores en EEUU por el cierre del Gobierno"},"content":{"rendered":"<p class=\"c-paragraph\"><b>Dos aviones comerciales chocaron el viernes en pista<\/b> sin que se produjeran heridos en el aeropuerto neoyorquino de LaGuardia, el cual se vio afectado durante toda la jornada por la escasez de controladores a\u00e9reos debido al cierre del Gobierno Federal en EE.UU.<\/p>\n<p class=\"c-paragraph\">El vuelo 580 de United Airlines aterriz\u00f3 procedente de Chicago y cuando se dirig\u00eda a su puerta de llegada <b>choc\u00f3 contra la cola<\/b> del vuelo 434 de la misma aerol\u00ednea, que se encontraba detenido en pista a la espera de despegar rumbo a Houston.<\/p>\n<p class=\"c-paragraph\">El incidente oblig\u00f3 al <b>desembarque de todos los pasajeros<\/b> y en \u00faltima instancia supuso la cancelaci\u00f3n del vuelo a Texas.\u00a0El incidente se produjo a \u00faltima hora de una jornada ca\u00f3tica en los aeropuertos de Nueva York merced al viento y a la mencionada escasez de controladores.<\/p>\n<p class=\"c-paragraph\">Tanto LaGuardia, enfocado al tr\u00e1fico dom\u00e9stico, como el John F. Kennedy, uno de los dos aeropuertos internacionales de Nueva York, tuvieron que suspender ayer temporalmente<b> los despegues de aeronaves ante la falta de controladores<\/b>.<\/p>\n<p class=\"c-paragraph\">Existe una creciente inquietud en EEUU por la posibilidad de que los controladores a\u00e9reos, que se cuentan entre los 730.000 empleados federales que est\u00e1n cubriendo labores esenciales pero que no cobrar\u00e1n sus sueldos hasta que se levante el cierre, puedan comenzar a ausentarse en mayor n\u00famero de sus puestos ante<b> la excesiva carga de trabajo<\/b> que est\u00e1n soportando.<\/p>\n<p class=\"c-paragraph\">En el cierre de Gobierno de 2018-2019, el m\u00e1s largo en la historia de EEUU, fueron las bajas de los controladores las que, al paralizar parte del tr\u00e1fico a\u00e9reo del pa\u00eds, <b>forzaron a republicanos y dem\u00f3cratas a alcanzar un acuerdo<\/b> en el legislativo.<\/p>\n<p class=\"c-paragraph\">El bloqueo en el que se encuentra actualmente el Senado estadounidense pasa por las demandas de los dem\u00f3cratas, que, para dar a los republicanos los votos que necesitan para aprobar un presupuesto que levante el cierre del Gobierno Federal, exigen que <b>se prolonguen los subsidios del programa sanitario Obamacare<\/b> que caducan a final de a\u00f1o.<\/p>\n","protected":false},"excerpt":{"rendered":"Dos aviones comerciales chocaron el viernes en pista sin que se produjeran heridos en el aeropuerto neoyorquino de&hellip;\n","protected":false},"author":2,"featured_media":213269,"comment_status":"","ping_status":"","sticky":false,"template":"","format":"standard","meta":{"footnotes":""},"categories":[5],"tags":[4483,17,18,19634,1563,25,24,13,14,11,19,20,9,10,15,16,795,5839,23,12,21,22],"class_list":{"0":"post-213268","1":"post","2":"type-post","3":"status-publish","4":"format-standard","5":"has-post-thumbnail","7":"category-titulares","8":"tag-aviones","9":"tag-breaking-news","10":"tag-breakingnews","11":"tag-chocan","12":"tag-dos","13":"tag-es","14":"tag-espana","15":"tag-featured-news","16":"tag-featurednews","17":"tag-headlines","18":"tag-latest-news","19":"tag-latestnews","20":"tag-news","21":"tag-noticias","22":"tag-noticias-destacadas","23":"tag-noticiasdestacadas","24":"tag-nueva","25":"tag-pista","26":"tag-spain","27":"tag-titulares","28":"tag-ultimas-noticias","29":"tag-ultimasnoticias"},"share_on_mastodon":{"url":"https:\/\/pubeurope.com\/@es\/115476387784608865","error":""},"_links":{"self":[{"href":"https:\/\/www.europesays.com\/es\/wp-json\/wp\/v2\/posts\/213268","targetHints":{"allow":["GET"]}}],"collection":[{"href":"https:\/\/www.europesays.com\/es\/wp-json\/wp\/v2\/posts"}],"about":[{"href":"https:\/\/www.europesays.com\/es\/wp-json\/wp\/v2\/types\/post"}],"author":[{"embeddable":true,"href":"https:\/\/www.europesays.com\/es\/wp-json\/wp\/v2\/users\/2"}],"replies":[{"embeddable":true,"href":"https:\/\/www.europesays.com\/es\/wp-json\/wp\/v2\/comments?post=213268"}],"version-history":[{"count":0,"href":"https:\/\/www.europesays.com\/es\/wp-json\/wp\/v2\/posts\/213268\/revisions"}],"wp:featuredmedia":[{"embeddable":true,"href":"https:\/\/www.europesays.com\/es\/wp-json\/wp\/v2\/media\/213269"}],"wp:attachment":[{"href":"https:\/\/www.europesays.com\/es\/wp-json\/wp\/v2\/media?parent=213268"}],"wp:term":[{"taxonomy":"category","embeddable":true,"href":"https:\/\/www.europesays.com\/es\/wp-json\/wp\/v2\/categories?post=213268"},{"taxonomy":"post_tag","embeddable":true,"href":"https:\/\/www.europesays.com\/es\/wp-json\/wp\/v2\/tags?post=213268"}],"curies":[{"name":"wp","href":"https:\/\/api.w.org\/{rel}","templated":true}]}}