{"id":213272,"date":"2025-11-01T20:48:13","date_gmt":"2025-11-01T20:48:13","guid":{"rendered":"https:\/\/www.europesays.com\/es\/213272\/"},"modified":"2025-11-01T20:48:13","modified_gmt":"2025-11-01T20:48:13","slug":"kevin-suarez-y-lucia-gonzalez-encumbran-al-ciclocross-de-amurrio","status":"publish","type":"post","link":"https:\/\/www.europesays.com\/es\/213272\/","title":{"rendered":"Kevin Su\u00e1rez y Luc\u00eda Gonz\u00e1lez encumbran al Ciclocross de Amurrio"},"content":{"rendered":"<p><a class=\"v-mdl-ath__fig-a\" href=\"https:\/\/www.elcorreo.com\/autor\/ivan-benito-4702.html\" title=\"Iv\u00e1n Benito\" rel=\"nofollow noopener\" target=\"_blank\"><br \/>\n<img decoding=\"async\" class=\"v-mdl-ath__img\" src=\"https:\/\/www.europesays.com\/es\/wp-content\/uploads\/2025\/10\/autor-4702-foto-1.jpeg\" alt=\"Iv\u00e1n Benito\"\/><br \/>\n<\/a><\/p>\n<p class=\"v-mdl-ath__p v-mdl-ath__p--6\">\nS\u00e1bado, 1 de noviembre 2025, 18:02<\/p>\n<p class=\"v-p\">Las dudas con las que empezaba Kevin Su\u00e1rez el Ciclocross de Amurrio, prueba de primer nivel estatal patrocinada por EL CORREO, se disolvieron enseguida. El gran favorito en la prueba \u00e9lite masculina expresaba salir sin las mejores sensaciones para revalidar el triunfo conseguido en la edici\u00f3n anterior, pero en las primeras de las 8 vueltas al trazado del Refor, mucho m\u00e1s seco que en los a\u00f1os previos, ya tom\u00f3 la ventaja necesaria para manejar las carrera a su antojo. <\/p>\n<p class=\"v-p\">\u00abEs que el estado de forma es muy bueno\u00bb, expresaba el ciclista de Los Corrales de Buelna nada m\u00e1s bajarse del podio. El c\u00e1ntabro le tiene tomada la medida al trazado que rodea el campo de f\u00fatbol de El Salvador a orillas del r\u00edo Nervi\u00f3n. \u00abCada a\u00f1o cambian alguna cosa y eso est\u00e1 muy bien. Para m\u00ed es el mejor circuito que hay en Espa\u00f1a, hacen circuitos de verdad, no ratoneros\u00bb, felicit\u00f3 a la organizaci\u00f3n, el club Kuskumendi. El repecho de cincuenta metros que toca subir con la bici al hombro volvi\u00f3 a resultar espectacular dentro de los casi 3 kil\u00f3metros de trazado en cada vuelta.<\/p>\n<p class=\"v-p\">El desarrollo de la prueba tambi\u00e9n le benefici\u00f3. Por detr\u00e1s se conform\u00f3 un grupo de cinco corredores en el que las miradas no solo se centraban en intentar dar caza a Su\u00e1rez, sino en no perder rueda en la lucha por el segundo puesto. Gonzalo Inguanzo, l\u00edder de la Copa de Espa\u00f1a, y Unax Gal\u00e1n, el mejor de los sub-23, completaron el podio para disfrute del p\u00fablico ayal\u00e9s, volcado una edici\u00f3n m\u00e1s en el tambi\u00e9n denominado Memorial Jos\u00e9 Mari Basualdo, el hist\u00f3rico de Luyando.<\/p>\n<p><img decoding=\"async\" loading=\"lazy\" src=\"https:\/\/www.europesays.com\/es\/wp-content\/uploads\/2025\/11\/ciclocross amurrio masc doc-9-U23075226413FoC--650x455@El Correo.jpg\" class=\"v-a-img\" width=\"650\" height=\"455\" alt=\"\" data-voc-vtm-id=\"in-text-traffic\"\/><\/p>\n<p><img loading=\"lazy\" decoding=\"async\" src=\"https:\/\/www.europesays.com\/es\/wp-content\/uploads\/2025\/11\/ciclocross amurrio masc doc-9-U23075226413FoC--1920x1344@El Correo.jpg\" class=\"v-mdl__img-z\" width=\"1920\" height=\"1344\" alt=\"\"\/><\/p>\n<p class=\"v-p\">Luc\u00eda Gonz\u00e1lez se impuso todav\u00eda con mayor superioridad. La asturiana despach\u00f3 su prueba sin contemplaciones, con 27 segundos de ventaja sobre su compa\u00f1era Sof\u00eda Rodr\u00edguez, vencedora el a\u00f1o pasado. Intratable tambi\u00e9n en las carreras previas del mes de octubre, la corredora expres\u00f3 su felicidad por un nuevo triunfo. \u00abHe disfrutado mucho. Las tres veces que he venido aqu\u00ed lo he hecho\u00bb, se\u00f1al\u00f3. Tercera fue la francesa Anais Morichon. La participaci\u00f3n gala volvi\u00f3 a ser multitudinaria dentro de los 650 participantes en el global del certamen.<\/p>\n<p class=\"v-p\">Las carreras femeninas volvieron a ser las que mejores resultados ofrecieron para el ciclocross alav\u00e9s. Mirari Gotxi termin\u00f3 segunda en la prueba j\u00fanior, a solo dos segundos de Aitana Guti\u00e9rrez. La de Amurrio, que corr\u00eda en casa, celebra con un podio su convocatoria para el Europeo El Europeo que se celebrar\u00e1 en Middelkerke (B\u00e9lgica) el pr\u00f3ximo fin de semana. En cadetes, Naiara S\u00e1ez de Jauregi termin\u00f3 en tercera posici\u00f3n.<\/p>\n<p>Reporta un error<\/p>\n","protected":false},"excerpt":{"rendered":"S\u00e1bado, 1 de noviembre 2025, 18:02 Las dudas con las que empezaba Kevin Su\u00e1rez el Ciclocross de Amurrio,&hellip;\n","protected":false},"author":2,"featured_media":213273,"comment_status":"","ping_status":"","sticky":false,"template":"","format":"standard","meta":{"footnotes":""},"categories":[273],"tags":[38603,313,44324,312,168,57491,25,24,5976,11348,14231,23,167,9248],"class_list":{"0":"post-213272","1":"post","2":"type-post","3":"status-publish","4":"format-standard","5":"has-post-thumbnail","7":"category-ciclismo","8":"tag-amurrio","9":"tag-ciclismo","10":"tag-ciclocross","11":"tag-cycling","12":"tag-deportes","13":"tag-encumbran","14":"tag-es","15":"tag-espana","16":"tag-gonzalez","17":"tag-kevin","18":"tag-lucia","19":"tag-spain","20":"tag-sports","21":"tag-suarez"},"share_on_mastodon":{"url":"https:\/\/pubeurope.com\/@es\/115476411744268563","error":""},"_links":{"self":[{"href":"https:\/\/www.europesays.com\/es\/wp-json\/wp\/v2\/posts\/213272","targetHints":{"allow":["GET"]}}],"collection":[{"href":"https:\/\/www.europesays.com\/es\/wp-json\/wp\/v2\/posts"}],"about":[{"href":"https:\/\/www.europesays.com\/es\/wp-json\/wp\/v2\/types\/post"}],"author":[{"embeddable":true,"href":"https:\/\/www.europesays.com\/es\/wp-json\/wp\/v2\/users\/2"}],"replies":[{"embeddable":true,"href":"https:\/\/www.europesays.com\/es\/wp-json\/wp\/v2\/comments?post=213272"}],"version-history":[{"count":0,"href":"https:\/\/www.europesays.com\/es\/wp-json\/wp\/v2\/posts\/213272\/revisions"}],"wp:featuredmedia":[{"embeddable":true,"href":"https:\/\/www.europesays.com\/es\/wp-json\/wp\/v2\/media\/213273"}],"wp:attachment":[{"href":"https:\/\/www.europesays.com\/es\/wp-json\/wp\/v2\/media?parent=213272"}],"wp:term":[{"taxonomy":"category","embeddable":true,"href":"https:\/\/www.europesays.com\/es\/wp-json\/wp\/v2\/categories?post=213272"},{"taxonomy":"post_tag","embeddable":true,"href":"https:\/\/www.europesays.com\/es\/wp-json\/wp\/v2\/tags?post=213272"}],"curies":[{"name":"wp","href":"https:\/\/api.w.org\/{rel}","templated":true}]}}