{"id":213278,"date":"2025-11-01T20:52:08","date_gmt":"2025-11-01T20:52:08","guid":{"rendered":"https:\/\/www.europesays.com\/es\/213278\/"},"modified":"2025-11-01T20:52:08","modified_gmt":"2025-11-01T20:52:08","slug":"justin-trudeau-luce-disfraz-de-halloween-con-guino-a-su-nueva-y-flamante-novia-katy-perry","status":"publish","type":"post","link":"https:\/\/www.europesays.com\/es\/213278\/","title":{"rendered":"Justin Trudeau luce disfraz de Halloween con gui\u00f1o a su nueva y flamante novia, Katy Perry"},"content":{"rendered":"<p class=\"c-paragraph\">El ex primer ministro de <a href=\"https:\/\/www.20minutos.es\/tags\/lugares\/canada.html\" title=\"Canad\u00e1\" rel=\"nofollow noopener\" target=\"_blank\">Canad\u00e1<\/a>, <a href=\"https:\/\/www.20minutos.es\/tags\/personas\/justin-trudeau.html\" title=\"Justin Trudeau\" rel=\"nofollow noopener\" target=\"_blank\">Justin Trudeau<\/a>, lleva dos semanas en el candelero gracias a su <b>sorprendente relaci\u00f3n<\/b> con la cantante estadounidense <a href=\"https:\/\/www.20minutos.es\/tags\/personas\/katy-perry.html\" title=\"Katy Perry\" rel=\"nofollow noopener\" target=\"_blank\">Katy Perry<\/a>.\u00a0<\/p>\n<p class=\"c-paragraph\">Ahora, coincidiendo con la celebraci\u00f3n de <a href=\"https:\/\/www.20minutos.es\/tags\/temas\/la-noche-de-halloween.html\" title=\"La noche de Halloween\" rel=\"nofollow noopener\" target=\"_blank\">Halloween<\/a>, el pol\u00edtico canadiense ha compartido una foto de su disfraz, que seg\u00fan algunos es un <b>gui\u00f1o a su flamante nueva pareja.<\/b><\/p>\n<p class=\"c-paragraph\">Trudeau, de 53 a\u00f1os, comparti\u00f3 una foto en Instagram junto a su hijo Hadrien, con quien form\u00f3 un conjunto: el pol\u00edtico <b>hac\u00eda las veces de tibur\u00f3n <\/b>y el ni\u00f1o, de surfista en apuros por el ataque del escualo.<\/p>\n<p class=\"c-paragraph\">\u00abHadrien y yo estamos listos para Halloween: \u00e9l es el surfista, y yo el tibur\u00f3n (a su izquierda). Hicimos un disfraz juntos, <b>un esfuerzo de equipo<\/b> de padre e hijo para Halloween\u00bb, escribi\u00f3.<\/p>\n<p class=\"c-paragraph\">\u00bfY qu\u00e9 tiene que ver esto con Katy Perry? Pues hay que remontarse hasta 2015, cuando la cantante californiana protagoniz\u00f3 <b>el show del descanso de la SuperBowl de ese a\u00f1o.<\/b><\/p>\n<p class=\"c-paragraph\">En su actuaci\u00f3n, Perry cont\u00f3 con unos bailarines ataviados <b>con unos disfraces de tibur\u00f3n<\/b> muy parecidos a los que ha llevado su novio para esta edici\u00f3n de Halloween.<\/p>\n","protected":false},"excerpt":{"rendered":"El ex primer ministro de Canad\u00e1, Justin Trudeau, lleva dos semanas en el candelero gracias a su sorprendente&hellip;\n","protected":false},"author":2,"featured_media":213279,"comment_status":"","ping_status":"","sticky":false,"template":"","format":"standard","meta":{"footnotes":""},"categories":[174],"tags":[255,57343,146,147,25,24,256,45315,7914,14839,23,49845],"class_list":{"0":"post-213278","1":"post","2":"type-post","3":"status-publish","4":"format-standard","5":"has-post-thumbnail","7":"category-famosos","8":"tag-celebrities","9":"tag-disfraz","10":"tag-entertainment","11":"tag-entretenimiento","12":"tag-es","13":"tag-espana","14":"tag-famosos","15":"tag-halloween","16":"tag-justin","17":"tag-luce","18":"tag-spain","19":"tag-trudeau"},"share_on_mastodon":{"url":"https:\/\/pubeurope.com\/@es\/115476427333884679","error":""},"_links":{"self":[{"href":"https:\/\/www.europesays.com\/es\/wp-json\/wp\/v2\/posts\/213278","targetHints":{"allow":["GET"]}}],"collection":[{"href":"https:\/\/www.europesays.com\/es\/wp-json\/wp\/v2\/posts"}],"about":[{"href":"https:\/\/www.europesays.com\/es\/wp-json\/wp\/v2\/types\/post"}],"author":[{"embeddable":true,"href":"https:\/\/www.europesays.com\/es\/wp-json\/wp\/v2\/users\/2"}],"replies":[{"embeddable":true,"href":"https:\/\/www.europesays.com\/es\/wp-json\/wp\/v2\/comments?post=213278"}],"version-history":[{"count":0,"href":"https:\/\/www.europesays.com\/es\/wp-json\/wp\/v2\/posts\/213278\/revisions"}],"wp:featuredmedia":[{"embeddable":true,"href":"https:\/\/www.europesays.com\/es\/wp-json\/wp\/v2\/media\/213279"}],"wp:attachment":[{"href":"https:\/\/www.europesays.com\/es\/wp-json\/wp\/v2\/media?parent=213278"}],"wp:term":[{"taxonomy":"category","embeddable":true,"href":"https:\/\/www.europesays.com\/es\/wp-json\/wp\/v2\/categories?post=213278"},{"taxonomy":"post_tag","embeddable":true,"href":"https:\/\/www.europesays.com\/es\/wp-json\/wp\/v2\/tags?post=213278"}],"curies":[{"name":"wp","href":"https:\/\/api.w.org\/{rel}","templated":true}]}}