{"id":213288,"date":"2025-11-01T20:58:08","date_gmt":"2025-11-01T20:58:08","guid":{"rendered":"https:\/\/www.europesays.com\/es\/213288\/"},"modified":"2025-11-01T20:58:08","modified_gmt":"2025-11-01T20:58:08","slug":"real-madrid-valencia-en-directo-hoy-partido-de-la-liga-jornada-11","status":"publish","type":"post","link":"https:\/\/www.europesays.com\/es\/213288\/","title":{"rendered":"Real Madrid &#8211; Valencia en directo hoy: partido de la Liga, jornada 11"},"content":{"rendered":"<p>21:54<\/p>\n<p>Minuto 50. Real Madrid 3-0 Valencia. No le sale la espuela a Mbapp\u00e9<\/p>\n<p class=\"voc-p\">Le gan\u00f3 la partida la defensa valencianista. <\/p>\n<p>21:54<\/p>\n<p>Minuto 49. Real Madrid 3-0 Valencia. \u00a1LA CAZA AGUIRREZABALA!<\/p>\n<p class=\"voc-p\">Contragolpe de libro del Real Madrid. Courtois la puso de primeras a Bellingham para que condujese con mucho criterio y se la pusiese a Mbapp\u00e9 en el momento justo para que se colase en el \u00e1rea y la pusiese para Vin\u00edcius. Se qued\u00f3 el brasile\u00f1o sin espacio y la puso de cara para un Arda G\u00fcler que intent\u00f3 el pase a la red, pero estuvo atento el guardameta vasco para atajar el bal\u00f3n. <\/p>\n<p>21:51<\/p>\n<p>Minuto 46. Real Madrid 3-0 Valencia. C\u00f3rner para el Real Madrid<\/p>\n<p class=\"voc-p\">C\u00f3mo sali\u00f3 el Madrid a la contra, reclamaba el Valencia una ca\u00edda en el \u00e1rea de Courtois pero dice el \u00e1rbitro que no hubo nada.<\/p>\n<p>21:50<\/p>\n<p>\u00a1SEIS MINUTOS DE A\u00d1ADIDO!<\/p>\n<p>21:49<\/p>\n<p>Minuto 45. Real Madrid 3-0 Valencia. Despeja Tchouam\u00e9ni<\/p>\n<p class=\"voc-p\">Se queda en nada el lanzamiento de falta del Valencia. <\/p>\n<p>21:49<\/p>\n<p>Minuto 44. Real Madrid 3-0 Valencia. \u00a1GOLAAAAAZOOOOO DE JUDE BELLINGHAAAAAM!<\/p>\n<p class=\"voc-p\">Dos recortes sensacionales del ingl\u00e9s desde la izquierda al centro para disparar en el borde del \u00e1rea un lanzamiento imparable al palo largo. Qu\u00e9 golazo&#8230;<\/p>\n<p>21:48<\/p>\n<p>Minuto 42. Real Madrid 2-0 Valencia. \u00a1LO FALLA VIN\u00cdCIUS!<\/p>\n<p class=\"voc-p\">Par\u00f3 Aguirrezabala el lanzamiento del brasile\u00f1o y la r\u00e9plica de G\u00fcler, que caz\u00f3 el rechace. <\/p>\n<p>21:47<\/p>\n<p>Minuto 41. Real Madrid 2-0 Valencia. \u00a1PENAAALTII PARA EL REAL MADRID!<\/p>\n<p class=\"voc-p\">Gran internada de Vin\u00edcius que par\u00f3 Aguirrezabala. Despu\u00e9s, Thierry derrib\u00f3 a Carreras, que logr\u00f3 cazar el rechace. <\/p>\n<p>21:44<\/p>\n<p>Minuto 39. Real Madrid 2-0 Valencia. Buena ayuda de Valverde en defensa<\/p>\n<p class=\"voc-p\">Qu\u00e9 bien fue al suelo el uruguayo para frenar el intento de incursi\u00f3n en el \u00e1rea de Diego L\u00f3pez. Aplaude el Bernab\u00e9u.<\/p>\n<p>21:42<\/p>\n<p>Minuto 38. Real Madrid 2-0 Valencia. Le pega rar\u00edsimo Valverde<\/p>\n<p class=\"voc-p\">Fallo muy poco habitual en un jugador como Valverde. No conect\u00f3 el disparo en el \u00e1rea y despej\u00f3 el Valencia. <\/p>\n<p>21:41<\/p>\n<p>Minuto 37. Real Madrid 2-0 Valencia. Se lamenta Bellingham<\/p>\n<p class=\"voc-p\">Se le fue un pase aparentemente sencillo que dejaba a Mbapp\u00e9 con muchas posibilidades en el \u00e1rea de anotar el tercero. <\/p>\n<p>21:40<\/p>\n<p>Amarilla a Tchouam\u00e9ni<\/p>\n<p class=\"voc-p\">Pitos del Bernab\u00e9u al colegiado por no pitar la acci\u00f3n anterior, que parec\u00eda falta a Mastantuono y que gener\u00f3 la contra del Valencia. Derrib\u00f3 el franc\u00e9s a Lucas Beltr\u00e1n. <\/p>\n<p>21:39<\/p>\n<p>Minuto 34. Real Madrid 2-0 Valencia. Reclamaba falta Vin\u00edcius de Thierry<\/p>\n<p class=\"voc-p\">No vio nada punible Busquets Ferrer.<\/p>\n<p>21:37<\/p>\n<p>18 goles esta temporada de Mbapp\u00e9<\/p>\n<p>21:36<\/p>\n<p>Minuto 31. Real Madrid 2-0 Valencia. \u00a1GOLAAAAZOOOOOO DE MBAAAPP\u00c9!<\/p>\n<p class=\"voc-p\">Desmarque de Arda G\u00fcler sensacional que cuando recibi\u00f3 de Bellingham en banda izquierda se la puso a Mbapp\u00e9 para que con el interior enga\u00f1ase a Aguirrezabala. Golazo. <\/p>\n<p>21:34<\/p>\n<p>Minuto 29. Real Madrid 1-0 Valencia. Gran despeje de Militao<\/p>\n<p class=\"voc-p\">Cort\u00f3 el centro de Gay\u00e0.<\/p>\n<p>21:33<\/p>\n<p>Minuto 29. Real Madrid 1-0 Valencia. A las manos de Aguirrezabala<\/p>\n<p class=\"voc-p\">Buena circulaci\u00f3n del Real Madrid que termina con un disparo algo flojo del uruguayo. <\/p>\n<p>21:30<\/p>\n<p>Minuto 26. Real Madrid 1-0 Valencia. \u00a1PROVIDENCIAL T\u00c1RREGA!<\/p>\n<p class=\"voc-p\">Pase atr\u00e1s de Bellingham en su llegada hasta l\u00ednea de fondo, pero apareci\u00f3 el central del Valencia para dejar a Mbapp\u00e9 sin su posible doblete.<\/p>\n<p>21:28<\/p>\n<p>Minuto 24. Real Madrid 1-0 Valencia. Falta ahora de Militao<\/p>\n<p class=\"voc-p\">Por un agarr\u00f3n a Danjuma para evitar que iniciara el Valencia la contra. Falta t\u00e1ctica clara. <\/p>\n<p>21:27<\/p>\n<p>Minuto 22. Real Madrid 1-0 Valencia. Falta de Arda G\u00fcler<\/p>\n<p class=\"voc-p\">Recupera el Valencia. Ocurri\u00f3 en su intento de robar un bal\u00f3n cerca del \u00e1rea del Valencia.<\/p>\n<p>21:24<\/p>\n<p>El \u00e1rbitro de ABC dictamina que es mano y, por tanto, penalti para el Real Madrid<\/p>\n<p class=\"voc-p\">Tras varios minutos de revisi\u00f3n, llaman al \u00e1rbitro para pitar penal contra el valencia\ud83d\udc4d. Es penal por mano de T\u00e0rrega y, adem\u00e1s, hay agarr\u00f3n claro a Mbapp\u00e9. Tiene la mano elevada y toca y desv\u00eda un remate de Militao.<\/p>\n<p>21:23<\/p>\n<p>12 goles en LaLiga de Mbapp\u00e9<\/p>\n<p class=\"voc-p\">M\u00e1s de un gol por partido. <\/p>\n<p>21:23<\/p>\n<p>Minuto 17. Real Madrid 1-0 Valencia. \u00a1GOOOOOOOOOOOL DE MBAAAPP\u00c9!<\/p>\n<p class=\"voc-p\">Lo tir\u00f3 a la izquierda pegada a palo y con mucha contundencia. Enga\u00f1\u00f3 a Aguirrezabala. <\/p>\n<p>21:22<\/p>\n<p>Minuto 19. Real Madrid 0-0 Valencia. \u00a1PENAAALTIII PARA EL REAL MADRID!<\/p>\n<p class=\"voc-p\">Lo lanzar\u00e1 Mbapp\u00e9. <\/p>\n<p>21:22<\/p>\n<p>Minuto 17. Real Madrid 0-0 Valencia. Le da el bal\u00f3n en la mano a Thierry y T\u00e1rrega<\/p>\n<p class=\"voc-p\">Parece que la va a pitar. No ha revisado el agarr\u00f3n a Mbapp\u00e9. <\/p>\n<p>21:20<\/p>\n<p>Minuto 16. Real Madrid 0-0 Valencia. El agarr\u00f3n a Mbapp\u00e9 parece un penalti como una casa&#8230;<\/p>\n<p class=\"voc-p\">Le abraza con todo durante largos segundos Diego L\u00f3pez. Va a ver la acci\u00f3n al monitor el \u00e1rbitro. <\/p>\n<p>21:19<\/p>\n<p>Minuto 15. Real Madrid 0-0 Valencia. RECLAMA MANO MILITAO<\/p>\n<p class=\"voc-p\">Centro desde el c\u00f3rner al primer palo que remat\u00f3 el brasile\u00f1o y parece que impact\u00f3 ligeramente en la mano de un futbolista valencianista. Tambi\u00e9n hubo agarrones muy continuados en el segundo palo a Mbapp\u00e9 y Bellingham. <\/p>\n<p>21:18<\/p>\n<p>Minuto 13. Real Madrid 0-0 Valencia. \u00a1LO INTENT\u00d3 AHORA BELLINGHAM!<\/p>\n<p class=\"voc-p\">Recort\u00f3 el ingl\u00e9s dentro del \u00e1rea, sac\u00e1ndose un posterior zurdazo con poco \u00e1ngulo que repeli\u00f3 de nuevo Agirrezabala.<\/p>\n<p>21:16<\/p>\n<p>Minuto 11. Real Madrid 0-0 Valencia. Otro despeje de Huijsen<\/p>\n<p class=\"voc-p\">Ahora lo hizo con la cabeza el central madridista para repeler el env\u00edo al \u00e1rea de Diego L\u00f3pez.<\/p>\n<p>21:14<\/p>\n<p>Minuto 10. Real Madrid 0-0 Valencia. SENSACIONAL LA RECUPERACI\u00d3N DE HUIJSEN<\/p>\n<p class=\"voc-p\">Aplausos del Bernab\u00e9u. Estuvo atento el defensor del Real Madrid para evitar el mano a mano de Danjuma, adem\u00e1s de provocar la p\u00e9rdida del delantero del Valencia. Antes, hubo un parad\u00f3n de Aguirrezabala a Vin\u00edcius. <\/p>\n<p>21:13<\/p>\n<p>Minuto 10. Real Madrid 0-0 Valencia. Despeja Pepelu<\/p>\n<p class=\"voc-p\">Buscaba Valverde a Mastantuono en el \u00e1rea. <\/p>\n<p>21:12<\/p>\n<p>Minuto 7. Real Madrid 0-0 Valencia. Fuera de juego dudoso de Bellingham<\/p>\n<p class=\"voc-p\">Cuando buscaba un bal\u00f3n al espacio por parte de Vinicius. Sin embargo, el ingl\u00e9s no estaba adelantado. Se equivoc\u00f3 el asistente de Busquets Ferrer.<\/p>\n<p>21:10<\/p>\n<p>Minuto 7. Real Madrid 0-0 Valencia. Toca el Real Madrid<\/p>\n<p class=\"voc-p\">El Valencia espera ordenado atr\u00e1s, en busca de una posible contra. <\/p>\n<p>21:10<\/p>\n<p>Minuto 5. Real Madrid 0-0 Valencia. \u00a1LATIGAZOO DE VALVERDEEEE!<\/p>\n<p class=\"voc-p\">Bole\u00f3n del uruguayo que se marcha muy cerca del palo izquierdo de la porter\u00eda de Aguirrezabala. <\/p>\n<p>21:09<\/p>\n<p>Minuto 4. Real Madrid 0-0 Valencia. \u00a1DESPEJA LA DEFENSA!<\/p>\n<p class=\"voc-p\">Bal\u00f3n a la espalda de la zaga del Valencia que encuentra el desmarque de Mbapp\u00e9 en el \u00e1rea visitante, pero su disparo lo desvi\u00f3 un defensor y pas\u00f3 cerca del larguero.<\/p>\n<p>21:07<\/p>\n<p>Minuto 3. Real Madrid 0-0 Valencia. Vuelve G\u00fcler<\/p>\n<p class=\"voc-p\">Parece que se ha quedado en nada al final. Seguir\u00e1 en el campo. <\/p>\n<p>21:06<\/p>\n<p>Minuto 1. Real Madrid 0-0 Valencia. Se va al suelo Arda G\u00fcler<\/p>\n<p class=\"voc-p\">Cuidado porque ha apoyado mal el tobillo. Sale a calentar Camavinga. <\/p>\n<p>21:05<\/p>\n<p>Minuto 1. Real Madrid 0-0 Valencia. Toca el c\u00e9sped Xabi Alonso<\/p>\n<p class=\"voc-p\">Ha mostrado un gesto raro. Parece que no est\u00e1 contento con el estado del verde. <\/p>\n<p>21:03<\/p>\n<p>\u00a1EMPIEZA EL PARTIDO!<\/p>\n<p>21:03<\/p>\n<p>Minuto de silencio<\/p>\n<p class=\"voc-p\">En memoria de Jos\u00e9 Manuel Ochotorena, ex portero del Real Madrid y del Valencia y Julia S\u00e1nchez Herrera.<\/p>\n<p>21:01<\/p>\n<p>Tambi\u00e9n ofrece a la afici\u00f3n la Bota de Oro<\/p>\n<p class=\"voc-p\">Aplaude el Bernab\u00e9u, mientras se hace una foto con sus compa\u00f1eros.<\/p>\n<p>21:00<\/p>\n<p>Mbapp\u00e9 recibe el trofeo de mejor jugador del mes de LaLiga<\/p>\n<p class=\"voc-p\">El p\u00fablico corea su nombre. <\/p>\n<p>21:00<\/p>\n<p>Gay\u00e1 y Valverde son los capitanes en el d\u00eda de hoy:<\/p>\n<p class=\"voc-p\">Ya han hecho el sorteo de campos. Esto est\u00e1 a punto de comenzar. <\/p>\n<p>20:58<\/p>\n<p>\u00a1SALTAN LOS PROTAGONISTAS!<\/p>\n<p class=\"voc-p\">Suena el himno de La D\u00e9cima. Ambientazo en el Bernab\u00e9u. <\/p>\n<p>20:57<\/p>\n<p>Equipo arbitral: <\/p>\n<p class=\"voc-p\">Principal: Busquets Ferrer (Comit\u00e9 balear).<\/p>\n<p class=\"voc-p\">VAR: Trujillo Su\u00e1rez (Comit\u00e9 canario).<\/p>\n<p>20:49<\/p>\n<p>La salida del Real Madrid al calentamiento<\/p>\n<p>20:48<\/p>\n<p>As\u00ed luce el vestuario del Valencia<\/p>\n<p>20:48<\/p>\n<p>El Valencia busca salir de la zona roja<\/p>\n<p class=\"voc-p\">Los de Carlos Corber\u00e1n, por su parte, llegan al Bernab\u00e9u como 18\u00ba con nueve puntos. Sumar permitir\u00eda al equipo valencianista tomar un peque\u00f1o respiro.<\/p>\n<p>20:47<\/p>\n<p>El Real Madrid quiere afianzar el liderato<\/p>\n<p class=\"voc-p\">Los de Xabi Alonso, l\u00edderes indiscutibles tras el Cl\u00e1sico, son primeros con 27 puntos. Es decir, buscan sumar un nuevo triunfo para hacer todav\u00eda m\u00e1s grande la ventaja con respecto a sus perseguidores.<\/p>\n<p>20:35<\/p>\n<p>As\u00ed ha sido la llegada del Valencia al Bernab\u00e9u<\/p>\n<p>20:20<\/p>\n<p>Salen a calentar los porteros de ambos equipos<\/p>\n<p class=\"voc-p\">En breves lo har\u00e1n los jugadores. <\/p>\n<p>20:19<\/p>\n<p>El marcador 360\u00ba del Bernab\u00e9u recuerda los goles de Mbapp\u00e9 la pasada temporada<\/p>\n<p class=\"voc-p\">Ayer recibi\u00f3 la Bota de Oro. Fueron en total 31 goles. <\/p>\n<p>20:18<\/p>\n<p>Lunin recibi\u00f3 la roja y sabe que no tiene mucho hueco<\/p>\n<p class=\"voc-p\">El ucraniano, sancionado ante el Valencia, asume la Copa como escenario. Xabi ya dej\u00f3 claro que debe estar preparado, pero que Courtois es la prioridad. <\/p>\n<p>20:17<\/p>\n<p>C\u00e9sar T\u00e1rrega tambi\u00e9n quiso pisar el c\u00e9sped antes de salir a calentar<\/p>\n<p>20:16<\/p>\n<p>Entrada del Real Madrid en el Bernab\u00e9u<\/p>\n<p class=\"voc-p\">Rostro serio de Vin\u00edcius. <\/p>\n<p>20:15<\/p>\n<p>Un nuevo Camavinga<\/p>\n<p class=\"voc-p\">El franc\u00e9s jug\u00f3 El Cl\u00e1sico de interior y no lo hizo nada mal. <\/p>\n<p>20:14<\/p>\n<p>La \u00faltima victoria del Valencia ante el Real Madrid fue hace cuatro temporadas<\/p>\n<p class=\"voc-p\">Los valencianistas no derrotan a los blancos desde mayo de 2023, cuando lo lograron en Mestalla. La trayectoria en el actual campeonato es completamente contrapuesta. Si los de Xabi Alonso llegan de vencer en el Cl\u00e1sico, los de Corber\u00e1n no han ganado en sus \u00faltimos cinco compromisos.<\/p>\n<p>20:08<\/p>\n<p>Los suplentes de hoy: <\/p>\n<p class=\"voc-p\">Real Madrid: Fran Gonz\u00e1lez, Mestre, Trent, Asencio, Mendy, Fran Garc\u00eda, Ceballos, Camavinga, Brahim, Endrick, Gonzalo y Rodrygo.<\/p>\n<p class=\"voc-p\">Valencia: Dimitrievski, Rivero, C\u00f6mert, Panach, Rubo, Jes\u00fas V\u00e1zquez, Javi Guerra, Lucas N\u00fa\u00f1ez, Otorbi, Andr\u00e9 Almeida, Raba y Hugo Duro.<\/p>\n<p>20:08<\/p>\n<p>Esta es la alineaci\u00f3n del Valencia<\/p>\n<p class=\"voc-p\">Santamar\u00eda sustituye a Javi Guerra en el mediocampo. <\/p>\n<p>20:07<\/p>\n<p>Pepelu ya pisa el c\u00e9sped del Bernab\u00e9u<\/p>\n<p>20:06<\/p>\n<p>Corberan sabe que para ganar en el Bernab\u00e9u hay que lograr \u00ablo mejor a nivel defensivo y ofensivo\u00bb<\/p>\n<p>20:05<\/p>\n<p>En el D\u00eda de Todos los Santos, el Valencia se acuerda de sus fallecidos<\/p>\n<p class=\"voc-p\">Especialmente, con las v\u00edctimas de la DANA en el coraz\u00f3n.<\/p>\n<p>20:04<\/p>\n<p>As\u00ed luce el vestuario del Real Madrid<\/p>\n<p>20:03<\/p>\n<p>El comportamiento de Vin\u00edcius empa\u00f1a sus n\u00fameros<\/p>\n<p class=\"voc-p\">El debate sobre Vinicius se fundamenta, sobre todo, en su comportamiento, gestos&#8230; Pero poco hay que debatir sobre su f\u00fatbol. Con actuaciones m\u00e1s brillantes o menos, el extremo sigue aportando mucho. En los 13 encuentros que ha disputado esta temporada (10 de ellos como titular), ha marcado cinco goles y ha dado otros cinco pases de gol.<\/p>\n<p>20:02<\/p>\n<p>Otra oportunidad para Mastantuono<\/p>\n<p class=\"voc-p\">Xabi Alonso no ha hecho rotaciones tal y como anunci\u00f3 en la rueda de prensa previa, dejando claro que \u00abVinicius no tendr\u00eda represalias\u00bb.<\/p>\n<p>20:00<\/p>\n<p>Esta es la alineaci\u00f3n del Real Madrid<\/p>\n<p class=\"voc-p\">Xabi Alonso va con una sola novedad: La vuelta de Mastantuono al equipo titular, cay\u00e9ndose as\u00ed Camavinga.<\/p>\n<p>19:59<\/p>\n<p>Bienvenidos al Real Madrid &#8211; Valencia<\/p>\n<p class=\"voc-p\">Hoy se enfrentan los de Xabi Alonso a un Valencia de Carlos Coberan que buscar\u00e1 dar la campanada en el Bernab\u00e9u, con la pol\u00e9mica de Vin\u00edcius en la rec\u00e1mara. <\/p>\n","protected":false},"excerpt":{"rendered":"21:54 Minuto 50. Real Madrid 3-0 Valencia. No le sale la espuela a Mbapp\u00e9 Le gan\u00f3 la partida&hellip;\n","protected":false},"author":2,"featured_media":213289,"comment_status":"","ping_status":"","sticky":false,"template":"","format":"standard","meta":{"footnotes":""},"categories":[93],"tags":[168,2125,25,24,315,293,1044,205,1045,798,23,167,235],"class_list":{"0":"post-213288","1":"post","2":"type-post","3":"status-publish","4":"format-standard","5":"has-post-thumbnail","7":"category-deportes","8":"tag-deportes","9":"tag-directo","10":"tag-es","11":"tag-espana","12":"tag-hoy","13":"tag-jornada","14":"tag-liga","15":"tag-madrid","16":"tag-partido","17":"tag-real","18":"tag-spain","19":"tag-sports","20":"tag-valencia"},"share_on_mastodon":{"url":"https:\/\/pubeurope.com\/@es\/115476450782264920","error":""},"_links":{"self":[{"href":"https:\/\/www.europesays.com\/es\/wp-json\/wp\/v2\/posts\/213288","targetHints":{"allow":["GET"]}}],"collection":[{"href":"https:\/\/www.europesays.com\/es\/wp-json\/wp\/v2\/posts"}],"about":[{"href":"https:\/\/www.europesays.com\/es\/wp-json\/wp\/v2\/types\/post"}],"author":[{"embeddable":true,"href":"https:\/\/www.europesays.com\/es\/wp-json\/wp\/v2\/users\/2"}],"replies":[{"embeddable":true,"href":"https:\/\/www.europesays.com\/es\/wp-json\/wp\/v2\/comments?post=213288"}],"version-history":[{"count":0,"href":"https:\/\/www.europesays.com\/es\/wp-json\/wp\/v2\/posts\/213288\/revisions"}],"wp:featuredmedia":[{"embeddable":true,"href":"https:\/\/www.europesays.com\/es\/wp-json\/wp\/v2\/media\/213289"}],"wp:attachment":[{"href":"https:\/\/www.europesays.com\/es\/wp-json\/wp\/v2\/media?parent=213288"}],"wp:term":[{"taxonomy":"category","embeddable":true,"href":"https:\/\/www.europesays.com\/es\/wp-json\/wp\/v2\/categories?post=213288"},{"taxonomy":"post_tag","embeddable":true,"href":"https:\/\/www.europesays.com\/es\/wp-json\/wp\/v2\/tags?post=213288"}],"curies":[{"name":"wp","href":"https:\/\/api.w.org\/{rel}","templated":true}]}}