{"id":213294,"date":"2025-11-01T21:02:09","date_gmt":"2025-11-01T21:02:09","guid":{"rendered":"https:\/\/www.europesays.com\/es\/213294\/"},"modified":"2025-11-01T21:02:09","modified_gmt":"2025-11-01T21:02:09","slug":"euskaltel-se-queda-en-manos-de-orange-tras-adquirir-esta-el-100-de-masorange-economia","status":"publish","type":"post","link":"https:\/\/www.europesays.com\/es\/213294\/","title":{"rendered":"Euskaltel se queda en manos de Orange tras adquirir esta el 100% de MasOrange | Econom\u00eda"},"content":{"rendered":"<p>        <img decoding=\"async\" alt=\"Orange ya es due\u00f1a del 100% de Euskaltel.\" height=\"734\" loading=\"lazy\"  src=\"https:\/\/www.europesays.com\/es\/wp-content\/uploads\/2025\/11\/euskaltel.jpg\"  width=\"1200\"\/>Orange ya es due\u00f1a del 100% de Euskaltel. (Luis JAUREGIALTZO | FOKU)<\/p>\n<p>Euskaltel ha quedado en manos de la multinacional francesa Orange, despu\u00e9s de que esta haya comprado el total de MasOrange, fruto de la fusi\u00f3n entre la propia Orange y M\u00e1sM\u00f3vil. Ha adquirido el 50% que le faltaba para el total a fondos de inversi\u00f3n como el proisrael\u00ed KKR, Providence, Cinven y los inversores vascos Jos\u00e9 Eulalio Plaza, Ochena, Inveready y Jos\u00e9 Mar\u00eda Echarri.<\/p>\n<p>Hay que recordar que Euskaltel pas\u00f3 a formar parte de M\u00e1sM\u00f3vil en 2021 cuando la tecnol\u00f3gica\u00a0<a href=\"https:\/\/www.naiz.eus\/eu\/info\/noticia\/20210805\/masmovil-cierra-con-exito-su-opa-sobre-euskaltel-kutxabank-se-embolsara-390-millones-de-euros\" rel=\"nofollow noopener\" target=\"_blank\">la adquiri\u00f3 por 2.000 millones de euros<\/a>. Casi un a\u00f1o m\u00e1s tarde, en julio de 2022, <a href=\"https:\/\/www.naiz.eus\/eu\/info\/noticia\/20220723\/masmovil-duena-de-euskaltel-orange-acuerdan-una-fusion-de-18-600-millones-de-euros\" rel=\"nofollow noopener\" target=\"_blank\">M\u00e1sM\u00f3vil y Orange se fusionaron<\/a> con una valoraci\u00f3n conjunta de 18.600 millones de euros. A\u00fan as\u00ed, Euskaltel ha mantenido a los accionistas locales y a Jon Ander de las Fuentes como presidente.<\/p>\n<p>Ahora, Orange ha comprado la otra mitad de MasOrange por 4.300 millones de euros. Seg\u00fan destaca la empresa francesa, \u00abesta operaci\u00f3n acelerar\u00e1 el plan estrat\u00e9gico de Orange y reforzar\u00e1 a\u00fan m\u00e1s la posici\u00f3n de Orange en Espa\u00f1a, el segundo mercado del grupo en Europa\u00bb. Se prev\u00e9 que la firma se produzca a finales de este a\u00f1o.<\/p>\n<p>El anuncio del acuerdo no vinculante se produce al d\u00eda siguiente de que la compa\u00f1\u00eda y los sindicatos UGT, CCOO y Fetico hayan cerrado el primer convenio colectivo de MasOrange.<\/p>\n<p>Al principio, los fondos de inversi\u00f3n hab\u00edan solicitado 5.000 millones, pero finalmente se acordaron los 4.600, sujetos a un reparto de dividendo entre los vendedores.<\/p>\n","protected":false},"excerpt":{"rendered":"Orange ya es due\u00f1a del 100% de Euskaltel. (Luis JAUREGIALTZO | FOKU) Euskaltel ha quedado en manos de&hellip;\n","protected":false},"author":2,"featured_media":213295,"comment_status":"","ping_status":"","sticky":false,"template":"","format":"standard","meta":{"footnotes":""},"categories":[80],"tags":[21882,21048,82,95,94,25,24,13145,3955,13913,12800,3041,23],"class_list":{"0":"post-213294","1":"post","2":"type-post","3":"status-publish","4":"format-standard","5":"has-post-thumbnail","7":"category-economia","8":"tag-21882","9":"tag-adquirir","10":"tag-business","11":"tag-economia","12":"tag-economy","13":"tag-es","14":"tag-espana","15":"tag-euskaltel","16":"tag-manos","17":"tag-masorange","18":"tag-orange","19":"tag-queda","20":"tag-spain"},"share_on_mastodon":{"url":"https:\/\/pubeurope.com\/@es\/115476466725758391","error":""},"_links":{"self":[{"href":"https:\/\/www.europesays.com\/es\/wp-json\/wp\/v2\/posts\/213294","targetHints":{"allow":["GET"]}}],"collection":[{"href":"https:\/\/www.europesays.com\/es\/wp-json\/wp\/v2\/posts"}],"about":[{"href":"https:\/\/www.europesays.com\/es\/wp-json\/wp\/v2\/types\/post"}],"author":[{"embeddable":true,"href":"https:\/\/www.europesays.com\/es\/wp-json\/wp\/v2\/users\/2"}],"replies":[{"embeddable":true,"href":"https:\/\/www.europesays.com\/es\/wp-json\/wp\/v2\/comments?post=213294"}],"version-history":[{"count":0,"href":"https:\/\/www.europesays.com\/es\/wp-json\/wp\/v2\/posts\/213294\/revisions"}],"wp:featuredmedia":[{"embeddable":true,"href":"https:\/\/www.europesays.com\/es\/wp-json\/wp\/v2\/media\/213295"}],"wp:attachment":[{"href":"https:\/\/www.europesays.com\/es\/wp-json\/wp\/v2\/media?parent=213294"}],"wp:term":[{"taxonomy":"category","embeddable":true,"href":"https:\/\/www.europesays.com\/es\/wp-json\/wp\/v2\/categories?post=213294"},{"taxonomy":"post_tag","embeddable":true,"href":"https:\/\/www.europesays.com\/es\/wp-json\/wp\/v2\/tags?post=213294"}],"curies":[{"name":"wp","href":"https:\/\/api.w.org\/{rel}","templated":true}]}}