{"id":213298,"date":"2025-11-01T21:04:08","date_gmt":"2025-11-01T21:04:08","guid":{"rendered":"https:\/\/www.europesays.com\/es\/213298\/"},"modified":"2025-11-01T21:04:08","modified_gmt":"2025-11-01T21:04:08","slug":"maribel-vilaplana-recibio-un-tuit-sobre-las-inundaciones-en-utiel-en-el-ventorro-pero-asegura-que-no-se-lo-enseno-a-mazon","status":"publish","type":"post","link":"https:\/\/www.europesays.com\/es\/213298\/","title":{"rendered":"Maribel Vilaplana recibi\u00f3 un tuit sobre las inundaciones en Utiel en El Ventorro pero asegura que no se lo ense\u00f1\u00f3 a Maz\u00f3n"},"content":{"rendered":"<p class=\"article-text\">\n        A menos de 48 horas de que la periodista que comi\u00f3 con Carlos Maz\u00f3n en el restaurante El Ventorro de Val\u00e8ncia el d\u00eda de la dana, Maribel Vilaplana, declare ante la jueza de Catarroja que investiga la gesti\u00f3n del Gobierno valenciano de una tragedia que provoc\u00f3 229 muertes se ha conocido un nuevo detalle que deja todav\u00eda m\u00e1s en evidencia el papel del todav\u00eda president de la Generalitat en aquella fat\u00eddica jornada.\n    <\/p>\n<p>    <a href=\"https:\/\/www.eldiario.es\/comunitat-valenciana\/jueza-dana-pide-maribel-vilaplana-ticket-parking-acompano-mazon_1_12731049.html\" data-mrf-recirculation=\"saber-mas\" data-dl-event=\"saber-mas\" rel=\"nofollow noopener\" target=\"_blank\"><\/p>\n<p class=\"know-more__title\">La jueza de la dana pide a Maribel Vilaplana el ticket del parking al que la acompa\u00f1\u00f3 Maz\u00f3n<\/p>\n<p>            <img decoding=\"async\" class=\"lazy\" loading=\"lazy\" data-src=\"https:\/\/static.eldiario.es\/clip\/3ad20f43-8829-4e51-8adb-c2bef70c3eb2_16-9-aspect-ratio_default_0.jpg\" src=\"data:image\/svg+xml,%3Csvg xmlns=\" http:=\"\" viewbox=\"0 0 880 495\" alt=\"La jueza de la dana pide a Maribel Vilaplana el ticket del parking al que la acompa\u00f1\u00f3 Maz\u00f3n\"\/><\/p>\n<p>                        <\/a><\/p>\n<p class=\"article-text\">\n        Seg\u00fan ha publicado el diario <a href=\"https:\/\/www.levante-emv.com\/comunitat-valenciana\/2025\/11\/01\/vilaplana-enseno-video-utiel-inundado-123261503.html\" data-mrf-recirculation=\"links-noticia\" class=\"link\" target=\"_blank\" rel=\"nofollow noopener\">Levante-EMV<\/a>, Vilaplana le mostr\u00f3 al jefe del Consell alrededor de las 17.40 horas, una hora antes de que Maz\u00f3n y la periodista dieran por concluido su \u00e1gape, un v\u00eddeo recibido por WhatsApp por la comunicadora en la que se pod\u00edan comprobar las inundaciones en la localidad valenciana de Utiel. Seg\u00fan ha podido contrastar elDiario.es con el entorno de la comunicadora, \u00e9sta recibi\u00f3 un tuit sobre la situaci\u00f3n que estaba viviendo en este municipio, sin embargo, aseguran que en ning\u00fan caso le mostr\u00f3 nada a Maz\u00f3n, con quien compart\u00eda la velada.\n    <\/p>\n<p class=\"article-text\">\n        En el tuit, una publicaci\u00f3n de \u00c0 Punt que se reproduce a continuaci\u00f3n, se habla del desbordamiento del r\u00edo Magro a su paso por Utiel, se recogen las declaraciones del alcalde de Utiel, el popular Ricardo Gabald\u00f3n, diciendo en las noticias de medio d\u00eda que la situaci\u00f3n es \u201ccr\u00edtica\u201d y que no recordaba haber visto nunca \u201cnada igual\u201d y aparecen im\u00e1genes del agua corriendo por las calles de la localidad e inundando bajos.\n    <\/p>\n<blockquote class=\"twitter-tweet\" data-lang=\"es\"><p><a href=\"https:\/\/twitter.com\/X\/status\/1851271308836810766?ref_src=twsrc%5Etfw\" rel=\"nofollow noopener\" target=\"_blank\"><\/p><\/blockquote>\n<p class=\"article-text\">\n        Alrededor de esa hora, el jefe del Consell hab\u00eda hablado por tel\u00e9fono con la entonces consellera de Interior y responsable de las emergencias, Salom\u00e9 Pradas, quien hab\u00eda intentado contactar con Maz\u00f3n con anterioridad sin \u00e9xito. Recordemos que el Centro de Coordinaci\u00f3n Operativa Integrado estaba reunido desde las 17 horas, aunque el mensaje de alerta a los m\u00f3viles no se lanzar\u00eda hasta las 20.11 horas, cuando media provincia estaba ya inundada por los desbordamientos del Magro y el barranco del Poyo.\n    <\/p>\n<p>    <a href=\"https:\/\/www.eldiario.es\/comunitat-valenciana\/mazon-documental-investiga-gran-incognita-dana_1_12708389.html?utm_source=noticia&amp;utm_campaign=mazon&amp;utm_medium=subtitulo\" data-mrf-recirculation=\"saber-mas-abajo\" data-dl-event=\"saber-mas-abajo\" rel=\"nofollow noopener\" target=\"_blank\"><\/p>\n<p class=\"know-more__title\">El documental que investiga la gran inc\u00f3gnita de la dana<\/p>\n<p>            <\/a><\/p>\n<p class=\"article-text\">\n        <strong>NOTA.- <\/strong>Aunque en una primera versi\u00f3n se daba por hecho lo relatado por el diario Levante-EMV, la noticia ha sido actualizada tras contactar con el entorno de la periodista valenciana\n    <\/p>\n<p>                                <script async src=\"https:\/\/platform.twitter.com\/widgets.js\" charset=\"utf-8\"><\/script><\/p>\n","protected":false},"excerpt":{"rendered":"A menos de 48 horas de que la periodista que comi\u00f3 con Carlos Maz\u00f3n en el restaurante El&hellip;\n","protected":false},"author":2,"featured_media":213299,"comment_status":"","ping_status":"","sticky":false,"template":"","format":"standard","meta":{"footnotes":""},"categories":[8],"tags":[517,2206,1705,17,18,3965,242,25,24,13,14,11,1667,19,20,9,10,15,16,1925,23,12,21,22,235],"class_list":{"0":"post-213298","1":"post","2":"type-post","3":"status-publish","4":"format-standard","5":"has-post-thumbnail","7":"category-espana","8":"tag-actualidad","9":"tag-alicante","10":"tag-analisis","11":"tag-breaking-news","12":"tag-breakingnews","13":"tag-castellon","14":"tag-comunidad-valenciana","15":"tag-es","16":"tag-espana","17":"tag-featured-news","18":"tag-featurednews","19":"tag-headlines","20":"tag-informacion","21":"tag-latest-news","22":"tag-latestnews","23":"tag-news","24":"tag-noticias","25":"tag-noticias-destacadas","26":"tag-noticiasdestacadas","27":"tag-opinion","28":"tag-spain","29":"tag-titulares","30":"tag-ultimas-noticias","31":"tag-ultimasnoticias","32":"tag-valencia"},"share_on_mastodon":{"url":"https:\/\/pubeurope.com\/@es\/115476474369667356","error":""},"_links":{"self":[{"href":"https:\/\/www.europesays.com\/es\/wp-json\/wp\/v2\/posts\/213298","targetHints":{"allow":["GET"]}}],"collection":[{"href":"https:\/\/www.europesays.com\/es\/wp-json\/wp\/v2\/posts"}],"about":[{"href":"https:\/\/www.europesays.com\/es\/wp-json\/wp\/v2\/types\/post"}],"author":[{"embeddable":true,"href":"https:\/\/www.europesays.com\/es\/wp-json\/wp\/v2\/users\/2"}],"replies":[{"embeddable":true,"href":"https:\/\/www.europesays.com\/es\/wp-json\/wp\/v2\/comments?post=213298"}],"version-history":[{"count":0,"href":"https:\/\/www.europesays.com\/es\/wp-json\/wp\/v2\/posts\/213298\/revisions"}],"wp:featuredmedia":[{"embeddable":true,"href":"https:\/\/www.europesays.com\/es\/wp-json\/wp\/v2\/media\/213299"}],"wp:attachment":[{"href":"https:\/\/www.europesays.com\/es\/wp-json\/wp\/v2\/media?parent=213298"}],"wp:term":[{"taxonomy":"category","embeddable":true,"href":"https:\/\/www.europesays.com\/es\/wp-json\/wp\/v2\/categories?post=213298"},{"taxonomy":"post_tag","embeddable":true,"href":"https:\/\/www.europesays.com\/es\/wp-json\/wp\/v2\/tags?post=213298"}],"curies":[{"name":"wp","href":"https:\/\/api.w.org\/{rel}","templated":true}]}}