{"id":213304,"date":"2025-11-01T21:11:18","date_gmt":"2025-11-01T21:11:18","guid":{"rendered":"https:\/\/www.europesays.com\/es\/213304\/"},"modified":"2025-11-01T21:11:18","modified_gmt":"2025-11-01T21:11:18","slug":"la-palma-estrena-su-nueva-aventura-por-etapas","status":"publish","type":"post","link":"https:\/\/www.europesays.com\/es\/213304\/","title":{"rendered":"La Palma estrena su nueva aventura por etapas"},"content":{"rendered":"<p>La Transvulcania Bike 2025 se convierte en una prueba por etapas con tres jornadas en El Paso, Tijarafe y Fuencaliente, una modalidad infantil PequeBike y una promoci\u00f3n especial de alojamiento en el hotel Meli\u00e1 La Palma.<\/p>\n<blockquote class=\"quote-card lateral\">\n<p>La Transvulcania Bike 2025 contar\u00e1 con tres etapas y una modalidad infantil PequeBike<\/p>\n<\/blockquote>\n<p>Transvulcania Bike da un salto adelante en 2025 y se transforma en una prueba por etapas, respaldada por m\u00e1s de 15 a\u00f1os de experiencia en la organizaci\u00f3n de eventos de MTB en la isla de La Palma. El nuevo formato contar\u00e1 con tres jornadas de competici\u00f3n que recorrer\u00e1n algunos de los paisajes m\u00e1s espectaculares del archipi\u00e9lago, desde los pinares del centro de la isla hasta las zonas volc\u00e1nicas del sur. Ser\u00e1 del 14 al 16 de noviembre.<\/p>\n<p>\t Contin\u00faa tras los patrocinadores<\/p>\n<blockquote class=\"quote-card lateral\">\n<p>La uni\u00f3n de las pruebas m\u00edticas de la isla<\/p>\n<\/blockquote>\n<p>Esta evoluci\u00f3n nace de la uni\u00f3n entre varias pruebas ic\u00f3nicas del MTB palmero, como Bike El Paso o La Tea MTB, que han decidido fusionarse bajo el paraguas de Transvulcania Bike. La organizaci\u00f3n, con m\u00e1s de d\u00e9cada y media de trayectoria en competiciones de la isla, busca consolidar un evento que muestre la belleza natural de La Palma y potencie el turismo deportivo.<\/p>\n<p>El proyecto cuenta con el respaldo del Cabildo de La Palma, la empresa p\u00fablica Sodepal y diversas entidades locales y privadas. Su objetivo es ofrecer una experiencia \u00fanica a los participantes y contribuir al crecimiento del MTB en Canarias.<\/p>\n<p><a href=\"https:\/\/esmtb.com\/wp-content\/uploads\/2025\/11\/tr2.jpg\" rel=\"nofollow noopener\" target=\"_blank\"><img fetchpriority=\"high\" decoding=\"async\" class=\"size-large wp-image-157321 \" src=\"https:\/\/www.europesays.com\/es\/wp-content\/uploads\/2025\/11\/tr2-1024x684.jpg\" alt=\"\" width=\"1024\" height=\"684\"  \/><\/a><\/p>\n<p class=\"wp-caption-text\">Transvulcania Bike<\/p>\n<p>Promoci\u00f3n especial de alojamiento<\/p>\n<blockquote class=\"quote-card lateral\">\n<p>Los participantes podr\u00e1n alojarse en el Meli\u00e1 La Palma con transporte y servicios incluidos desde 180\u20ac por 3 d\u00edas<\/p>\n<\/blockquote>\n<p>Con motivo de la Transvulcania Bike 2025, la organizaci\u00f3n ofrece una promoci\u00f3n exclusiva de alojamiento en el hotel <strong>Meli\u00e1 La Palma<\/strong> para los d\u00edas <strong>14 al 16 de noviembre<\/strong>. Los participantes podr\u00e1n elegir entre dos opciones:<\/p>\n<ul>\n<li><strong>Apartamento + desayuno por 180 \u20ac (3 noches por persona en apartamento doble)<\/strong><\/li>\n<li><strong>Hotel + desayuno por 218 \u20ac (3 noches por persona en habitaci\u00f3n doble)<\/strong><\/li>\n<\/ul>\n<p>Ambas modalidades incluyen recogida del dorsal en el propio hotel, transporte de ida y vuelta a las diferentes etapas y asistencia a la charla t\u00e9cnica y de seguridad previa a la competici\u00f3n.<\/p>\n<p><a href=\"https:\/\/esmtb.com\/wp-content\/uploads\/2025\/11\/tr4.jpg\" rel=\"nofollow noopener\" target=\"_blank\"><img loading=\"lazy\" decoding=\"async\" class=\"size-large wp-image-157319 \" src=\"https:\/\/www.europesays.com\/es\/wp-content\/uploads\/2025\/11\/tr4-1024x683.jpg\" alt=\"\" width=\"1024\" height=\"683\"  \/><\/a><\/p>\n<p class=\"wp-caption-text\">Transvulcania Bike<\/p>\n<p>Tres etapas, tres paisajes \u00fanicos<\/p>\n<p>El recorrido de la Transvulcania Bike 2025 se compone de tres etapas con escenarios muy diferentes entre s\u00ed: El Paso, Tijarafe y Fuencaliente.<\/p>\n<p>Etapa 1 \u2013 El Paso<\/p>\n<blockquote class=\"quote-card lateral\">\n<p>El Paso ofrecer\u00e1 una etapa t\u00e9cnica y exigente con tramos emblem\u00e1ticos como Pared Vieja<\/p>\n<\/blockquote>\n<p>Una jornada 100% MTB con constantes cambios de ritmo entre pinares, laurisilva y antiguos caminos reales. Con salida y llegada en el municipio de El Paso, combina tramos hist\u00f3ricos como Pared Vieja y Minibirigoyo con zonas restauradas por ciclistas locales.<\/p>\n<ul>\n<li><strong>Modalidad larga:<\/strong> 48 km | 1.850 m+<\/li>\n<li><strong>Modalidad corta:<\/strong> 28 km | 1.000 m+<\/li>\n<\/ul>\n<p><a href=\"https:\/\/esmtb.com\/wp-content\/uploads\/2025\/11\/tr3.jpg\" rel=\"nofollow noopener\" target=\"_blank\"><img loading=\"lazy\" decoding=\"async\" class=\"size-large wp-image-157320 \" src=\"https:\/\/www.europesays.com\/es\/wp-content\/uploads\/2025\/11\/tr3-1024x683.jpg\" alt=\"\" width=\"1024\" height=\"683\"  \/><\/a><\/p>\n<p class=\"wp-caption-text\">Transvulcania Bike<\/p>\n<p>Etapa 2 \u2013 La Tea<\/p>\n<p>Con inicio y final en Tijarafe, es la m\u00e1s monta\u00f1osa y t\u00e9cnica. Atraviesa bosques de pino canario y laurisilva, con pasos por el Refugio de Tinizara, La Traviesa, Puntagorda y el ic\u00f3nico avituallamiento de Roque Faro, donde se encuentra la legendaria Tea.<\/p>\n<ul>\n<li><strong>Modalidad larga:<\/strong> 68 km | 2.300 m+<\/li>\n<li><strong>Modalidad corta:<\/strong> 34 km | 1.200 m+<\/li>\n<\/ul>\n<p>Etapa 3 \u2013 Fuencaliente<\/p>\n<blockquote class=\"quote-card lateral\">\n<p>Fuencaliente pondr\u00e1 el broche final con un recorrido entre volcanes y laurisilva<\/p>\n<\/blockquote>\n<p>Cierra la prueba con una ruta m\u00e1s r\u00e1pida y variada que parte desde el sur de la isla. Cruza zonas volc\u00e1nicas, tramos de jable y senderos rodeados de laurisilva, ascendiendo por la extensa Pista del Cabrito hasta el Mirador del Jable y descendiendo por la Vereda de las Cabras antes de regresar a Fuencaliente.<\/p>\n<ul>\n<li><strong>Modalidad larga:<\/strong> 68 km | 1.900 m+<\/li>\n<li><strong>Modalidad corta:<\/strong> 48 km | 1.100 m+<\/li>\n<\/ul>\n<p><a href=\"https:\/\/esmtb.com\/wp-content\/uploads\/2025\/11\/tr1.jpg\" rel=\"nofollow noopener\" target=\"_blank\"><img loading=\"lazy\" decoding=\"async\" class=\"size-large wp-image-157322 \" src=\"https:\/\/www.europesays.com\/es\/wp-content\/uploads\/2025\/11\/tr1-1024x683.jpg\" alt=\"\" width=\"1024\" height=\"683\"  \/><\/a><\/p>\n<p class=\"wp-caption-text\">Transvulcania Bike<\/p>\n<p>Modalidad PequeBike: la cantera del MTB<\/p>\n<blockquote class=\"quote-card lateral\">\n<p>La Palma aspira a situarse en el mapa de las grandes pruebas por etapas del MTB<\/p>\n<\/blockquote>\n<p>Adem\u00e1s de las tres etapas principales, la organizaci\u00f3n impulsa la <strong>PequeBike<\/strong>, una carrera no competitiva destinada a los m\u00e1s peque\u00f1os, que se celebrar\u00e1 el domingo 16 de noviembre en Fuencaliente. La inscripci\u00f3n ser\u00e1 gratuita y busca fomentar la vida activa y la educaci\u00f3n vial entre los ni\u00f1os, reforzando los valores del deporte desde edades tempranas.<\/p>\n<p>Un proyecto con visi\u00f3n de futuro<\/p>\n<p>Transvulcania Bike 2025 se presenta como una cita clave en el calendario canario y nacional del MTB por etapas, con un formato dise\u00f1ado para poner en valor los paisajes de La Palma y consolidar su posici\u00f3n como destino de referencia para el ciclismo de monta\u00f1a.<\/p>\n<p><a class=\"btn btn-large btn-orange\" href=\"https:\/\/www.transvulcaniabike.com\/\" target=\"_blank\" onclick=\"gtag(&#039;event&#039;, &#039;click&#039;, {&#039;event_category&#039;: &#039;Link&#039;, &#039;event_label&#039;: &#039;https:\/\/www.transvulcaniabike.com\/&#039; });\" title=\"M\u00e1s informaci\u00f3n\" rel=\"nofollow noopener\"> M\u00e1s informaci\u00f3n<\/a><\/p>\n","protected":false},"excerpt":{"rendered":"La Transvulcania Bike 2025 se convierte en una prueba por etapas con tres jornadas en El Paso, Tijarafe&hellip;\n","protected":false},"author":2,"featured_media":213305,"comment_status":"","ping_status":"","sticky":false,"template":"","format":"standard","meta":{"footnotes":""},"categories":[273],"tags":[313,312,168,25,24,23,167,57497],"class_list":{"0":"post-213304","1":"post","2":"type-post","3":"status-publish","4":"format-standard","5":"has-post-thumbnail","7":"category-ciclismo","8":"tag-ciclismo","9":"tag-cycling","10":"tag-deportes","11":"tag-es","12":"tag-espana","13":"tag-spain","14":"tag-sports","15":"tag-transvulcania-bike"},"share_on_mastodon":{"url":"https:\/\/pubeurope.com\/@es\/115476501931961190","error":""},"_links":{"self":[{"href":"https:\/\/www.europesays.com\/es\/wp-json\/wp\/v2\/posts\/213304","targetHints":{"allow":["GET"]}}],"collection":[{"href":"https:\/\/www.europesays.com\/es\/wp-json\/wp\/v2\/posts"}],"about":[{"href":"https:\/\/www.europesays.com\/es\/wp-json\/wp\/v2\/types\/post"}],"author":[{"embeddable":true,"href":"https:\/\/www.europesays.com\/es\/wp-json\/wp\/v2\/users\/2"}],"replies":[{"embeddable":true,"href":"https:\/\/www.europesays.com\/es\/wp-json\/wp\/v2\/comments?post=213304"}],"version-history":[{"count":0,"href":"https:\/\/www.europesays.com\/es\/wp-json\/wp\/v2\/posts\/213304\/revisions"}],"wp:featuredmedia":[{"embeddable":true,"href":"https:\/\/www.europesays.com\/es\/wp-json\/wp\/v2\/media\/213305"}],"wp:attachment":[{"href":"https:\/\/www.europesays.com\/es\/wp-json\/wp\/v2\/media?parent=213304"}],"wp:term":[{"taxonomy":"category","embeddable":true,"href":"https:\/\/www.europesays.com\/es\/wp-json\/wp\/v2\/categories?post=213304"},{"taxonomy":"post_tag","embeddable":true,"href":"https:\/\/www.europesays.com\/es\/wp-json\/wp\/v2\/tags?post=213304"}],"curies":[{"name":"wp","href":"https:\/\/api.w.org\/{rel}","templated":true}]}}