{"id":213351,"date":"2025-11-01T21:45:11","date_gmt":"2025-11-01T21:45:11","guid":{"rendered":"https:\/\/www.europesays.com\/es\/213351\/"},"modified":"2025-11-01T21:45:11","modified_gmt":"2025-11-01T21:45:11","slug":"mediaset-conciencia-sobre-la-diabetes-con-carlos-sobera","status":"publish","type":"post","link":"https:\/\/www.europesays.com\/es\/213351\/","title":{"rendered":"Mediaset conciencia sobre la diabetes con Carlos Sobera"},"content":{"rendered":"<p>El presentador protagoniza la campa\u00f1a de noviembre y alerta sobre el avance silencioso de esta enfermedad.<\/p>\n<p><strong>Carlos Sobera <\/strong>da voz a la campa\u00f1a de sensibilizaci\u00f3n sobre la <strong>diabetes<\/strong>, presentada por <strong><a href=\"https:\/\/www.marketingdirecto.com\/temas\/mediaset\" target=\"_blank\" rel=\"noreferrer noopener nofollow\">Mediaset Espa\u00f1a<\/a><\/strong> para el mes de noviembre en colaboraci\u00f3n con la Federaci\u00f3n Espa\u00f1ola de Diabetes (FEDE).<\/p>\n<p>Actualmente, <strong>589 millones de adultos<\/strong> entre 20 y 79 a\u00f1os viven con diabetes <strong>en todo el mundo<\/strong>. Se estima que el n\u00famero total de personas con esta patolog\u00eda aumentar\u00e1 hasta 853 millones en 2050, seg\u00fan el Atlas de la Diabetes 2025 de la Federaci\u00f3n Internacional de Diabetes (FID).<\/p>\n<p>El conocido presentador de programas como First Dates protagoniza la campa\u00f1a de noviembre y alerta sobre el avance silencioso de esta enfermedad. Asimismo, incide en la necesidad de que los pacientes se preocupen por llevar un estilo de <strong>vida saludable<\/strong> y de contar con una mayor investigaci\u00f3n y con recursos para <strong>el diagn\u00f3stico precoz<\/strong>: \u00abEs fundamental poner el foco cuanto antes porque, si no se detecta a tiempo, cuando quieran reaccionar puede que ya sea demasiado tarde\u00bb, reivindica Sobera.<\/p>\n<p>Carlos Sobera divulga consejos para prevenir o mantener a raya la diabetes<\/p>\n<p>Con\u00a0<strong><a href=\"https:\/\/www.marketingdirecto.com\/marketing-general\/entrevistas\/carlos-sobera-seur-san-valentin\" target=\"_blank\" rel=\"noreferrer noopener nofollow\">Carlos Sobera<\/a><\/strong>\u00a0como altavoz, la pieza audiovisual refleja la compleja cotidianeidad de quienes conviven con esta patolog\u00eda: vigilando los niveles de glucosa d\u00eda y noche, controlando y pesando cada alimento que comen y afrontando an\u00e1lisis, pinchazos y cualquier imprevisto.<\/p>\n<p>Una <strong>realidad no exenta de riesgos presente los 365 d\u00edas del a\u00f1o<\/strong>, ya sea una <a href=\"https:\/\/www.marketingdirecto.com\/creacion\/campanas-de-marketing\/barbie-diabetes-tipo-1-llega-mattel-laura-sanchez-embajadora\" target=\"_blank\" rel=\"noreferrer noopener nofollow\">diabetes tipo 1<\/a> -que no se puede evitar, pero s\u00ed detectar de manera precoz- o una diabetes tipo 2, que se puede prevenir con h\u00e1bitos de vida saludables.\u00a0<\/p>\n<p>\u00abAl final, se trata de convertirlo en una rutina. Cuidar la alimentaci\u00f3n, controlar constantemente los niveles de az\u00facar en sangre\u2026 En definitiva, incorporar la patolog\u00eda a tu modo de vida de forma natural. <strong>Si la asumes con normalidad<\/strong>, es m\u00e1s f\u00e1cil convivir con ella; en cambio, cuando le das demasiada importancia, suele volverse m\u00e1s dif\u00edcil y acaba afect\u00e1ndote m\u00e1s\u00bb, expresa Carlos Sobera.<\/p>\n<p>Control m\u00e9dico, alimentaci\u00f3n saludable y ejercicio<\/p>\n<p>Sobera incide en que \u00abuna mala alimentaci\u00f3n y el consumo de alimentos ultraprocesados puede derivar con el tiempo en una diabetes tipo 2 en adultos. Es necesario tomar conciencia\u00bb.<\/p>\n<p>Y ejemplifica: \u00abPor ejemplo, en los restaurantes es dificil\u00edsimo, por no decir imposible, encontrar postres sin az\u00facar. \u00bfPor qu\u00e9? Ahora nos preocupamos mucho por el <strong>gluten<\/strong> -lo cual me parece estupendo-, pero <strong><a href=\"https:\/\/www.marketingdirecto.com\/marketing-general\/consumo-impactante-campana-obesidad-abuso-azucar\" target=\"_blank\" rel=\"noreferrer noopener nofollow\">\u00bfqu\u00e9 pasa con el az\u00facar?<\/a><\/strong> \u00bfQu\u00e9 pasa con las personas con diabetes? Falta conciencia. Pensamos que son pocos y que si un d\u00eda toman algo con az\u00facar no pasa nada, pero no es as\u00ed. <strong>Hace falta m\u00e1s sensibilidad social <\/strong>y tambi\u00e9n, desde las instituciones, se debe promover la comunicaci\u00f3n y la educaci\u00f3n en este sentido\u00bb, ha reclamado.<\/p>\n<p>Si no puedes visualizar correctamente, haz clic <a href=\"https:\/\/youtu.be\/Gviy8fBEgTo?si=psTw80OndU_WwUie\" target=\"_blank\" rel=\"noreferrer noopener nofollow\">aqu\u00ed<\/a>Mediaset Espa\u00f1a se une a la Federaci\u00f3n Espa\u00f1ola de Diabetes<\/p>\n<p>Con cuarenta a\u00f1os de historia a sus espaldas, la <strong>Federaci\u00f3n Espa\u00f1ola de Diabetes (FEDE)<\/strong>, declarada de utilidad p\u00fablica por parte del Ministerio del Interior en 2012, cuenta con una red de federaciones auton\u00f3micas y asociaciones locales. Todas ellas trabajan de manera <strong>coordinada<\/strong> para mejorar la calidad vida de los pacientes y facilitar la implementaci\u00f3n de proyectos y estrategias adaptadas a sus necesidades.<\/p>\n<p>Su plan de acci\u00f3n acoge un <strong>amplio abanico de iniciativas<\/strong>: educaci\u00f3n terap\u00e9utica con cursos gratuitos, mejora de acceso a nuevas tecnolog\u00edas y <strong>medicamentos<\/strong>; el proyecto de <strong>concienciaci\u00f3n<\/strong> \u00abCrecer sin diabetes\u00bb, la firma de un convenio con los colectivos de enfermer\u00eda, jornadas formativas y el trabajo activo para que el Sistema Nacional de Salud (SNS) incluya <strong>servicios m\u00e9dicos <\/strong>adicionales, no incluidos generalmente en la cobertura del SNS, como podolog\u00eda, apoyo psicol\u00f3gico a pacientes y a sus familias y pautas nutricionales, entre otros.<\/p>\n<p>\u00ab12 meses, 12 causas\u00bb<\/p>\n<p>Todos los meses Mediaset lanza una campa\u00f1a solidaria por el cl\u00e1sico <strong>proyecto \u00ab12 meses, 12 causas\u00bb de Mediaset<\/strong> <strong>Espa\u00f1a<\/strong>. Desde el a\u00f1o 2000 el grupo de comunicaci\u00f3n se implica en un prop\u00f3sito solidario durante cada mes del a\u00f1o, apoyado en famosas personalidades de su cadena.<\/p>\n<p>En 2025, por ejemplo, <strong>Mar\u00eda Casado<\/strong> foment\u00f3 <a href=\"https:\/\/www.marketingdirecto.com\/creacion\/campanas-de-marketing\/mediaset-impulsa-lectura-fundacion-german-sanchez-ruiperez\" target=\"_blank\" rel=\"noreferrer noopener nofollow\">la lectura<\/a> en abril; en mayo, <strong>Santi Costa<\/strong> visibiliz\u00f3 las <a href=\"https:\/\/www.marketingdirecto.com\/anunciantes-general\/medios\/12-meses-12-causas-arranca-mayo-apoyando-personas-discapacidad-severa\" target=\"_blank\" rel=\"noreferrer noopener nofollow\">necesidades de las personas con discapacidad<\/a>; en septiembre, <strong>Manu Carre\u00f1o<\/strong> se posicion\u00f3 firme <a href=\"https:\/\/www.marketingdirecto.com\/anunciantes-general\/medios\/mediaset-da-voz-acoso-escolar-12-meses-12-causas-septiembre\" target=\"_blank\" rel=\"noreferrer noopener nofollow\">contra el acoso escolar<\/a> y en octubre, <strong>Ana Rosa Quintana<\/strong> impuls\u00f3 una <a href=\"https:\/\/www.marketingdirecto.com\/anunciantes-general\/medios\/mediaset-campana-12-meses-12-causas-octubre\" target=\"_blank\" rel=\"noreferrer noopener nofollow\">gran recogida de alimentos<\/a>.<\/p>\n<p>Ahora, <strong>Carlos<\/strong> <strong>Sobera<\/strong> se suma a la larga lista de famosos que ya han prestado su voz y rostro para la concienciaci\u00f3n social de la mano de Mediaset Espa\u00f1a. La campa\u00f1a arrancar\u00e1 este s\u00e1bado\u00a01 de noviembre con la emisi\u00f3n del\u00a0spot\u00a0institucional en los distintos canales del grupo,\u00a0d\u00edas antes de la\u00a0conmemoraci\u00f3n del <strong>D\u00eda Mundial de la Diabetes el pr\u00f3ximo 14 de noviembre<\/strong>.<\/p>\n","protected":false},"excerpt":{"rendered":"El presentador protagoniza la campa\u00f1a de noviembre y alerta sobre el avance silencioso de esta enfermedad. Carlos Sobera&hellip;\n","protected":false},"author":2,"featured_media":213352,"comment_status":"","ping_status":"","sticky":false,"template":"","format":"standard","meta":{"footnotes":""},"categories":[92],"tags":[25,24,165,955,166,23],"class_list":{"0":"post-213351","1":"post","2":"type-post","3":"status-publish","4":"format-standard","5":"has-post-thumbnail","7":"category-salud","8":"tag-es","9":"tag-espana","10":"tag-health","11":"tag-mediaset","12":"tag-salud","13":"tag-spain"},"share_on_mastodon":{"url":"https:\/\/pubeurope.com\/@es\/115476635602947759","error":""},"_links":{"self":[{"href":"https:\/\/www.europesays.com\/es\/wp-json\/wp\/v2\/posts\/213351","targetHints":{"allow":["GET"]}}],"collection":[{"href":"https:\/\/www.europesays.com\/es\/wp-json\/wp\/v2\/posts"}],"about":[{"href":"https:\/\/www.europesays.com\/es\/wp-json\/wp\/v2\/types\/post"}],"author":[{"embeddable":true,"href":"https:\/\/www.europesays.com\/es\/wp-json\/wp\/v2\/users\/2"}],"replies":[{"embeddable":true,"href":"https:\/\/www.europesays.com\/es\/wp-json\/wp\/v2\/comments?post=213351"}],"version-history":[{"count":0,"href":"https:\/\/www.europesays.com\/es\/wp-json\/wp\/v2\/posts\/213351\/revisions"}],"wp:featuredmedia":[{"embeddable":true,"href":"https:\/\/www.europesays.com\/es\/wp-json\/wp\/v2\/media\/213352"}],"wp:attachment":[{"href":"https:\/\/www.europesays.com\/es\/wp-json\/wp\/v2\/media?parent=213351"}],"wp:term":[{"taxonomy":"category","embeddable":true,"href":"https:\/\/www.europesays.com\/es\/wp-json\/wp\/v2\/categories?post=213351"},{"taxonomy":"post_tag","embeddable":true,"href":"https:\/\/www.europesays.com\/es\/wp-json\/wp\/v2\/tags?post=213351"}],"curies":[{"name":"wp","href":"https:\/\/api.w.org\/{rel}","templated":true}]}}