{"id":213359,"date":"2025-11-01T21:50:09","date_gmt":"2025-11-01T21:50:09","guid":{"rendered":"https:\/\/www.europesays.com\/es\/213359\/"},"modified":"2025-11-01T21:50:09","modified_gmt":"2025-11-01T21:50:09","slug":"perros-muertos-palma-hallan-muertos-a-27-perros-de-caza-en-la-bodega-de-un-barco-en-el-puerto-de-palma","status":"publish","type":"post","link":"https:\/\/www.europesays.com\/es\/213359\/","title":{"rendered":"PERROS MUERTOS PALMA | Hallan muertos a 27 perros de caza en la bodega de un barco en el puerto de Palma"},"content":{"rendered":"<p class=\"ft-text\">Veintisiete perros de caza han muerto durante el trayecto en un barco que viajaba de Barcelona a Palma. Los animales viajaban dentro de una furgoneta en la bodega de un ferry comercial que ha atracado esta ma\u00f1ana en el <a class=\"ft-link ft-link--decoration\" href=\"https:\/\/www.diariodemallorca.es\/tags\/puerto-de-palma\/\" rel=\"nofollow noopener\" target=\"_blank\">puerto de Palma<\/a>. <strong>A bordo del veh\u00edculo viajaban 36 perros, de los cuales 27 han sido hallados sin vida<\/strong> y el resto han llegado semiinconscientes, aunque todav\u00eda vivos. La Guardia Civil ha abierto una investigaci\u00f3n para determinar las causas de la tragedia.<\/p>\n<p class=\"ft-text\">Fuentes cercanas al caso explican que los animales eran de <strong>un grupo de cazadores de Mallorca que hab\u00eda viajado hace unos d\u00edas a Lituania<\/strong>, en temporada de becada, para realizar pr\u00e1cticas de caza y adiestrar a los perros. La mayor\u00eda eran animales j\u00f3venes, en proceso de aprendizaje. Al finalizar la estancia, la mayor\u00eda de cazadores han regresado en avi\u00f3n, mientras que dos de los propietarios emprendieron el viaje de vuelta en una furgoneta que primero viaj\u00f3 de Lituania a Barcelona, y despu\u00e9s se embarc\u00f3 en Barcelona con destino a Palma. Del viaje se encargaba <strong>un servicio de transporte <\/strong>que hab\u00edan contratado los due\u00f1os de los perros.<\/p>\n<p class=\"ft-text\">Al llegar al puerto esta ma\u00f1ana, los responsables del traslado han abierto el veh\u00edculo y se han encontrado con la escena. La mayor\u00eda de los perros estaban muertos y el resto desorientados y sin apenas conciencia. Sobre las diez de la ma\u00f1ana se ha dado aviso a la <a class=\"ft-link ft-link--decoration\" href=\"https:\/\/www.diariodemallorca.es\/tags\/guardia-civil\/\" rel=\"nofollow noopener\" target=\"_blank\">Guardia Civil<\/a> y al personal del puerto.<\/p>\n<p class=\"ft-text\">El <a class=\"ft-link ft-link--decoration\" href=\"https:\/\/www.diariodemallorca.es\/tags\/seprona\/\" rel=\"nofollow noopener\" target=\"_blank\">Servicio de Protecci\u00f3n de la Naturaleza (Seprona)<\/a> de la Benem\u00e9rita se ha hecho cargo de la investigaci\u00f3n. Los agentes tomar\u00e1n declaraci\u00f3n a los responsables del traslado y a los propietarios de los perros, adem\u00e1s de revisar las condiciones del veh\u00edculo en el que viajaban los animales. Se les practicar\u00e1 una autopsia para determinar la causa exacta de la muerte.<\/p>\n<p class=\"ft-text\">El objetivo es saber qu\u00e9 ha pasado exactamente dentro de la furgoneta. Una de las hip\u00f3tesis que se barajan, aunque todav\u00eda no est\u00e1 confirmada, es que los responsables no han activado el sistema de ventilaci\u00f3n del veh\u00edculo, lo que ha provocado<strong> falta de ox\u00edgeno y temperaturas demasiado altas<\/strong> durante las horas que dura el trayecto mar\u00edtimo. El Seprona, sin embargo, mantiene todas las l\u00edneas abiertas a la espera de los resultados de la autopsia.<\/p>\n<p class=\"ft-text\">Los animales viajaban en el interior de una furgoneta cerrada, lo que est\u00e1 permitido en el caso de perros de caza, ya que las leyes de bienestar animal (que regulan el transporte de animales en barcos) excluyen expresamente a esta categor\u00eda, a diferencia del resto de animales dom\u00e9sticos.<\/p>\n","protected":false},"excerpt":{"rendered":"Veintisiete perros de caza han muerto durante el trayecto en un barco que viajaba de Barcelona a Palma.&hellip;\n","protected":false},"author":2,"featured_media":213360,"comment_status":"","ping_status":"","sticky":false,"template":"","format":"standard","meta":{"footnotes":""},"categories":[8],"tags":[1054,3685,17,18,19446,57511,25,24,13,14,10000,11,19,20,5161,9,10,15,16,4236,57510,23,12,21,22],"class_list":{"0":"post-213359","1":"post","2":"type-post","3":"status-publish","4":"format-standard","5":"has-post-thumbnail","7":"category-espana","8":"tag-1054","9":"tag-animales","10":"tag-breaking-news","11":"tag-breakingnews","12":"tag-caza","13":"tag-cazadores","14":"tag-es","15":"tag-espana","16":"tag-featured-news","17":"tag-featurednews","18":"tag-hallan","19":"tag-headlines","20":"tag-latest-news","21":"tag-latestnews","22":"tag-muertos","23":"tag-news","24":"tag-noticias","25":"tag-noticias-destacadas","26":"tag-noticiasdestacadas","27":"tag-perros","28":"tag-perros-en-palma","29":"tag-spain","30":"tag-titulares","31":"tag-ultimas-noticias","32":"tag-ultimasnoticias"},"share_on_mastodon":{"url":"https:\/\/pubeurope.com\/@es\/115476655356239752","error":""},"_links":{"self":[{"href":"https:\/\/www.europesays.com\/es\/wp-json\/wp\/v2\/posts\/213359","targetHints":{"allow":["GET"]}}],"collection":[{"href":"https:\/\/www.europesays.com\/es\/wp-json\/wp\/v2\/posts"}],"about":[{"href":"https:\/\/www.europesays.com\/es\/wp-json\/wp\/v2\/types\/post"}],"author":[{"embeddable":true,"href":"https:\/\/www.europesays.com\/es\/wp-json\/wp\/v2\/users\/2"}],"replies":[{"embeddable":true,"href":"https:\/\/www.europesays.com\/es\/wp-json\/wp\/v2\/comments?post=213359"}],"version-history":[{"count":0,"href":"https:\/\/www.europesays.com\/es\/wp-json\/wp\/v2\/posts\/213359\/revisions"}],"wp:featuredmedia":[{"embeddable":true,"href":"https:\/\/www.europesays.com\/es\/wp-json\/wp\/v2\/media\/213360"}],"wp:attachment":[{"href":"https:\/\/www.europesays.com\/es\/wp-json\/wp\/v2\/media?parent=213359"}],"wp:term":[{"taxonomy":"category","embeddable":true,"href":"https:\/\/www.europesays.com\/es\/wp-json\/wp\/v2\/categories?post=213359"},{"taxonomy":"post_tag","embeddable":true,"href":"https:\/\/www.europesays.com\/es\/wp-json\/wp\/v2\/tags?post=213359"}],"curies":[{"name":"wp","href":"https:\/\/api.w.org\/{rel}","templated":true}]}}