{"id":213363,"date":"2025-11-01T21:55:11","date_gmt":"2025-11-01T21:55:11","guid":{"rendered":"https:\/\/www.europesays.com\/es\/213363\/"},"modified":"2025-11-01T21:55:11","modified_gmt":"2025-11-01T21:55:11","slug":"asi-esta-segunda-fase-de-la-escuela-del-dp-world-tour-tras-la-tercera-jornada","status":"publish","type":"post","link":"https:\/\/www.europesays.com\/es\/213363\/","title":{"rendered":"As\u00ed est\u00e1 Segunda Fase de la Escuela del DP World Tour tras la tercera jornada"},"content":{"rendered":"<p>&#13;<br \/>\n        &#13;<br \/>\n&#13;<br \/>\n        &#13;<\/p>\n<p>            <a href=\"https:\/\/ten-golf.com\/wp-content\/uploads\/2024\/11\/masaveuopenespana24.jpg\" data-caption=\"Luis Masaveu (ESP). (\u00a9 Golffile | Thos Caffrey)\" rel=\"nofollow noopener\" target=\"_blank\"><img decoding=\"async\" loading=\"lazy\" width=\"666\" height=\"444\" class=\"entry-thumb td-modal-image\" src=\"https:\/\/www.europesays.com\/es\/wp-content\/uploads\/2025\/11\/masaveuopenespana24-666x444.jpg\"   alt=\"\" title=\"Acciona Open de Espana Presented by Madrid\"\/><\/a>Luis Masaveu (ESP). (\u00a9 Golffile | Thos Caffrey)<\/p>\n<p>            No hay nadie que no firmara antes de empezar la Segunda Fase de la Escuela del DP World Tour llegar a los \u00faltimos 18 hoyos con trece jugadores de los catorce con opciones de entrar en la final. Eso es ya un \u00e9xito. Si adem\u00e1s hay cinco metidos en la zona caliente y tres con<\/p>\n<p>Para seguir leyendo, Suscr\u00edbete<\/p>\n<p>    Subscription OptionsMENSUAL<\/p>\n<p>Unlimited  Entradas<\/p>\n<p>Unlimited  Galer\u00edas<\/p>\n<p>Unlimited  \u00c1lbumes<\/p>\n<p>Unlimited  P\u00e1ginas<\/p>\n<p>ANUAL + LIBRO<\/p>\n<p>Unlimited  Entradas<\/p>\n<p>Unlimited  Galer\u00edas<\/p>\n<p>Unlimited  \u00c1lbumes<\/p>\n<p>Unlimited  P\u00e1ginas<\/p>\n<p>ANUAL<\/p>\n<p>Unlimited  Entradas<\/p>\n<p>Unlimited  Galer\u00edas<\/p>\n<p>Unlimited  \u00c1lbumes<\/p>\n<p>Unlimited  P\u00e1ginas<\/p>\n<p>    Recibe 30 mulligans para gastar en <a href=\"https:\/\/thegame.ten-golf.com\" target=\"_blank\" rel=\"nofollow noopener\">TheGame<\/a> junto a tu suscripci\u00f3n anual (al final de la temporada se quitar\u00e1n los mulligans no gastados)<\/p>\n<p>    Pincha <a href=\"https:\/\/ten-golf.com\/tengolf-pone-en-marcha-el-muro-de-pago-y-crea-el-club-tengolf\" target=\"_blank\" rel=\"nofollow noopener\">aqu\u00ed<\/a> para saber m\u00e1s sobre las distintas suscripciones<\/p>\n<p>        &#13;<br \/>\n&#13;<br \/>\n        &#13;<br \/>\n            &#13;<br \/>\n            &#13;<br \/>\n&#13;<\/p>\n<p class=\"join-telegram\"><img decoding=\"async\" class=\"loading\" src=\"https:\/\/www.europesays.com\/es\/wp-content\/uploads\/2025\/10\/telegram-icon.png\" alt=\"\"\/> S\u00edguenos tambi\u00e9n en <a href=\"https:\/\/telegram.org\/\" target=\"_blank\" style=\"font-weight: normal;\" rel=\"nofollow noopener\">Telegram<\/a> en el canal <a href=\"https:\/\/t.me\/tengolf\" target=\"_blank\" rel=\"nofollow\">@tengolf<\/a><\/p>\n<p>        &#13;<br \/>\n        <a class=\"will-load\" name=\"end-article\" data-id=\"post-211687\"\/>&#13;<\/p>\n","protected":false},"excerpt":{"rendered":"&#13; &#13; &#13; &#13; Luis Masaveu (ESP). (\u00a9 Golffile | Thos Caffrey) No hay nadie que no firmara&hellip;\n","protected":false},"author":2,"featured_media":213364,"comment_status":"","ping_status":"","sticky":false,"template":"","format":"standard","meta":{"footnotes":""},"categories":[275],"tags":[57512,168,56722,25,56723,24,57513,329,57514,57515,56726,40572,336,339,340,1909,1910,56912,23,167],"class_list":{"0":"post-213363","1":"post","2":"type-post","3":"status-publish","4":"format-standard","5":"has-post-thumbnail","7":"category-golf","8":"tag-albert-boneta","9":"tag-deportes","10":"tag-desert-springs","11":"tag-es","12":"tag-escuela-dp-world-tour","13":"tag-espana","14":"tag-fontanals-golf-club","15":"tag-golf","16":"tag-isla-canela-golf","17":"tag-joseba-torres","18":"tag-las-pinaillas","19":"tag-luis-masaveu","20":"tag-notificacion","21":"tag-portada-america","22":"tag-portada-global","23":"tag-portada-top","24":"tag-portada-top-america","25":"tag-segunda-fase","26":"tag-spain","27":"tag-sports"},"share_on_mastodon":{"url":"https:\/\/pubeurope.com\/@es\/115476675272947099","error":""},"_links":{"self":[{"href":"https:\/\/www.europesays.com\/es\/wp-json\/wp\/v2\/posts\/213363","targetHints":{"allow":["GET"]}}],"collection":[{"href":"https:\/\/www.europesays.com\/es\/wp-json\/wp\/v2\/posts"}],"about":[{"href":"https:\/\/www.europesays.com\/es\/wp-json\/wp\/v2\/types\/post"}],"author":[{"embeddable":true,"href":"https:\/\/www.europesays.com\/es\/wp-json\/wp\/v2\/users\/2"}],"replies":[{"embeddable":true,"href":"https:\/\/www.europesays.com\/es\/wp-json\/wp\/v2\/comments?post=213363"}],"version-history":[{"count":0,"href":"https:\/\/www.europesays.com\/es\/wp-json\/wp\/v2\/posts\/213363\/revisions"}],"wp:featuredmedia":[{"embeddable":true,"href":"https:\/\/www.europesays.com\/es\/wp-json\/wp\/v2\/media\/213364"}],"wp:attachment":[{"href":"https:\/\/www.europesays.com\/es\/wp-json\/wp\/v2\/media?parent=213363"}],"wp:term":[{"taxonomy":"category","embeddable":true,"href":"https:\/\/www.europesays.com\/es\/wp-json\/wp\/v2\/categories?post=213363"},{"taxonomy":"post_tag","embeddable":true,"href":"https:\/\/www.europesays.com\/es\/wp-json\/wp\/v2\/tags?post=213363"}],"curies":[{"name":"wp","href":"https:\/\/api.w.org\/{rel}","templated":true}]}}