{"id":213369,"date":"2025-11-01T22:00:08","date_gmt":"2025-11-01T22:00:08","guid":{"rendered":"https:\/\/www.europesays.com\/es\/213369\/"},"modified":"2025-11-01T22:00:08","modified_gmt":"2025-11-01T22:00:08","slug":"las-notas-de-mikel-recalde-del-real-sociedad","status":"publish","type":"post","link":"https:\/\/www.europesays.com\/es\/213369\/","title":{"rendered":"Las notas de Mikel Recalde del Real Sociedad"},"content":{"rendered":"<p class=\"h3\">Mikel Recalde<\/p>\n<p>                        Actualizado:<br \/>\n                        01\/11\/2025 21:02<\/p>\n<p>                    <a href=\"https:\/\/www.noticiasdegipuzkoa.eus\/reala\/2025\/11\/01\/notas-mikel-recalde-real-sociedad-10246858.html#foto=1\" class=\"button swiper-button-next\" id=\"swiperButtonNext\" rel=\"nofollow noopener\" target=\"_blank\">Ver galer\u00eda &gt;<\/a><\/p>\n<p class=\"h3\">\n                                            Estas son las notas de Mikel Recalde el partido de este s\u00e1bado entre la Real y el Athletic.\n                                    <\/p>\n<p><a class=\"swiper-imagen\" href=\"https:\/\/www.noticiasdegipuzkoa.eus\/reala\/2025\/11\/01\/notas-mikel-recalde-real-sociedad-10246858.html#foto=2\" rel=\"nofollow noopener\" target=\"_blank\"><\/p>\n<p>                    <img loading=\"lazy\" decoding=\"async\" src=\"data:image\/png;base64,iVBORw0KGgoAAAANSUhEUgAAAAEAAAABCAQAAAC1HAwCAAAAC0lEQVR42mNkYAAAAAYAAjCB0C8AAAAASUVORK5CYII=\" alt=\" \" height=\"675\" width=\"1200\" style=\" max-height: 675px !important; height: calc( 1vw * 56); \"\/><\/p>\n<p><\/a><br \/>\n                    Los jugadores celebran el gol de Guedes<\/p>\n<p class=\"swiper-slide__author\">Ruben Plaza<\/p>\n<p class=\"swiper-slide__description\">\n                                                                        Estas son las notas de Mikel Recalde el partido de este s\u00e1bado entre la Real y el Athletic.\n                                            <\/p>\n<p><a class=\"swiper-imagen\" href=\"https:\/\/www.noticiasdegipuzkoa.eus\/reala\/2025\/11\/01\/notas-mikel-recalde-real-sociedad-10246858.html#foto=3\" rel=\"nofollow noopener\" target=\"_blank\"><\/p>\n<p>                    <img loading=\"lazy\" decoding=\"async\" src=\"data:image\/png;base64,iVBORw0KGgoAAAANSUhEUgAAAAEAAAABCAQAAAC1HAwCAAAAC0lEQVR42mNkYAAAAAYAAjCB0C8AAAAASUVORK5CYII=\" alt=\" \" height=\"675\" width=\"1200\" style=\" max-height: 675px !important; height: calc( 1vw * 56); \"\/><\/p>\n<p><\/a><br \/>\n                    Alex Remiro<\/p>\n<p class=\"swiper-slide__description\">\n                                                                        3 &#8211; Tiene que salir m\u00e1s. Mucho m\u00e1s. Dominar el \u00e1rea. No pudo hacer nada en el gol, pero el segundo se lo traga de mala manera.\n                                            <\/p>\n<p><a class=\"swiper-imagen\" href=\"https:\/\/www.noticiasdegipuzkoa.eus\/reala\/2025\/11\/01\/notas-mikel-recalde-real-sociedad-10246858.html#foto=4\" rel=\"nofollow noopener\" target=\"_blank\"><\/p>\n<p>                    <img loading=\"lazy\" decoding=\"async\" src=\"data:image\/png;base64,iVBORw0KGgoAAAANSUhEUgAAAAEAAAABCAQAAAC1HAwCAAAAC0lEQVR42mNkYAAAAAYAAjCB0C8AAAAASUVORK5CYII=\" alt=\" \" height=\"675\" width=\"1200\" style=\" max-height: 675px !important; height: calc( 1vw * 56); \"\/><\/p>\n<p><\/a><br \/>\n                    Jon Mikel Aramburu<\/p>\n<p class=\"swiper-slide__description\">\n                                                                        6 &#8211; Seguro y sobrio. Control\u00f3 bien a Nico Williams, aunque sufriera, como es normal.\n                                            <\/p>\n<p><a class=\"swiper-imagen\" href=\"https:\/\/www.noticiasdegipuzkoa.eus\/reala\/2025\/11\/01\/notas-mikel-recalde-real-sociedad-10246858.html#foto=5\" rel=\"nofollow noopener\" target=\"_blank\"><\/p>\n<p>                    <img loading=\"lazy\" decoding=\"async\" src=\"data:image\/png;base64,iVBORw0KGgoAAAANSUhEUgAAAAEAAAABCAQAAAC1HAwCAAAAC0lEQVR42mNkYAAAAAYAAjCB0C8AAAAASUVORK5CYII=\" alt=\" \" height=\"675\" width=\"1200\" style=\" max-height: 675px !important; height: calc( 1vw * 56); \"\/><\/p>\n<p><\/a><br \/>\n                    Jon Martin<\/p>\n<p class=\"swiper-slide__description\">\n                                                                        7 &#8211; Enorme el salto que gana en la jugada del primer gol. Sin apenas errores, titular indiscutible.\n                                            <\/p>\n<p><a class=\"swiper-imagen\" href=\"https:\/\/www.noticiasdegipuzkoa.eus\/reala\/2025\/11\/01\/notas-mikel-recalde-real-sociedad-10246858.html#foto=6\" rel=\"nofollow noopener\" target=\"_blank\"><\/p>\n<p>                    <img loading=\"lazy\" decoding=\"async\" src=\"data:image\/png;base64,iVBORw0KGgoAAAANSUhEUgAAAAEAAAABCAQAAAC1HAwCAAAAC0lEQVR42mNkYAAAAAYAAjCB0C8AAAAASUVORK5CYII=\" alt=\" \" height=\"675\" width=\"1200\" style=\" max-height: 675px !important; height: calc( 1vw * 56); \"\/><\/p>\n<p><\/a><br \/>\n                    Igor Zubeldia<\/p>\n<p class=\"swiper-slide__description\">\n                                                                        6 &#8211; De menos a m\u00e1s, cumpli\u00f3 en el eje de la zaga sin muchos errores.\n                                            <\/p>\n<p><a class=\"swiper-imagen\" href=\"https:\/\/www.noticiasdegipuzkoa.eus\/reala\/2025\/11\/01\/notas-mikel-recalde-real-sociedad-10246858.html#foto=7\" rel=\"nofollow noopener\" target=\"_blank\"><\/p>\n<p>                    <img loading=\"lazy\" decoding=\"async\" src=\"data:image\/png;base64,iVBORw0KGgoAAAANSUhEUgAAAAEAAAABCAQAAAC1HAwCAAAAC0lEQVR42mNkYAAAAAYAAjCB0C8AAAAASUVORK5CYII=\" alt=\" \" height=\"675\" width=\"1200\" style=\" max-height: 675px !important; height: calc( 1vw * 56); \"\/><\/p>\n<p><\/a><br \/>\n                    Sergio G\u00f3mez<\/p>\n<p class=\"swiper-slide__description\">\n                                                                        5 &#8211; \u00a0Un lateral no se puede ver sorprendido en un saque de falta como el del primer gol. Activo y valiente en ataque, aunque sin suerte.\u00a0\n                                            <\/p>\n<p><a class=\"swiper-imagen\" href=\"https:\/\/www.noticiasdegipuzkoa.eus\/reala\/2025\/11\/01\/notas-mikel-recalde-real-sociedad-10246858.html#foto=8\" rel=\"nofollow noopener\" target=\"_blank\"><\/p>\n<p>                    <img loading=\"lazy\" decoding=\"async\" src=\"data:image\/png;base64,iVBORw0KGgoAAAANSUhEUgAAAAEAAAABCAQAAAC1HAwCAAAAC0lEQVR42mNkYAAAAAYAAjCB0C8AAAAASUVORK5CYII=\" alt=\" \" height=\"675\" width=\"1200\" style=\" max-height: 675px !important; height: calc( 1vw * 56); \"\/><\/p>\n<p><\/a><br \/>\n                    Jon Gorrotxategi<\/p>\n<p class=\"swiper-slide__description\">\n                                                                        7 &#8211; Buen partido del mediocentro, que se faj\u00f3 y trat\u00f3 de organizar el juego. Cada vez es m\u00e1s jugador. Y encima marc\u00f3 el gol de la victoria.\n                                            <\/p>\n<p><a class=\"swiper-imagen\" href=\"https:\/\/www.noticiasdegipuzkoa.eus\/reala\/2025\/11\/01\/notas-mikel-recalde-real-sociedad-10246858.html#foto=9\" rel=\"nofollow noopener\" target=\"_blank\"><\/p>\n<p>                    <img loading=\"lazy\" decoding=\"async\" src=\"data:image\/png;base64,iVBORw0KGgoAAAANSUhEUgAAAAEAAAABCAQAAAC1HAwCAAAAC0lEQVR42mNkYAAAAAYAAjCB0C8AAAAASUVORK5CYII=\" alt=\" \" height=\"675\" width=\"1200\" style=\" max-height: 675px !important; height: calc( 1vw * 56); \"\/><\/p>\n<p><\/a><br \/>\n                    Carlos Soler<\/p>\n<p class=\"swiper-slide__description\">\n                                                                        6 &#8211; \u00a0Muy trabajador y con personalidad. Buen pase a Kubo en la acci\u00f3n del gol anulado.\n                                            <\/p>\n<p><a class=\"swiper-imagen\" href=\"https:\/\/www.noticiasdegipuzkoa.eus\/reala\/2025\/11\/01\/notas-mikel-recalde-real-sociedad-10246858.html#foto=10\" rel=\"nofollow noopener\" target=\"_blank\"><\/p>\n<p>                    <img loading=\"lazy\" decoding=\"async\" src=\"data:image\/png;base64,iVBORw0KGgoAAAANSUhEUgAAAAEAAAABCAQAAAC1HAwCAAAAC0lEQVR42mNkYAAAAAYAAjCB0C8AAAAASUVORK5CYII=\" alt=\" \" height=\"675\" width=\"1200\" style=\" max-height: 675px !important; height: calc( 1vw * 56); \"\/><\/p>\n<p><\/a><br \/>\n                    Gon\u00e7alo Guedes<\/p>\n<p class=\"swiper-slide__description\">\n                                                                        7 &#8211; Le cost\u00f3 mucho entrar en juego, pero marc\u00f3 un golazo, con un control magistral. Tambi\u00e9n abri\u00f3 a la banda a Barrenetxea en el primero. Hay que exigirle m\u00e1s continuidad.\n                                            <\/p>\n<p><a class=\"swiper-imagen\" href=\"https:\/\/www.noticiasdegipuzkoa.eus\/reala\/2025\/11\/01\/notas-mikel-recalde-real-sociedad-10246858.html#foto=11\" rel=\"nofollow noopener\" target=\"_blank\"><\/p>\n<p>                    <img loading=\"lazy\" decoding=\"async\" src=\"data:image\/png;base64,iVBORw0KGgoAAAANSUhEUgAAAAEAAAABCAQAAAC1HAwCAAAAC0lEQVR42mNkYAAAAAYAAjCB0C8AAAAASUVORK5CYII=\" alt=\" \" height=\"675\" width=\"1200\" style=\" max-height: 675px !important; height: calc( 1vw * 56); \"\/><\/p>\n<p><\/a><br \/>\n                    Mikel Oyarzabal<\/p>\n<p class=\"swiper-slide__description\">\n                                                                        6 &#8211; Lo luch\u00f3 y lo intent\u00f3 todo pero no tuvo ninguna ocasi\u00f3n de peligro. Esta vez no fue su noche. Gran maniobra en el tercer gol, de crack.\n                                            <\/p>\n<p><a class=\"swiper-imagen\" href=\"https:\/\/www.noticiasdegipuzkoa.eus\/reala\/2025\/11\/01\/notas-mikel-recalde-real-sociedad-10246858.html#foto=12\" rel=\"nofollow noopener\" target=\"_blank\"><\/p>\n<p>                    <img loading=\"lazy\" decoding=\"async\" src=\"data:image\/png;base64,iVBORw0KGgoAAAANSUhEUgAAAAEAAAABCAQAAAC1HAwCAAAAC0lEQVR42mNkYAAAAAYAAjCB0C8AAAAASUVORK5CYII=\" alt=\" \" height=\"675\" width=\"1200\" style=\" max-height: 675px !important; height: calc( 1vw * 56); \"\/><\/p>\n<p><\/a><br \/>\n                    Ander Barrenetxea<\/p>\n<p class=\"swiper-slide__description\">\n                                                                        5 &#8211; Una pena su lesi\u00f3n porque es la luz de este equipo. Lesionado gener\u00f3 el primer gol. H\u00e9roe.\n                                            <\/p>\n<p><a class=\"swiper-imagen\" href=\"https:\/\/www.noticiasdegipuzkoa.eus\/reala\/2025\/11\/01\/notas-mikel-recalde-real-sociedad-10246858.html#foto=13\" rel=\"nofollow noopener\" target=\"_blank\"><\/p>\n<p>                    <img loading=\"lazy\" decoding=\"async\" src=\"data:image\/png;base64,iVBORw0KGgoAAAANSUhEUgAAAAEAAAABCAQAAAC1HAwCAAAAC0lEQVR42mNkYAAAAAYAAjCB0C8AAAAASUVORK5CYII=\" alt=\" \" height=\"675\" width=\"1200\" style=\" max-height: 675px !important; height: calc( 1vw * 56); \"\/><\/p>\n<p><\/a><br \/>\n                    Arsen Zakharyan<\/p>\n<p class=\"swiper-slide__description\">\n                                                                        6 &#8211; Una l\u00e1stima que no valiera su gol. Muy activo, ya es uno m\u00e1s.\n                                            <\/p>\n<p><a class=\"swiper-imagen\" href=\"https:\/\/www.noticiasdegipuzkoa.eus\/reala\/2025\/11\/01\/notas-mikel-recalde-real-sociedad-10246858.html#foto=14\" rel=\"nofollow noopener\" target=\"_blank\"><\/p>\n<p>                    <img loading=\"lazy\" decoding=\"async\" src=\"data:image\/png;base64,iVBORw0KGgoAAAANSUhEUgAAAAEAAAABCAQAAAC1HAwCAAAAC0lEQVR42mNkYAAAAAYAAjCB0C8AAAAASUVORK5CYII=\" alt=\" \" height=\"675\" width=\"1200\" style=\" max-height: 675px !important; height: calc( 1vw * 56); \"\/><\/p>\n<p><\/a><br \/>\n                    Pablo Mar\u00edn<\/p>\n<p class=\"swiper-slide__description\">\n                                                                        Provoc\u00f3 el c\u00f3rner del gol en una buena jugada.\n                                            <\/p>\n<p><a class=\"swiper-imagen\" href=\"https:\/\/www.noticiasdegipuzkoa.eus\/reala\/2025\/11\/01\/notas-mikel-recalde-real-sociedad-10246858.html#foto=15\" rel=\"nofollow noopener\" target=\"_blank\"><\/p>\n<p>                    <img loading=\"lazy\" decoding=\"async\" src=\"data:image\/png;base64,iVBORw0KGgoAAAANSUhEUgAAAAEAAAABCAQAAAC1HAwCAAAAC0lEQVR42mNkYAAAAAYAAjCB0C8AAAAASUVORK5CYII=\" alt=\" \" height=\"675\" width=\"1200\" style=\" max-height: 675px !important; height: calc( 1vw * 56); \"\/><\/p>\n<p><\/a><br \/>\n                    Take Kubo<\/p>\n<p class=\"swiper-slide__description\">\n                                                                        Fabric\u00f3 el tercer gol, que se anul\u00f3. Buena noticia su vuelta. Cre\u00f3 peligro y estuvo activo. Se le necesita.\u00a0\n                                            <\/p>\n<p><a class=\"swiper-imagen\" href=\"https:\/\/www.noticiasdegipuzkoa.eus\/reala\/2025\/11\/01\/notas-mikel-recalde-real-sociedad-10246858.html#foto=16\" rel=\"nofollow noopener\" target=\"_blank\"><\/p>\n<p>                    <img loading=\"lazy\" decoding=\"async\" src=\"data:image\/png;base64,iVBORw0KGgoAAAANSUhEUgAAAAEAAAABCAQAAAC1HAwCAAAAC0lEQVR42mNkYAAAAAYAAjCB0C8AAAAASUVORK5CYII=\" alt=\" \" height=\"675\" width=\"1200\" style=\" max-height: 675px !important; height: calc( 1vw * 56); \"\/><\/p>\n<p><\/a><br \/>\n                    Aihen Mu\u00f1oz<\/p>\n<p class=\"swiper-slide__description\">\n                                                                        \u00a0Se not\u00f3 su entrada. Cerr\u00f3 bien su banda.\n                                            <\/p>\n<p><a class=\"swiper-imagen\" href=\"https:\/\/www.noticiasdegipuzkoa.eus\/reala\/2025\/11\/01\/notas-mikel-recalde-real-sociedad-10246858.html#foto=17\" rel=\"nofollow noopener\" target=\"_blank\"><\/p>\n<p>                    <img loading=\"lazy\" decoding=\"async\" src=\"data:image\/png;base64,iVBORw0KGgoAAAANSUhEUgAAAAEAAAABCAQAAAC1HAwCAAAAC0lEQVR42mNkYAAAAAYAAjCB0C8AAAAASUVORK5CYII=\" alt=\" \" height=\"675\" width=\"1200\" style=\" max-height: 675px !important; height: calc( 1vw * 56); \"\/><\/p>\n<p><\/a><br \/>\n                    Mikel Goti<\/p>\n<p class=\"swiper-slide__description\">\n                                                                        Sin apenas tiempo para el vizcaino.\u00a0\n                                            <\/p>\n<p><a class=\"swiper-imagen\" href=\"https:\/\/www.noticiasdegipuzkoa.eus\/reala\/2025\/11\/01\/notas-mikel-recalde-real-sociedad-10246858.html#foto=18\" rel=\"nofollow noopener\" target=\"_blank\"><\/p>\n<p>                    <img loading=\"lazy\" decoding=\"async\" src=\"data:image\/png;base64,iVBORw0KGgoAAAANSUhEUgAAAAEAAAABCAQAAAC1HAwCAAAAC0lEQVR42mNkYAAAAAYAAjCB0C8AAAAASUVORK5CYII=\" alt=\" \" height=\"675\" width=\"1200\" style=\" max-height: 675px !important; height: calc( 1vw * 56); \"\/><\/p>\n<p><\/a><br \/>\n                    El mejor: Brais M\u00e9ndez<\/p>\n<p class=\"swiper-slide__author\">N.G<\/p>\n<p class=\"swiper-slide__description\">\n                                                                        9 &#8211; Por fin regres\u00f3 la mejor versi\u00f3n del gallego. Estuvo presente en casi todas las ocasiones del equipo txuri-urdin. Marc\u00f3 el primero y fue clave en el segundo con una asistencia a Guedes.\n                                            <\/p>\n<p><a class=\"swiper-imagen\" href=\"https:\/\/www.noticiasdegipuzkoa.eus\/reala\/2025\/11\/01\/notas-mikel-recalde-real-sociedad-10246858.html#foto=19\" rel=\"nofollow noopener\" target=\"_blank\"><\/p>\n<p>                    <img loading=\"lazy\" decoding=\"async\" src=\"data:image\/png;base64,iVBORw0KGgoAAAANSUhEUgAAAAEAAAABCAQAAAC1HAwCAAAAC0lEQVR42mNkYAAAAAYAAjCB0C8AAAAASUVORK5CYII=\" alt=\" \" height=\"675\" width=\"1200\" style=\" max-height: 675px !important; height: calc( 1vw * 56); \"\/><\/p>\n<p><\/a><br \/>\n                    Sergio Francisco<\/p>\n<p class=\"swiper-slide__description\">\n                                                                        6 &#8211; \u00a0Su equipo no es fiable. No es posible que defienda tan mal la estrategia. As\u00ed est\u00e1 condenado al fracaso. Apost\u00f3 por el guion previsto.\u00a0\n                                            <\/p>\n<p><a class=\"swiper-imagen\" href=\"https:\/\/www.noticiasdegipuzkoa.eus\/reala\/2025\/11\/01\/notas-mikel-recalde-real-sociedad-10246858.html#foto=20\" rel=\"nofollow noopener\" target=\"_blank\"><\/p>\n<p>                    <img loading=\"lazy\" decoding=\"async\" src=\"data:image\/png;base64,iVBORw0KGgoAAAANSUhEUgAAAAEAAAABCAQAAAC1HAwCAAAAC0lEQVR42mNkYAAAAAYAAjCB0C8AAAAASUVORK5CYII=\" alt=\" \" height=\"675\" width=\"1200\" style=\" max-height: 675px !important; height: calc( 1vw * 56); \"\/><\/p>\n<p><\/a><br \/>\n                    Jos\u00e9 Luis Munuera<\/p>\n<p class=\"swiper-slide__description\">\n                                                                        1 &#8211; Un arbitraje que les encantar\u00eda a todos cuando juega a domicilio. Y que por supuesto nunca realiza cuando la Real es el visitante. Se le ve el plumero. El segundo tanto es fuera de juego clar\u00edsimo, porque incide en la jugada.\n                                            <\/p>\n<p><a class=\"swiper-imagen\" href=\"https:\/\/www.noticiasdegipuzkoa.eus\/reala\/2025\/11\/01\/notas-mikel-recalde-real-sociedad-10246858.html\" rel=\"nofollow noopener\" target=\"_blank\"><\/p>\n<p>                    <img loading=\"lazy\" decoding=\"async\" src=\"data:image\/png;base64,iVBORw0KGgoAAAANSUhEUgAAAAEAAAABCAQAAAC1HAwCAAAAC0lEQVR42mNkYAAAAAYAAjCB0C8AAAAASUVORK5CYII=\" alt=\" \" height=\"675\" width=\"1200\" style=\" max-height: 675px !important; height: calc( 1vw * 56); \"\/><\/p>\n<p><\/a><br \/>\n                    Ernesto Valverde, durante una rueda de prensa.<\/p>\n<p class=\"swiper-slide__author\">Athletic Club<\/p>\n<p class=\"swiper-slide__description\">\n                                                                        4 &#8211; El Athletic hizo lo justo para intentar sacar un punto de Anoeta.\n                                            <\/p>\n","protected":false},"excerpt":{"rendered":"Mikel Recalde Actualizado: 01\/11\/2025 21:02 Ver galer\u00eda &gt; Estas son las notas de Mikel Recalde el partido de&hellip;\n","protected":false},"author":2,"featured_media":213370,"comment_status":"","ping_status":"","sticky":false,"template":"","format":"standard","meta":{"footnotes":""},"categories":[268],"tags":[168,25,24,280,282,5484,17754,798,57516,281,492,23,167],"class_list":{"0":"post-213369","1":"post","2":"type-post","3":"status-publish","4":"format-standard","5":"has-post-thumbnail","7":"category-futbol","8":"tag-deportes","9":"tag-es","10":"tag-espana","11":"tag-football","12":"tag-futbol","13":"tag-mikel","14":"tag-notas","15":"tag-real","16":"tag-recalde","17":"tag-soccer","18":"tag-sociedad","19":"tag-spain","20":"tag-sports"},"share_on_mastodon":{"url":"https:\/\/pubeurope.com\/@es\/115476694556518113","error":""},"_links":{"self":[{"href":"https:\/\/www.europesays.com\/es\/wp-json\/wp\/v2\/posts\/213369","targetHints":{"allow":["GET"]}}],"collection":[{"href":"https:\/\/www.europesays.com\/es\/wp-json\/wp\/v2\/posts"}],"about":[{"href":"https:\/\/www.europesays.com\/es\/wp-json\/wp\/v2\/types\/post"}],"author":[{"embeddable":true,"href":"https:\/\/www.europesays.com\/es\/wp-json\/wp\/v2\/users\/2"}],"replies":[{"embeddable":true,"href":"https:\/\/www.europesays.com\/es\/wp-json\/wp\/v2\/comments?post=213369"}],"version-history":[{"count":0,"href":"https:\/\/www.europesays.com\/es\/wp-json\/wp\/v2\/posts\/213369\/revisions"}],"wp:featuredmedia":[{"embeddable":true,"href":"https:\/\/www.europesays.com\/es\/wp-json\/wp\/v2\/media\/213370"}],"wp:attachment":[{"href":"https:\/\/www.europesays.com\/es\/wp-json\/wp\/v2\/media?parent=213369"}],"wp:term":[{"taxonomy":"category","embeddable":true,"href":"https:\/\/www.europesays.com\/es\/wp-json\/wp\/v2\/categories?post=213369"},{"taxonomy":"post_tag","embeddable":true,"href":"https:\/\/www.europesays.com\/es\/wp-json\/wp\/v2\/tags?post=213369"}],"curies":[{"name":"wp","href":"https:\/\/api.w.org\/{rel}","templated":true}]}}