{"id":213373,"date":"2025-11-01T22:02:10","date_gmt":"2025-11-01T22:02:10","guid":{"rendered":"https:\/\/www.europesays.com\/es\/213373\/"},"modified":"2025-11-01T22:02:10","modified_gmt":"2025-11-01T22:02:10","slug":"anastasia-marchenkova-galerista-de-marbella-aqui-los-clientes-buscan-obras-que-sean-decorativas-pero-tambien-que-tengan-un-significado-la-gente-esta-descubriendo-que-el-arte-es-un-valor-se","status":"publish","type":"post","link":"https:\/\/www.europesays.com\/es\/213373\/","title":{"rendered":"Anastasia Marchenkova, galerista de Marbella: \u201cAqu\u00ed los clientes buscan obras que sean decorativas pero tambi\u00e9n que tengan un significado. La gente est\u00e1 descubriendo que el arte es un valor seguro y en alza\u00bb"},"content":{"rendered":"<p><img decoding=\"async\" alt=\"En su galer\u00eda hay obras de gran formato y que pueden costar hasta 50.000 euros. Foto Anastasia Gaidash.\" loading=\"lazy\" class=\"ResponsiveImageContainer-eNxvmU cfBbTk responsive-image__image\"   src=\"https:\/\/www.europesays.com\/es\/wp-content\/uploads\/2025\/11\/2023-03-05%2008.38.59.JPG\"\/><\/p>\n<p>En su galer\u00eda hay obras de gran formato y que pueden costar hasta 50.000 euros. Foto: Anastasia Gaidash.<\/p>\n<p>\u201c<a href=\"https:\/\/www.revistavanityfair.es\/articulos\/conde-rudi-marbella-club-historia\" rel=\"nofollow noopener\" target=\"_blank\">Marbella<\/a> es un lugar de contrastes. Puedes encontrarte con gente local, muy abierta, y personas de diferentes nacionalidades y caracteres. Los restaurantes y hoteles son de primer nivel, la calidad de vida es muy alta y hay un gran nivel adquisitivo\u201d, algo que para su negocio es fundamental. \u201cAqu\u00ed los clientes buscan obras que sean decorativas pero tambi\u00e9n que tengan un significado. La particularidad de <a href=\"https:\/\/www.revistavanityfair.es\/branded\/articulos\/fiesta-vanity-fair-kilian-paris-marbella\" rel=\"nofollow noopener\" target=\"_blank\">Marbella<\/a> es que hay viviendas de grandes dimensiones y no es f\u00e1cil llenar estancias tan enormes. Por ello siempre tenemos una selecci\u00f3n de obras de gran formato. Adem\u00e1s, la zona est\u00e1 creciendo mucho a nivel art\u00edstico. <strong>La gente est\u00e1 descubriendo que el arte es un valor seguro y en alza.<\/strong> Las inmobiliarias han descubierto el gran reclamo de vender las grandes villas decoradas con arte de calidad y el valor a\u00f1adido que dan a la propiedad\u201d, revela.<\/p>\n<p>A la hora de montar una exposici\u00f3n, es clave encontrar un concepto \u00fanico. \u201cEs importante que los artistas que escojo est\u00e9n integrados dentro de la historia que quiero contar en los cuatro meses que estar\u00e1n expuestos. Luego busco qu\u00e9 artistas encajan y cu\u00e1les de sus obras se acoplan a mi idea\u201d, afirma. Si ella tuviera que invertir, tiene claro en qui\u00e9nes lo har\u00eda: \u201c<strong>Maria Who,<\/strong> una joven pintora rusa de estilo simbolista abstracto; <strong>el marroqu\u00ed Khalid Nadif,<\/strong> cuyas obras expresionistas tienen un impacto visual por su colorido; <strong>Paulina Okurowska<\/strong>, de origen polaco y que usa piezas de pizarra para construir paisajes abstractos, y el espa\u00f1ol <strong>\u00c1ngel Orcajo,<\/strong> que estudi\u00f3 en Par\u00eds con Marc Chagall y sus obras est\u00e1n en los mejores museos\u201d. Porque al final, en la vida de Marchenkova, todo vuelve a Chagall.<\/p>\n<p><img decoding=\"async\" alt=\"La galerista junto a la pintura El viento del alma del madrile\u00f1o \u00c1ngel Orcajo.\" loading=\"lazy\" class=\"ResponsiveImageContainer-eNxvmU cfBbTk responsive-image__image\"   src=\"https:\/\/www.europesays.com\/es\/wp-content\/uploads\/2025\/11\/1000354164.jpg\"\/><\/p>\n<p>La galerista junto a la pintura El viento del alma del madrile\u00f1o \u00c1ngel Orcajo.<\/p>\n<p>El precio del arte<\/p>\n<p><strong>Hasta 50.000 euros<\/strong> cuesta la obra m\u00e1s cara que se ha expuesto en la galer\u00eda marbell\u00ed de Marchenkova, una pintura titulada <strong>El viento del alma del madrile\u00f1o \u00c1ngel Orcajo<\/strong>, cuyas obras son un viaje a las profundidades de las emociones humanas. Esa obra no lleg\u00f3 a venderse, pero s\u00ed que tuvo comprador su <strong>Homenaje a Friedrich<\/strong>, un lienzo \u201cque actualmente est\u00e1 decorando una gran villa de una capital del este de Europa. La obra se vendi\u00f3 por m\u00e1s de 25.000 euros\u201d, nos revela. Pero, \u00bfqu\u00e9 determina el valor de una pieza? \u201cHoy en d\u00eda, si el artista tiene cierto nombre, es f\u00e1cil encontrar su valor y el de sus obras. Puede estudiarse su trayectoria, d\u00f3nde ha expuesto, si sus trabajos han sido subastados&#8230; Aunque el gusto personal y la intuici\u00f3n influyen para apostar por artistas emergentes\u201d, explica.<\/p>\n","protected":false},"excerpt":{"rendered":"En su galer\u00eda hay obras de gran formato y que pueden costar hasta 50.000 euros. Foto: Anastasia Gaidash.&hellip;\n","protected":false},"author":2,"featured_media":213374,"comment_status":"","ping_status":"","sticky":false,"template":"","format":"standard","meta":{"footnotes":""},"categories":[173],"tags":[229,233,231,230,232,234,146,147,2958,25,24,2492,23],"class_list":{"0":"post-213373","1":"post","2":"type-post","3":"status-publish","4":"format-standard","5":"has-post-thumbnail","7":"category-arte-y-diseno","8":"tag-arte","9":"tag-arte-y-diseno","10":"tag-arts","11":"tag-arts-and-design","12":"tag-design","13":"tag-diseno","14":"tag-entertainment","15":"tag-entretenimiento","16":"tag-entrevistas","17":"tag-es","18":"tag-espana","19":"tag-marbella","20":"tag-spain"},"share_on_mastodon":{"url":"https:\/\/pubeurope.com\/@es\/115476702547064618","error":""},"_links":{"self":[{"href":"https:\/\/www.europesays.com\/es\/wp-json\/wp\/v2\/posts\/213373","targetHints":{"allow":["GET"]}}],"collection":[{"href":"https:\/\/www.europesays.com\/es\/wp-json\/wp\/v2\/posts"}],"about":[{"href":"https:\/\/www.europesays.com\/es\/wp-json\/wp\/v2\/types\/post"}],"author":[{"embeddable":true,"href":"https:\/\/www.europesays.com\/es\/wp-json\/wp\/v2\/users\/2"}],"replies":[{"embeddable":true,"href":"https:\/\/www.europesays.com\/es\/wp-json\/wp\/v2\/comments?post=213373"}],"version-history":[{"count":0,"href":"https:\/\/www.europesays.com\/es\/wp-json\/wp\/v2\/posts\/213373\/revisions"}],"wp:featuredmedia":[{"embeddable":true,"href":"https:\/\/www.europesays.com\/es\/wp-json\/wp\/v2\/media\/213374"}],"wp:attachment":[{"href":"https:\/\/www.europesays.com\/es\/wp-json\/wp\/v2\/media?parent=213373"}],"wp:term":[{"taxonomy":"category","embeddable":true,"href":"https:\/\/www.europesays.com\/es\/wp-json\/wp\/v2\/categories?post=213373"},{"taxonomy":"post_tag","embeddable":true,"href":"https:\/\/www.europesays.com\/es\/wp-json\/wp\/v2\/tags?post=213373"}],"curies":[{"name":"wp","href":"https:\/\/api.w.org\/{rel}","templated":true}]}}