{"id":213377,"date":"2025-11-01T22:06:08","date_gmt":"2025-11-01T22:06:08","guid":{"rendered":"https:\/\/www.europesays.com\/es\/213377\/"},"modified":"2025-11-01T22:06:08","modified_gmt":"2025-11-01T22:06:08","slug":"la-pelicula-de-terror-que-guillermo-del-toro-james-wan-y-damien-leone-quieren-que-veas","status":"publish","type":"post","link":"https:\/\/www.europesays.com\/es\/213377\/","title":{"rendered":"La pel\u00edcula de terror que Guillermo del Toro, James Wan y Damien Leone quieren que veas"},"content":{"rendered":"<p class=\"c-paragraph\">Despu\u00e9s de la jugada maestra que result\u00f3 el secretismo de\u00a0<a href=\"https:\/\/www.20minutos.es\/cinemania\/noticias\/longlegs-pelicula-terror-nicolas-cage-maika-monroe-fecha-estreno-trailer-5341801\/\" rel=\"nofollow noopener\" target=\"_blank\">Longlegs<\/a>, el cineasta <b>Osgood Perkins<\/b> repite f\u00f3rmula. Su <b>nueva pel\u00edcula, Keeper<\/b>, tan solo nos ha mostrado estos meses una serie de adelantos misteriosos y una sinopsis escueta para que los espectadores se hagan muchas preguntas.<\/p>\n<p class=\"c-paragraph\"><b>\u00ab\u00bfPor qu\u00e9 siempre tiene que terminar?<\/b>\u00ab, era la \u00fanica frase que acompa\u00f1aba a los primeros avances, donde se nos mostraban los pensamientos de una pareja que desconfiaba el uno del otro. Todo acompa\u00f1ado de una serie de<b> im\u00e1genes espeluznantes, sangrientas y cr\u00edpticas<\/b>.\u00a0<\/p>\n<p class=\"c-paragraph\">Ahora, una serie de directores aclamados del cine de terror y de fantas\u00eda ya han podido ver en primicia la pel\u00edcula y han hecho que las ganas de ver este t\u00edtulo incrementen considerablemente.\u00a0<b>Guillermo del Toro <\/b>(Frankenstein), <b>James Wan<\/b> (Insidious) o <b>Damien Leone<\/b> (Terrifier) <b>ofrec\u00edan una primera valoraci\u00f3n<\/b>, de la que se hac\u00eda eco la compa\u00f1\u00eda Neon, quien distribuye el filme a nivel internacional.\u00a0<\/p>\n<p class=\"c-paragraph\">\u00abKeeper es puro Perkins. <b>Origami de terror que se pliega h\u00e1bilmente sobre s\u00ed mismo<\/b>\u00ab, ha se\u00f1alado del Toro, cuyas palabras eran apoyadas por Wan, quien afirma que la pel\u00edcula es \u00ab<b>un aterrador y fantasmal descenso a la locura\u00bb<\/b>. Por su parte, Leone finiquitaba afirmando que <b>\u00abPerkins se consolida como una voz formidable en el g\u00e9nero de terror\u00bb<\/b>.\u00a0<\/p>\n<p class=\"c-paragraph\">Estas palabras llegan en <b>uno de los mejores momentos en la carrera de Osgood Perkins,<\/b> hijo del ic\u00f3nico Anthony Perkins (Psicosis), quien este mismo a\u00f1o estrenaba tambi\u00e9n con \u00e9xito<a href=\"https:\/\/www.20minutos.es\/cinemania\/criticas\/critica-the-monkey-mono-adaptacion-stephen-king-humor-negro-altura-relato-original-5683487\/\" rel=\"nofollow noopener\" target=\"_blank\"> <b>The Monkey<\/b><\/a>, la adaptaci\u00f3n del c\u00e9lebre relato de Stephen King.\u00a0<\/p>\n<p class=\"c-paragraph\">Antes del estreno de Keeper, Perkins se encuentra tambi\u00e9n rodando otro nuevo proyecto,<b> The Young People<\/b>, del que a\u00fan sabemos bien poco, m\u00e1s all\u00e1 de que ser\u00e1 protagonizado por Nico Parker (The Last of Us) y Lola Tung (El verano en que me enamor\u00e9).<\/p>\n<p class=\"c-paragraph\">Aunque el norteamericano sobresal\u00eda con\u00a0Longlegs, protagonizada por unos inmensos Maika Monroe y Nicolas Cage, lo cierto es que Perkins lleva <b>muchos a\u00f1os luchando por encontrar un hueco<\/b> en el cine de terror, como ya demostraba con <b>La enviada del mal<\/b> o Gretel &amp; Hansel. Un oscuro cuento de hadas. Ahora, parece que el cineasta ha encontrado finalmente su tan ansiado y merecido puesto.<\/p>\n","protected":false},"excerpt":{"rendered":"Despu\u00e9s de la jugada maestra que result\u00f3 el secretismo de\u00a0Longlegs, el cineasta Osgood Perkins repite f\u00f3rmula. Su nueva&hellip;\n","protected":false},"author":2,"featured_media":213378,"comment_status":"","ping_status":"","sticky":false,"template":"","format":"standard","meta":{"footnotes":""},"categories":[169],"tags":[57517,177,146,147,25,24,56523,176,175,1257,2074,23,6667],"class_list":{"0":"post-213377","1":"post","2":"type-post","3":"status-publish","4":"format-standard","5":"has-post-thumbnail","7":"category-cine","8":"tag-aterradora","9":"tag-cine","10":"tag-entertainment","11":"tag-entretenimiento","12":"tag-es","13":"tag-espana","14":"tag-fantasmal","15":"tag-film","16":"tag-movies","17":"tag-pelicula","18":"tag-que","19":"tag-spain","20":"tag-terror"},"share_on_mastodon":{"url":"https:\/\/pubeurope.com\/@es\/115476718183206715","error":""},"_links":{"self":[{"href":"https:\/\/www.europesays.com\/es\/wp-json\/wp\/v2\/posts\/213377","targetHints":{"allow":["GET"]}}],"collection":[{"href":"https:\/\/www.europesays.com\/es\/wp-json\/wp\/v2\/posts"}],"about":[{"href":"https:\/\/www.europesays.com\/es\/wp-json\/wp\/v2\/types\/post"}],"author":[{"embeddable":true,"href":"https:\/\/www.europesays.com\/es\/wp-json\/wp\/v2\/users\/2"}],"replies":[{"embeddable":true,"href":"https:\/\/www.europesays.com\/es\/wp-json\/wp\/v2\/comments?post=213377"}],"version-history":[{"count":0,"href":"https:\/\/www.europesays.com\/es\/wp-json\/wp\/v2\/posts\/213377\/revisions"}],"wp:featuredmedia":[{"embeddable":true,"href":"https:\/\/www.europesays.com\/es\/wp-json\/wp\/v2\/media\/213378"}],"wp:attachment":[{"href":"https:\/\/www.europesays.com\/es\/wp-json\/wp\/v2\/media?parent=213377"}],"wp:term":[{"taxonomy":"category","embeddable":true,"href":"https:\/\/www.europesays.com\/es\/wp-json\/wp\/v2\/categories?post=213377"},{"taxonomy":"post_tag","embeddable":true,"href":"https:\/\/www.europesays.com\/es\/wp-json\/wp\/v2\/tags?post=213377"}],"curies":[{"name":"wp","href":"https:\/\/api.w.org\/{rel}","templated":true}]}}