{"id":213382,"date":"2025-11-01T22:09:10","date_gmt":"2025-11-01T22:09:10","guid":{"rendered":"https:\/\/www.europesays.com\/es\/213382\/"},"modified":"2025-11-01T22:09:10","modified_gmt":"2025-11-01T22:09:10","slug":"la-bacteria-se-comio-una-valvula","status":"publish","type":"post","link":"https:\/\/www.europesays.com\/es\/213382\/","title":{"rendered":"La bacteria se comi\u00f3 una v\u00e1lvula"},"content":{"rendered":"<p class=\"c-paragraph\">Tras un par de semanas alejada de la televisi\u00f3n, <b>Lydia Lozano ha reaparecido en<\/b><b> \u00a1De viernes!<\/b> para ocupar su puesto como colaboradora. Pero, antes de volver al trabajo, la televisiva ha pasado por el sof\u00e1 como invitada para actualizar <b>el estado de salud de su marido<\/b> y desvelar la verdadera causa que <b>lo ha llevado a pasar por quir\u00f3fano.\u00a0<\/b><\/p>\n<p class=\"c-paragraph\">\u00abEstoy aqu\u00ed porque <b>Charly me dijo: &#8216;vete a trabajar,<\/b> creo que lo necesitas, creo que <b>te est\u00e1s volviendo loca&#8217;<\/b>, y le tom\u00e9 la palabra\u00bb, ha comentado con humor Lozano al entrar en el plat\u00f3 del formato de Telecinco. <b>Las l\u00e1grimas no han tardado en aparecer<\/b> cuando la colaboradora ha agradecido a todos aquellos que le han mandado mensajes de apoyo.\u00a0<\/p>\n<p class=\"c-paragraph\">Tras meses con molestias de espalda, los m\u00e9dicos detectaron que <b>la causante de los problemas de salud<\/b> del marido de Lydia Lozano era una <b>bacteria<\/b>. \u00abHacen un cultivo y bueno, yo no sab\u00eda que por el mundo bacteria pasas tanto tiempo en un hospital\u00bb, ha contado ala televisiva.\u00a0<\/p>\n<p class=\"c-paragraph\">Lydia Lozano se ha vuelto a romper al desvelar el motivo por el que la noche del <b>pasado viernes tampoco acudi\u00f3 a trabajar<\/b>. \u00abNo pude venir porque <b>a Charly lo operaban del coraz\u00f3n.<\/b> La bacteria se comi\u00f3 una v\u00e1lvula\u00bb, ha explicado la colaboradora del formato.\u00a0<\/p>\n<p class=\"c-paragraph\">Sin poder aguantar las l\u00e1grimas y tratando de quitarle hierro al asunto, Lydia Lozano se ha dirigido a su marido a trav\u00e9s de la c\u00e1mara: <b>\u00abCharly, si me est\u00e1s viendo, apaga la televisi\u00f3n\u00bb.\u00a0<\/b><\/p>\n<p class=\"c-paragraph\">\u00abQue de repente te digan que tienen que hacer una operaci\u00f3n&#8230; Te enfrentas a esto y <b>la verdad que impresiona mucho\u00bb<\/b>, ha a\u00f1adido Lozano, que se ha dirigido a sus compa\u00f1eros con una pregunta con la que ha provocado la risa en el plat\u00f3: <b>\u00ab\u00bfY mi silla?\u00bb.\u00a0<\/b><\/p>\n<p class=\"c-paragraph\">La televisiva ha actualizado la situaci\u00f3n en la que se encuentra su marido y, tras quitarle la v\u00e1lvula, <b>\u00abtienen que hacerle anal\u00edticas para saber si la bacteria se ha reproducido\u00bb.<\/b> Al tener que someterse a un tratamiento de antibi\u00f3tico intravenoso, Charly <b>tendr\u00e1 que estar \u00aben el hospital por lo menos cinco o seis semanas\u00bb.\u00a0<\/b><\/p>\n<p class=\"c-paragraph\">Lydia Lozano es <b>el principal apoyo de Charly<\/b>, con el que ha asegurado que pasa \u00abtodo el rato\u00bb. <b>\u00abEsos dos d\u00edas no pod\u00eda parar de llorar. Pas\u00e9 miedo\u00bb,<\/b> ha comentado la colaboradora, refiri\u00e9ndose al momento en el que le informaron de que <b>su marido tendr\u00eda que pasar por quir\u00f3fano.\u00a0<\/b><\/p>\n<p class=\"c-paragraph\">A pesar del duro bache de salud por el que su marido atraviesa, Lozano ha asegurado que <b>\u00abes muy buen enfermo\u00bb <\/b>y que \u00ablas enfermeras lo adoran\u00bb. <b>\u00abLo est\u00e1n cuidando como si fuera yo\u00bb,<\/b> ha asegurado la periodista, que ha aprovechado para volver a dar las gracias \u00aba todo el equipo de enfermeros\u00bb que, adem\u00e1s,\u00a0<b>la animaron a regresar al trabajo.\u00a0<\/b><\/p>\n","protected":false},"excerpt":{"rendered":"Tras un par de semanas alejada de la televisi\u00f3n, Lydia Lozano ha reaparecido en \u00a1De viernes! para ocupar&hellip;\n","protected":false},"author":2,"featured_media":213383,"comment_status":"","ping_status":"","sticky":false,"template":"","format":"standard","meta":{"footnotes":""},"categories":[91],"tags":[146,147,25,24,9264,14101,30591,105,7745,23],"class_list":{"0":"post-213382","1":"post","2":"type-post","3":"status-publish","4":"format-standard","5":"has-post-thumbnail","7":"category-entretenimiento","8":"tag-entertainment","9":"tag-entretenimiento","10":"tag-es","11":"tag-espana","12":"tag-hablar","13":"tag-lozano","14":"tag-lydia","15":"tag-rompe","16":"tag-se","17":"tag-spain"},"share_on_mastodon":{"url":"https:\/\/pubeurope.com\/@es\/115476729915670517","error":""},"_links":{"self":[{"href":"https:\/\/www.europesays.com\/es\/wp-json\/wp\/v2\/posts\/213382","targetHints":{"allow":["GET"]}}],"collection":[{"href":"https:\/\/www.europesays.com\/es\/wp-json\/wp\/v2\/posts"}],"about":[{"href":"https:\/\/www.europesays.com\/es\/wp-json\/wp\/v2\/types\/post"}],"author":[{"embeddable":true,"href":"https:\/\/www.europesays.com\/es\/wp-json\/wp\/v2\/users\/2"}],"replies":[{"embeddable":true,"href":"https:\/\/www.europesays.com\/es\/wp-json\/wp\/v2\/comments?post=213382"}],"version-history":[{"count":0,"href":"https:\/\/www.europesays.com\/es\/wp-json\/wp\/v2\/posts\/213382\/revisions"}],"wp:featuredmedia":[{"embeddable":true,"href":"https:\/\/www.europesays.com\/es\/wp-json\/wp\/v2\/media\/213383"}],"wp:attachment":[{"href":"https:\/\/www.europesays.com\/es\/wp-json\/wp\/v2\/media?parent=213382"}],"wp:term":[{"taxonomy":"category","embeddable":true,"href":"https:\/\/www.europesays.com\/es\/wp-json\/wp\/v2\/categories?post=213382"},{"taxonomy":"post_tag","embeddable":true,"href":"https:\/\/www.europesays.com\/es\/wp-json\/wp\/v2\/tags?post=213382"}],"curies":[{"name":"wp","href":"https:\/\/api.w.org\/{rel}","templated":true}]}}