{"id":213386,"date":"2025-11-01T22:12:11","date_gmt":"2025-11-01T22:12:11","guid":{"rendered":"https:\/\/www.europesays.com\/es\/213386\/"},"modified":"2025-11-01T22:12:11","modified_gmt":"2025-11-01T22:12:11","slug":"dos-aviones-chocan-en-pista-en-nueva-york","status":"publish","type":"post","link":"https:\/\/www.europesays.com\/es\/213386\/","title":{"rendered":"Dos aviones chocan en pista en Nueva York"},"content":{"rendered":"<p>\n        Dos aviones comerciales chocaron el viernes en pista sin que se produjeran heridos en el <strong>aeropuerto neoyorquino de LaGuardia<\/strong>, el cual se vio afectado durante toda la jornada por la <strong>escasez de controladores a\u00e9reos<\/strong> debido al cierre del Gobierno Federal en <a href=\"https:\/\/www.noticiasdenavarra.com\/tags\/eeuu\/\" title=\"EEUU\" target=\"_blank\" class=\"link copy\" rel=\"nofollow noopener\"><strong>EEUU<\/strong><\/a>.\n<\/p>\n<p class=\"article-body__text \">\n        E<strong>l vuelo 580 de United Airlines<\/strong> aterriz\u00f3 procedente de Chicago y cuando se dirig\u00eda a su puerta de llegada <strong>choc\u00f3 contra la cola del vuelo 434 de la misma aerol\u00ednea<\/strong>, que se encontraba detenido en pista a la espera de despegar rumbo a Houston.\n<\/p>\n<p class=\"article-body__text \">\n        El incidente <strong>oblig\u00f3 al desembarque de todos los pasajeros<\/strong> y en \u00faltima instancia supuso la <strong>cancelaci\u00f3n del <\/strong><a href=\"https:\/\/www.noticiasdenavarra.com\/tags\/vuelo\/\" title=\"vuelo\" target=\"_blank\" class=\"link copy\" rel=\"nofollow noopener\"><strong>vuelo<\/strong><\/a><strong> a Texas<\/strong>.\n<\/p>\n<p class=\"article-body__text \">\n        El incidente se produjo a \u00faltima hora de una <strong>jornada ca\u00f3tica en los aeropuertos de Nueva York<\/strong> merced al viento y a la mencionada escasez de controladores.\n<\/p>\n<p class=\"article-body__text \">\n        Tanto <strong>LaGuardia<\/strong>, enfocado al tr\u00e1fico dom\u00e9stico, como el <strong>John F. Kennedy<\/strong>, uno de los dos <a href=\"https:\/\/www.noticiasdenavarra.com\/tags\/aeropuertos\/\" title=\"aeropuertos\" target=\"_blank\" class=\"link copy\" rel=\"nofollow noopener\"><strong>aeropuertos <\/strong><\/a>internacionales de Nueva York, tuvieron que<strong> suspender ayer temporalmente los despegues de aeronaves<\/strong> ante la falta de controladores.\n<\/p>\n<p class=\"article-body__text \">\n        Existe una creciente inquietud en EE.UU. por la posibilidad de que los controladores a\u00e9reos, que se cuentan entre los 730.000 empleados federales que est\u00e1n cubriendo labores esenciales pero que no cobrar\u00e1n sus sueldos hasta que se levante el cierre, puedan comenzar a ausentarse en mayor n\u00famero de sus puestos ante la <strong>excesiva carga de trabajo que est\u00e1n soportando<\/strong>.\n<\/p>\n<p class=\"article-body__text \">\n        En el cierre de Gobierno de 2018-2019, el m\u00e1s largo en la historia de EE.UU., fueron las <strong>bajas de los controladores<\/strong> <strong>las que<\/strong>, al paralizar parte del tr\u00e1fico a\u00e9reo del pa\u00eds,<strong> forzaron a republicanos y dem\u00f3cratas a alcanzar un acuerdo en el legislativo<\/strong>.\n<\/p>\n<p class=\"article-body__text \">\n        El bloqueo en el que se encuentra actualmente el Senado estadounidense pasa por las demandas de los dem\u00f3cratas que, para dar a los republicanos los votos que necesitan para aprobar un presupuesto que levante el cierre del Gobierno Federal, exigen que <strong>se prolonguen los subsidios del programa sanitario Obamacare que caducan a final de a\u00f1o<\/strong>.\u00a0<\/p>\n","protected":false},"excerpt":{"rendered":"Dos aviones comerciales chocaron el viernes en pista sin que se produjeran heridos en el aeropuerto neoyorquino de&hellip;\n","protected":false},"author":2,"featured_media":213387,"comment_status":"","ping_status":"","sticky":false,"template":"","format":"standard","meta":{"footnotes":""},"categories":[42],"tags":[17,18,19634,57520,57518,115,57519,31216,13,14,11,61,62,63,64,19,20,9,10,15,16,896,12,21,22,65,66,67],"class_list":{"0":"post-213386","1":"post","2":"type-post","3":"status-publish","4":"format-standard","5":"has-post-thumbnail","7":"category-internacional","8":"tag-breaking-news","9":"tag-breakingnews","10":"tag-chocan","11":"tag-controladores","12":"tag-dos-aviones","13":"tag-eeuu","14":"tag-en-pista","15":"tag-escasez","16":"tag-featured-news","17":"tag-featurednews","18":"tag-headlines","19":"tag-internacional","20":"tag-international","21":"tag-international-news","22":"tag-internationalnews","23":"tag-latest-news","24":"tag-latestnews","25":"tag-news","26":"tag-noticias","27":"tag-noticias-destacadas","28":"tag-noticiasdestacadas","29":"tag-nueva-york","30":"tag-titulares","31":"tag-ultimas-noticias","32":"tag-ultimasnoticias","33":"tag-world","34":"tag-world-news","35":"tag-worldnews"},"share_on_mastodon":{"url":"https:\/\/pubeurope.com\/@es\/115476741816033892","error":""},"_links":{"self":[{"href":"https:\/\/www.europesays.com\/es\/wp-json\/wp\/v2\/posts\/213386","targetHints":{"allow":["GET"]}}],"collection":[{"href":"https:\/\/www.europesays.com\/es\/wp-json\/wp\/v2\/posts"}],"about":[{"href":"https:\/\/www.europesays.com\/es\/wp-json\/wp\/v2\/types\/post"}],"author":[{"embeddable":true,"href":"https:\/\/www.europesays.com\/es\/wp-json\/wp\/v2\/users\/2"}],"replies":[{"embeddable":true,"href":"https:\/\/www.europesays.com\/es\/wp-json\/wp\/v2\/comments?post=213386"}],"version-history":[{"count":0,"href":"https:\/\/www.europesays.com\/es\/wp-json\/wp\/v2\/posts\/213386\/revisions"}],"wp:featuredmedia":[{"embeddable":true,"href":"https:\/\/www.europesays.com\/es\/wp-json\/wp\/v2\/media\/213387"}],"wp:attachment":[{"href":"https:\/\/www.europesays.com\/es\/wp-json\/wp\/v2\/media?parent=213386"}],"wp:term":[{"taxonomy":"category","embeddable":true,"href":"https:\/\/www.europesays.com\/es\/wp-json\/wp\/v2\/categories?post=213386"},{"taxonomy":"post_tag","embeddable":true,"href":"https:\/\/www.europesays.com\/es\/wp-json\/wp\/v2\/tags?post=213386"}],"curies":[{"name":"wp","href":"https:\/\/api.w.org\/{rel}","templated":true}]}}