{"id":213390,"date":"2025-11-01T22:14:10","date_gmt":"2025-11-01T22:14:10","guid":{"rendered":"https:\/\/www.europesays.com\/es\/213390\/"},"modified":"2025-11-01T22:14:10","modified_gmt":"2025-11-01T22:14:10","slug":"maribel-vilaplana-en-el-hospital-tras-sufrir-una-crisis","status":"publish","type":"post","link":"https:\/\/www.europesays.com\/es\/213390\/","title":{"rendered":"Maribel Vilaplana, en el hospital tras sufrir una crisis"},"content":{"rendered":"<p class=\"ft-text ft-helper-closenews\"><strong>La periodista Maribel Vilaplana ha acudido a un centro hospitalario<\/strong> tras sufrir, tal como ha podido confirmar este peri\u00f3dico, <strong>una crisis. <\/strong>Tal como relatan desde el c\u00edrculo m\u00e1s pr\u00f3ximo de la comunicadora, Vilaplana ha tenido que ser atendida por los servicios sanitarios tras acudir a un hospital con un grave cuadro de ansiedad y tensi\u00f3n durante las \u00faltimas horas.<\/p>\n<p class=\"ft-text\">Seg\u00fan confirman estas mismas fuentes, Vilaplana permanece en las instalaciones hospitalarias. La crisis se produce apenas unas horas despu\u00e9s de <a class=\"ft-link ft-link--decoration\" href=\"https:\/\/www.levante-emv.com\/comunitat-valenciana\/2025\/11\/01\/vilaplana-enseno-video-utiel-inundado-123261503.html\" rel=\"nofollow noopener\" target=\"_blank\">la publicaci\u00f3n en exclusiva por parte de Levante-EMV de la informaci\u00f3n seg\u00fan la cual la periodista le mostr\u00f3 al presidente de la Generalitat, Carlos Maz\u00f3n, un video con las inundaciones de Utiel<\/a> a las 17:40 horas el pasado 29-O, mientras ambos com\u00edan en el restaurante El Ventorro.<\/p>\n<p class=\"ft-text\">Este episodio nervioso se produce apenas 24 horas antes de que la periodista tenga que acudir a declarar ante la jueza que instruye la causa de la dana el pr\u00f3ximo lunes para responder a las preguntas sobre lo sucedido el pasado 29 de octubre y la cronolog\u00eda de los hechos que sucedi\u00f3 a la comida en El Ventorro.<\/p>\n<p data-close=\"closedContent\" class=\"subscribeHideForDisplay\">Suscr\u00edbete para seguir leyendo<\/p>\n","protected":false},"excerpt":{"rendered":"La periodista Maribel Vilaplana ha acudido a un centro hospitalario tras sufrir, tal como ha podido confirmar este&hellip;\n","protected":false},"author":2,"featured_media":213391,"comment_status":"","ping_status":"","sticky":false,"template":"","format":"standard","meta":{"footnotes":""},"categories":[5],"tags":[4228,17,18,2007,12189,4170,55221,25,24,13,14,11,3345,19,20,707,22165,55219,9,10,15,16,16587,23,18389,12,21,22,36162],"class_list":{"0":"post-213390","1":"post","2":"type-post","3":"status-publish","4":"format-standard","5":"has-post-thumbnail","7":"category-titulares","8":"tag-ansiedad","9":"tag-breaking-news","10":"tag-breakingnews","11":"tag-carlos-mazon","12":"tag-comunitat-valenciana","13":"tag-crisis","14":"tag-el-ventorro","15":"tag-es","16":"tag-espana","17":"tag-featured-news","18":"tag-featurednews","19":"tag-headlines","20":"tag-hospital","21":"tag-latest-news","22":"tag-latestnews","23":"tag-levante-emv","24":"tag-maribel","25":"tag-maribel-vilaplana","26":"tag-news","27":"tag-noticias","28":"tag-noticias-destacadas","29":"tag-noticiasdestacadas","30":"tag-sanitarios","31":"tag-spain","32":"tag-sufrir","33":"tag-titulares","34":"tag-ultimas-noticias","35":"tag-ultimasnoticias","36":"tag-vilaplana"},"share_on_mastodon":{"url":"https:\/\/pubeurope.com\/@es\/115476749578032794","error":""},"_links":{"self":[{"href":"https:\/\/www.europesays.com\/es\/wp-json\/wp\/v2\/posts\/213390","targetHints":{"allow":["GET"]}}],"collection":[{"href":"https:\/\/www.europesays.com\/es\/wp-json\/wp\/v2\/posts"}],"about":[{"href":"https:\/\/www.europesays.com\/es\/wp-json\/wp\/v2\/types\/post"}],"author":[{"embeddable":true,"href":"https:\/\/www.europesays.com\/es\/wp-json\/wp\/v2\/users\/2"}],"replies":[{"embeddable":true,"href":"https:\/\/www.europesays.com\/es\/wp-json\/wp\/v2\/comments?post=213390"}],"version-history":[{"count":0,"href":"https:\/\/www.europesays.com\/es\/wp-json\/wp\/v2\/posts\/213390\/revisions"}],"wp:featuredmedia":[{"embeddable":true,"href":"https:\/\/www.europesays.com\/es\/wp-json\/wp\/v2\/media\/213391"}],"wp:attachment":[{"href":"https:\/\/www.europesays.com\/es\/wp-json\/wp\/v2\/media?parent=213390"}],"wp:term":[{"taxonomy":"category","embeddable":true,"href":"https:\/\/www.europesays.com\/es\/wp-json\/wp\/v2\/categories?post=213390"},{"taxonomy":"post_tag","embeddable":true,"href":"https:\/\/www.europesays.com\/es\/wp-json\/wp\/v2\/tags?post=213390"}],"curies":[{"name":"wp","href":"https:\/\/api.w.org\/{rel}","templated":true}]}}