{"id":213392,"date":"2025-11-01T22:18:09","date_gmt":"2025-11-01T22:18:09","guid":{"rendered":"https:\/\/www.europesays.com\/es\/213392\/"},"modified":"2025-11-01T22:18:09","modified_gmt":"2025-11-01T22:18:09","slug":"esta-semana-se-juega-una-nueva-edicion-del-campeonato-interfederativo-de-juveniles-y-menores","status":"publish","type":"post","link":"https:\/\/www.europesays.com\/es\/213392\/","title":{"rendered":"Esta semana se juega una nueva edici\u00f3n del Campeonato Interfederativo de Juveniles y Menores"},"content":{"rendered":"<p><img fetchpriority=\"high\" decoding=\"async\" class=\"alignnone size-full wp-image-116903\" src=\"https:\/\/www.europesays.com\/es\/wp-content\/uploads\/2025\/11\/amancay.png\" alt=\"\" width=\"1881\" height=\"891\"  \/><\/p>\n<p>Organizado por la\u00a0Federaci\u00f3n Regional de Golf Centro Cuyo, el certamen reunir\u00e1 a equipos de\u00a0Damas y Caballeros\u00a0de las\u00a0diez Federaciones Regionales de Golf y \u00c1rea Metropolitana. Competir\u00e1n jugadores de entre 13 y 22 a\u00f1os, representando a sus regiones en un encuentro que combina deporte, amistad y valores.<\/p>\n<p>El viernes 31 de octubre marcar\u00e1 la llegada de los equipos y el acto inaugural, que incluir\u00e1 el desfile de las delegaciones y la tradicional cena de bienvenida. El s\u00e1bado 1 y domingo 2 de noviembre se jugar\u00e1n las rondas de dieciocho hoyos, en las que los equipos buscar\u00e1n quedarse con el t\u00edtulo.<\/p>\n<p>La competencia concluir\u00e1 el domingo por la tarde con la entrega de premios y el almuerzo de clausura, donde se celebrar\u00e1 no solo a los campeones, sino tambi\u00e9n el esfuerzo y la dedicaci\u00f3n de todos los participantes.<\/p>\n<p>En la edici\u00f3n 2024, disputada en Caril\u00f3 Golf, el equipo de la Federaci\u00f3n Regional del Sur del Litoral y el de la Federaci\u00f3n Regional del Sur fueron los ganadores de la competencia en Caballeros y Damas, respectivamente.<\/p>\n","protected":false},"excerpt":{"rendered":"Organizado por la\u00a0Federaci\u00f3n Regional de Golf Centro Cuyo, el certamen reunir\u00e1 a equipos de\u00a0Damas y Caballeros\u00a0de las\u00a0diez Federaciones&hellip;\n","protected":false},"author":2,"featured_media":213393,"comment_status":"","ping_status":"","sticky":false,"template":"","format":"standard","meta":{"footnotes":""},"categories":[275],"tags":[168,25,24,329,23,167],"class_list":{"0":"post-213392","1":"post","2":"type-post","3":"status-publish","4":"format-standard","5":"has-post-thumbnail","7":"category-golf","8":"tag-deportes","9":"tag-es","10":"tag-espana","11":"tag-golf","12":"tag-spain","13":"tag-sports"},"share_on_mastodon":{"url":"https:\/\/pubeurope.com\/@es\/115476765631364340","error":""},"_links":{"self":[{"href":"https:\/\/www.europesays.com\/es\/wp-json\/wp\/v2\/posts\/213392","targetHints":{"allow":["GET"]}}],"collection":[{"href":"https:\/\/www.europesays.com\/es\/wp-json\/wp\/v2\/posts"}],"about":[{"href":"https:\/\/www.europesays.com\/es\/wp-json\/wp\/v2\/types\/post"}],"author":[{"embeddable":true,"href":"https:\/\/www.europesays.com\/es\/wp-json\/wp\/v2\/users\/2"}],"replies":[{"embeddable":true,"href":"https:\/\/www.europesays.com\/es\/wp-json\/wp\/v2\/comments?post=213392"}],"version-history":[{"count":0,"href":"https:\/\/www.europesays.com\/es\/wp-json\/wp\/v2\/posts\/213392\/revisions"}],"wp:featuredmedia":[{"embeddable":true,"href":"https:\/\/www.europesays.com\/es\/wp-json\/wp\/v2\/media\/213393"}],"wp:attachment":[{"href":"https:\/\/www.europesays.com\/es\/wp-json\/wp\/v2\/media?parent=213392"}],"wp:term":[{"taxonomy":"category","embeddable":true,"href":"https:\/\/www.europesays.com\/es\/wp-json\/wp\/v2\/categories?post=213392"},{"taxonomy":"post_tag","embeddable":true,"href":"https:\/\/www.europesays.com\/es\/wp-json\/wp\/v2\/tags?post=213392"}],"curies":[{"name":"wp","href":"https:\/\/api.w.org\/{rel}","templated":true}]}}