{"id":213400,"date":"2025-11-01T22:24:11","date_gmt":"2025-11-01T22:24:11","guid":{"rendered":"https:\/\/www.europesays.com\/es\/213400\/"},"modified":"2025-11-01T22:24:11","modified_gmt":"2025-11-01T22:24:11","slug":"alejandra-rubio-muy-molesta-se-la-devuelve-a-antonio-banderas-en-telecinco-por-criticar-el-intrusismo-laboral","status":"publish","type":"post","link":"https:\/\/www.europesays.com\/es\/213400\/","title":{"rendered":"Alejandra Rubio, muy molesta, se la devuelve a Antonio Banderas en Telecinco por criticar el \u00abintrusismo laboral\u00bb"},"content":{"rendered":"\n<p> La semana pasada, Antonio Banderas concedi\u00f3 unas pol\u00e9micas declaraciones que se interpretaron como un dardo a Terelu Campos: \u00abEs cierto que existe en Espa\u00f1a todav\u00eda un tir\u00f3n del p\u00fablico a asistir a espect\u00e1culos que presentan a estrellas conocidas, <strong>b\u00e1sicamente de la televisi\u00f3n. Desgraciadamente, da igual de qu\u00e9 tipo de programas<\/strong>\u00ab, afirm\u00f3 el actor malague\u00f1o, provocando que algunos pensasen en la hija mayor de Mar\u00eda Teresa Campos. Y es que, recientemente, <strong>Terelu se ha estrenado como actriz de teatro en la funci\u00f3n Santa Lola<\/strong>. <\/p>\n<p> Sin embargo, Banderas aclar\u00f3 ayer en Espejo p\u00fablico que <strong>sus palabras en ning\u00fan momento iban dirigidas a Terelu Campos<\/strong>. De hecho, el malague\u00f1o asegur\u00f3 que nunca se meter\u00eda con Terelu porque es una mujer que le cae \u00abmuy bien\u00bb. A pesar de la importante aclaraci\u00f3n del actor, este mediod\u00eda, <strong>\u00a1Vaya fama! ha omitido las explicaciones de Antonio Banderas<\/strong> y ha continuado d\u00e1ndole p\u00e1bulo a este \u00abconflicto\u00bb. <\/p>\n<p> Aunque Alejandra Rubio no cree que Banderas le dedicase estas controvertidas palabras a su madre, <strong>ha aprovechado para defender que Terelu no est\u00e1 cometiendo \u00abintrusismo laboral\u00bb<\/strong>: \u00abElla est\u00e1 haciendo una obra, que invito a que vayan a verla porque tiene mucho que ver con lo que hacemos en televisi\u00f3n\u00bb, ha defendido Rubio. <\/p>\n<p> <strong>La joven colaboradora ha recordado que ella misma es actriz<\/strong>, puesto que estudi\u00f3 tres a\u00f1os de interpretaci\u00f3n, por lo que no considera que su madre sea \u00abuna intrusa\u00bb: \u00abCreo que es una oportunidad. Todos cogemos oportunidades cuando nos vienen; quien diga lo contrario, miente\u00bb, ha declarado Alejandra Rubio, que ha tirado de cierto retint\u00edn para referirse al actor malague\u00f1o: \u00abAntonio Banderas es Antonio Banderas <strong>y se puede permitir hacer este tipo de comentarios<\/strong>. Es Antonio Banderas, tiene la vida resuelta, le ha ido fenomenal y ya est\u00e1\u00bb. <\/p>\n<p>               Alejandra Rubio hablando de Antonio Banderas en &#8216;\u00a1Vaya fama!&#8217;. (Mediaset)             <\/p>\n<p> A continuaci\u00f3n, Rubio les ha dado la vuelta a las declaraciones del actor malague\u00f1o, <strong>recordando que \u00e9l tiene varios restaurantes: \u00ab\u00bfHas estudiado hosteler\u00eda?<\/strong> Es que si nos ponemos as\u00ed\u2026\u00bb, ha expresado con hartazgo la hija de Terelu Campos. Y es que la sobrina de Carmen Borrego est\u00e1 cansada de este tipo de comentarios. <\/p>\n<p> \u00abOpinar\u00eda lo mismo si [Antonio Banderas] no lo dijese por mi madre. <strong>Es que parece que en este pa\u00eds solo se puede hacer una cosa en la vida<\/strong>. Si eres camarero, no puedes cantar; si eres pintor, no puedes escribir\u2026 Es que es un horror\u00bb, ha sentenciado la hija de Terelu Campos. <\/p>\n<p> La semana pasada, Antonio Banderas concedi\u00f3 unas pol\u00e9micas declaraciones que se interpretaron como un dardo a Terelu Campos: \u00abEs cierto que existe en Espa\u00f1a todav\u00eda un tir\u00f3n del p\u00fablico a asistir a espect\u00e1culos que presentan a estrellas conocidas, <strong>b\u00e1sicamente de la televisi\u00f3n. Desgraciadamente, da igual de qu\u00e9 tipo de programas<\/strong>\u00ab, afirm\u00f3 el actor malague\u00f1o, provocando que algunos pensasen en la hija mayor de Mar\u00eda Teresa Campos. Y es que, recientemente, <strong>Terelu se ha estrenado como actriz de teatro en la funci\u00f3n Santa Lola<\/strong>. <\/p>\n","protected":false},"excerpt":{"rendered":"La semana pasada, Antonio Banderas concedi\u00f3 unas pol\u00e9micas declaraciones que se interpretaron como un dardo a Terelu Campos:&hellip;\n","protected":false},"author":2,"featured_media":213401,"comment_status":"","ping_status":"","sticky":false,"template":"","format":"standard","meta":{"footnotes":""},"categories":[174],"tags":[255,146,147,25,24,256,23],"class_list":{"0":"post-213400","1":"post","2":"type-post","3":"status-publish","4":"format-standard","5":"has-post-thumbnail","7":"category-famosos","8":"tag-celebrities","9":"tag-entertainment","10":"tag-entretenimiento","11":"tag-es","12":"tag-espana","13":"tag-famosos","14":"tag-spain"},"share_on_mastodon":{"url":"https:\/\/pubeurope.com\/@es\/115476788931275890","error":""},"_links":{"self":[{"href":"https:\/\/www.europesays.com\/es\/wp-json\/wp\/v2\/posts\/213400","targetHints":{"allow":["GET"]}}],"collection":[{"href":"https:\/\/www.europesays.com\/es\/wp-json\/wp\/v2\/posts"}],"about":[{"href":"https:\/\/www.europesays.com\/es\/wp-json\/wp\/v2\/types\/post"}],"author":[{"embeddable":true,"href":"https:\/\/www.europesays.com\/es\/wp-json\/wp\/v2\/users\/2"}],"replies":[{"embeddable":true,"href":"https:\/\/www.europesays.com\/es\/wp-json\/wp\/v2\/comments?post=213400"}],"version-history":[{"count":0,"href":"https:\/\/www.europesays.com\/es\/wp-json\/wp\/v2\/posts\/213400\/revisions"}],"wp:featuredmedia":[{"embeddable":true,"href":"https:\/\/www.europesays.com\/es\/wp-json\/wp\/v2\/media\/213401"}],"wp:attachment":[{"href":"https:\/\/www.europesays.com\/es\/wp-json\/wp\/v2\/media?parent=213400"}],"wp:term":[{"taxonomy":"category","embeddable":true,"href":"https:\/\/www.europesays.com\/es\/wp-json\/wp\/v2\/categories?post=213400"},{"taxonomy":"post_tag","embeddable":true,"href":"https:\/\/www.europesays.com\/es\/wp-json\/wp\/v2\/tags?post=213400"}],"curies":[{"name":"wp","href":"https:\/\/api.w.org\/{rel}","templated":true}]}}