{"id":213402,"date":"2025-11-01T22:25:07","date_gmt":"2025-11-01T22:25:07","guid":{"rendered":"https:\/\/www.europesays.com\/es\/213402\/"},"modified":"2025-11-01T22:25:07","modified_gmt":"2025-11-01T22:25:07","slug":"dos-nuevos-inculpados-por-el-robo-del-louvre-cuyo-botin-sigue-sin-aparecer","status":"publish","type":"post","link":"https:\/\/www.europesays.com\/es\/213402\/","title":{"rendered":"Dos nuevos inculpados por el robo del Louvre cuyo bot\u00edn sigue sin aparecer"},"content":{"rendered":"<p>Dos nuevas personas se unen a la lista de inculpados este s\u00e1bado con relaci\u00f3n al robo del Louvre del pasado 19 de octubre. Uno de ellos por su presunta participaci\u00f3n directa y el otro por complicidad, lo que <strong>eleva a cuatro el n\u00famero de procesados por el delito <\/strong>cuyo bot\u00edn todav\u00eda sigue sin aparecer.<\/p>\n<p>La Fiscal\u00eda de Par\u00eds ha indicado en un comunicado que <strong>\u00ablas investigaciones prosiguen\u00bb<\/strong> y que ambos inculpados han sido puestos <strong>bajo arresto preventivo.<\/strong> Son dos de los cinco detenidos el pasado mi\u00e9rcoles, tres d\u00edas despu\u00e9s de que <strong>se arrestara dos hombres sospechosos<\/strong> de ser los que penetraron en la galer\u00eda Apolo del museo y se llevaran las <strong>joyas de la corona francesa<\/strong>, valoradas en 88 millones de euros. <\/p>\n<p>Esos dos, <a href=\"https:\/\/www.rtve.es\/play\/videos\/telediario-fin-de-semana\/rastro-adn-clave-para-identificar-dos-sospechosos-detenidos-robo-louvre\/16787326\/\" rel=\"nofollow noopener\" target=\"_blank\">cuyo ADN fue encontrado en la escena del crimen<\/a>, fueron inculpados de robo en banda organizada y asociaci\u00f3n de malhechores, los mismos cargos que fueron <strong>imputados <\/strong>este s\u00e1bado contra <strong>una tercera persona,<\/strong> que como los dos anteriores <strong>ten\u00eda antecedentes judiciales.<\/strong> Este \u00faltimo, de 37 a\u00f1os, \u00absolicit\u00f3 un careo\u00bb que tendr\u00e1 lugar en los pr\u00f3ximos d\u00edas, seg\u00fan ha detallado la Fiscal\u00eda, pero mientras tanto estar\u00e1 en detenci\u00f3n preventiva. <\/p>\n<p>Seg\u00fan la televisi\u00f3n BFMTV, los investigadores tambi\u00e9n encontraron su ADN en alguno de los elementos relacionados con el robo, un extremo que no confirm\u00f3 la Fiscal\u00eda. <\/p>\n<p>Ambos \u00abniegan toda implicaci\u00f3n en los hechos\u00bb <\/p>\n<p>La segunda inculpada es una mujer de 38 a\u00f1os, residente en La Courneve, a las afueras de Par\u00eds, y los investigadores le imputan un delito de \u00abcomplicidad\u00bb con el robo.<strong> Ambos \u00abniegan toda implicaci\u00f3n en los hechos\u00bb,<\/strong> ha indicado la Fiscal\u00eda, algo que el abogado de la segunda, Adrien Sorrentino, ha confirmado a los medios. <\/p>\n<p>\u00abEst\u00e1 hundida, niega los hechos que le imputan y no entiende nada\u00bb, ha se\u00f1alado el letrado poco despu\u00e9s de que su clienta prestara declaraci\u00f3n ante el juez, que orden\u00f3 su inculpaci\u00f3n y su detenci\u00f3n preventiva. La Fiscal\u00eda ha informado tambi\u00e9n que <strong>los otros tres detenidos el pasado mi\u00e9rcoles fueron puestos en libertad.<\/strong> Los investigadores consideran que han dado con los <strong>dos autores materiales del robo<\/strong> y, posiblemente, con uno de los individuos que les ayud\u00f3 en su fuga. <\/p>\n<p>Seg\u00fan ha se\u00f1alado la fiscal de Par\u00eds, Laure Beccuau, los <strong>dos primeros detenidos<\/strong> son sospechosos de haber participado en el robo, puesto que los investigadores encontraron restos de su ADN en la escena del crimen y <strong>confesaron \u00abparcialmente\u00bb su participaci\u00f3n. <\/strong><\/p>\n<p>Uno de ellos fue arrestado en el aeropuerto Charles de Gaulle, cuando se aprestaba a tomar un avi\u00f3n con destino a Argelia, su pa\u00eds natal, lo que precipit\u00f3 la operaci\u00f3n policial. El otro cerca de su domicilio en Aubervilliers, a las afueras de Par\u00eds. <\/p>\n<p>Entre los cinco \u00faltimos detenidos figura una persona que estaba \u00aben el punto de mira\u00bb de los investigadores, tambi\u00e9n por su presunta participaci\u00f3n directa en el robo, ha se\u00f1alado la fiscal. Faltar\u00eda, entonces, el cuarto miembro del comando que en la ma\u00f1ana del 19 de octubre procedi\u00f3 a un robo espectacular y r\u00e1pido. <\/p>\n<p>Un robo de pel\u00edcula <\/p>\n<p>Solo hab\u00eda pasado media hora desde que el <strong>museo m\u00e1s visitado del mundo <\/strong>hab\u00eda abierto sus puertas, cuando <strong>cuatro ladrones<\/strong> encapuchados lograron burlar la seguridad del <strong>Louvre<\/strong> para llevarse un bot\u00edn de<strong> valor incalculable<\/strong>. Llegaron en <strong>dos motos y un cami\u00f3n <\/strong>por el flanco sur del museo, junto al r\u00edo Sena, una zona en obras. Equipados con peque\u00f1as motosierras, subieron por la escalera de un montacargas hasta la primera planta. Rompieron la ventana para acceder al interior de la galer\u00eda de Apolo, que alberga joyas, diademas y broches de la<strong> era napole\u00f3nica<\/strong>. <a href=\"https:\/\/www.rtve.es\/noticias\/20251019\/atraco-sin-heridos-louvre-provoca-cierre-del-museo-parisino-este-domingo\/16777100.shtml\" rel=\"nofollow noopener\" target=\"_blank\">Consiguieron llevarse<\/a> <strong>nueve piezas<\/strong>, aunque, tal vez por las prisas, perdieron una por el camino. El atraco, al puro estilo Hollywood, <strong>apenas<\/strong> <strong>dur\u00f3 unos minutos<\/strong>.<\/p>\n<p>Los ladrones lograron burlar cada medida de seguridad del museo en un robo con muy pocos precedentes. De los nueve objetos que intentaron robar, se llevaron ocho, aunque perdieron la corona de la emperatriz Eugenia, que result\u00f3 da\u00f1ada. Solo esta vale decenas de millones de euros.<\/p>\n<p>El robo plantea serias dudas sobre la seguridad del museo, que alberga obras como la Mona Lisa y que, el a\u00f1o pasado, <a href=\"https:\/\/www.rtve.es\/play\/videos\/somos-documentales\/louvre-desde-dentro\/5800678\/\" rel=\"nofollow noopener\" target=\"_blank\">recibi\u00f3 8,7 millones de visitantes<\/a>. En enero, su direcci\u00f3n pidi\u00f3 ayuda urgente al Gobierno franc\u00e9s para renovar las salas y reforzar la protecci\u00f3n de las obras. Macron, delante de la mism\u00edsima Gioconda, prometi\u00f3 una renovaci\u00f3n integral para este templo del arte. <\/p>\n<p>Por su parte, el senador comunista Ian Brossat denunci\u00f3 d\u00edas despu\u00e9s del robo que el Ejecutivo franc\u00e9s no hubiera hecho caso de las advertencias que hab\u00edan lanzado los <strong>empleados del Louvre<\/strong>, que el pasado 16 de junio organizaron una huelga sorpresa para alertar sobre la falta de personal, <strong>sobre todo en la seguridad<\/strong>. Hizo notar que en los \u00faltimos cinco a\u00f1os la plantilla del museo se ha reducido en 200 personas.<\/p>\n","protected":false},"excerpt":{"rendered":"Dos nuevas personas se unen a la lista de inculpados este s\u00e1bado con relaci\u00f3n al robo del Louvre&hellip;\n","protected":false},"author":2,"featured_media":213403,"comment_status":"","ping_status":"","sticky":false,"template":"","format":"standard","meta":{"footnotes":""},"categories":[173],"tags":[229,233,231,230,232,234,146,147,25,24,23],"class_list":{"0":"post-213402","1":"post","2":"type-post","3":"status-publish","4":"format-standard","5":"has-post-thumbnail","7":"category-arte-y-diseno","8":"tag-arte","9":"tag-arte-y-diseno","10":"tag-arts","11":"tag-arts-and-design","12":"tag-design","13":"tag-diseno","14":"tag-entertainment","15":"tag-entretenimiento","16":"tag-es","17":"tag-espana","18":"tag-spain"},"share_on_mastodon":{"url":"https:\/\/pubeurope.com\/@es\/115476792842645012","error":""},"_links":{"self":[{"href":"https:\/\/www.europesays.com\/es\/wp-json\/wp\/v2\/posts\/213402","targetHints":{"allow":["GET"]}}],"collection":[{"href":"https:\/\/www.europesays.com\/es\/wp-json\/wp\/v2\/posts"}],"about":[{"href":"https:\/\/www.europesays.com\/es\/wp-json\/wp\/v2\/types\/post"}],"author":[{"embeddable":true,"href":"https:\/\/www.europesays.com\/es\/wp-json\/wp\/v2\/users\/2"}],"replies":[{"embeddable":true,"href":"https:\/\/www.europesays.com\/es\/wp-json\/wp\/v2\/comments?post=213402"}],"version-history":[{"count":0,"href":"https:\/\/www.europesays.com\/es\/wp-json\/wp\/v2\/posts\/213402\/revisions"}],"wp:featuredmedia":[{"embeddable":true,"href":"https:\/\/www.europesays.com\/es\/wp-json\/wp\/v2\/media\/213403"}],"wp:attachment":[{"href":"https:\/\/www.europesays.com\/es\/wp-json\/wp\/v2\/media?parent=213402"}],"wp:term":[{"taxonomy":"category","embeddable":true,"href":"https:\/\/www.europesays.com\/es\/wp-json\/wp\/v2\/categories?post=213402"},{"taxonomy":"post_tag","embeddable":true,"href":"https:\/\/www.europesays.com\/es\/wp-json\/wp\/v2\/tags?post=213402"}],"curies":[{"name":"wp","href":"https:\/\/api.w.org\/{rel}","templated":true}]}}