{"id":213449,"date":"2025-11-01T23:09:09","date_gmt":"2025-11-01T23:09:09","guid":{"rendered":"https:\/\/www.europesays.com\/es\/213449\/"},"modified":"2025-11-01T23:09:09","modified_gmt":"2025-11-01T23:09:09","slug":"puerta-grande-en-su-primer-derbi","status":"publish","type":"post","link":"https:\/\/www.europesays.com\/es\/213449\/","title":{"rendered":"Puerta grande en su primer derbi"},"content":{"rendered":"<p class=\"v-mdl-ath__p v-mdl-ath__p--6\">\nDomingo, 2 de noviembre 2025, 01:00<\/p>\n<p class=\"v-p\">Qu\u00e9 manera de estrenarse en un derbi. Formado en Zubieta, futbolista con talento para decidir partidos y centrocampista de presente y futuro, Jon Gorrotxategi se encarg\u00f3 de cerrar el choque con un aut\u00e9ntico golazo marcado con el alma \u2013su primera diana como txuri-urdin\u2013. Bast\u00f3 con ver la intenci\u00f3n con la que el jugador eibarr\u00e9s golpe\u00f3 el bal\u00f3n, reflejo del empuje de una afici\u00f3n entregada hasta el pitido final. Ya no habr\u00e1 nadie que se pregunte qui\u00e9n es el pivote de la Real. Y es que Gorrotxa pudo abandonar Anoeta anoche con la certeza de que su nombre ser\u00eda el gran protagonista de una noche de s\u00e1bado con victoria para los guipuzcoanos.<\/p>\n<p class=\"v-p\">No pod\u00eda ser otro jugador que aquel al que se vio destrozado sobre el c\u00e9sped tras la cruel derrota en casa contra el Rayo, el mismo que le dio al equipo la victoria m\u00e1s importante de lo que va de temporada. Y es que el centrocampista que en aquel partido fue la calma en medio del caos, fue el responsable de culminar la locura. <\/p>\n<p class=\"v-p\">El jugador de tan solo 23 a\u00f1os ya demostr\u00f3 la temporada pasada durante su cesi\u00f3n en el Mirand\u00e9s de lo que es capaz. Pero por si quedaba alguna duda, su carta de presentaci\u00f3n en Primera Divisi\u00f3n concluy\u00f3 por todo lo alto: con su primer gol como blanquiazul, en su primer derbi, ante 37.685 espectadores.<\/p>\n<p class=\"v-p\">El jugador con el dorsal &#8216;4&#8217; en la espalda volvi\u00f3 a demostrar su gran protagonismo tanto en defensa como en ataque. Realiz\u00f3 acciones sobre el c\u00e9sped dignas de un centrocampista maduro, consciente de lo que hace en todo momento. Claro ejemplo de ello fue la falta t\u00e1ctica que cometi\u00f3 sobre Robert Navarro a los quince minutos de partido, en la que se arriesg\u00f3 a ver la tarjeta amarilla pero cort\u00f3 la jugada. A Sancet tambi\u00e9n le sec\u00f3.<\/p>\n<p>Todo un seguro en la medular<\/p>\n<p class=\"v-p\">De las once jornadas que van de Liga, Sergio Francisco ha apostado por Gorrotxategi de inicio hasta en nueve ocasiones. El \u00fanico partido en el que salt\u00f3 al campo desde el banquillo fue contra el Espanyol en casa, en sustituci\u00f3n de Turrientes. Y el \u00fanico encuentro que se perdi\u00f3 fue el estreno liguero del equipo contra el Valencia en Mestalla, debido a molestias en el tobillo. El motivo de los 788 minutos que el pivote ha disputado sobre el c\u00e9sped en lo que va de Liga qued\u00f3 m\u00e1s que claro con su actuaci\u00f3n: es uno de los pocos pivotes capaces de decidir partidos.<\/p>\n<p class=\"v-p\">\u00abEste gol es incre\u00edble, por la situaci\u00f3n, por el partido y por el momento. El gol es de la afici\u00f3n porque nos han apoyado hasta el \u00faltimo minuto. Es un sentimiento incre\u00edble\u00bb, afirm\u00f3 el canterano nada m\u00e1s finalizar el partido. <\/p>\n<p>Reporta un error<\/p>\n","protected":false},"excerpt":{"rendered":"Domingo, 2 de noviembre 2025, 01:00 Qu\u00e9 manera de estrenarse en un derbi. Formado en Zubieta, futbolista con&hellip;\n","protected":false},"author":2,"featured_media":213450,"comment_status":"","ping_status":"","sticky":false,"template":"","format":"standard","meta":{"footnotes":""},"categories":[268],"tags":[168,18298,25,24,280,282,699,977,740,281,23,167],"class_list":{"0":"post-213449","1":"post","2":"type-post","3":"status-publish","4":"format-standard","5":"has-post-thumbnail","7":"category-futbol","8":"tag-deportes","9":"tag-derbi","10":"tag-es","11":"tag-espana","12":"tag-football","13":"tag-futbol","14":"tag-grande","15":"tag-primer","16":"tag-puerta","17":"tag-soccer","18":"tag-spain","19":"tag-sports"},"share_on_mastodon":{"url":"https:\/\/pubeurope.com\/@es\/115476965984019933","error":""},"_links":{"self":[{"href":"https:\/\/www.europesays.com\/es\/wp-json\/wp\/v2\/posts\/213449","targetHints":{"allow":["GET"]}}],"collection":[{"href":"https:\/\/www.europesays.com\/es\/wp-json\/wp\/v2\/posts"}],"about":[{"href":"https:\/\/www.europesays.com\/es\/wp-json\/wp\/v2\/types\/post"}],"author":[{"embeddable":true,"href":"https:\/\/www.europesays.com\/es\/wp-json\/wp\/v2\/users\/2"}],"replies":[{"embeddable":true,"href":"https:\/\/www.europesays.com\/es\/wp-json\/wp\/v2\/comments?post=213449"}],"version-history":[{"count":0,"href":"https:\/\/www.europesays.com\/es\/wp-json\/wp\/v2\/posts\/213449\/revisions"}],"wp:featuredmedia":[{"embeddable":true,"href":"https:\/\/www.europesays.com\/es\/wp-json\/wp\/v2\/media\/213450"}],"wp:attachment":[{"href":"https:\/\/www.europesays.com\/es\/wp-json\/wp\/v2\/media?parent=213449"}],"wp:term":[{"taxonomy":"category","embeddable":true,"href":"https:\/\/www.europesays.com\/es\/wp-json\/wp\/v2\/categories?post=213449"},{"taxonomy":"post_tag","embeddable":true,"href":"https:\/\/www.europesays.com\/es\/wp-json\/wp\/v2\/tags?post=213449"}],"curies":[{"name":"wp","href":"https:\/\/api.w.org\/{rel}","templated":true}]}}