{"id":213479,"date":"2025-11-01T23:38:16","date_gmt":"2025-11-01T23:38:16","guid":{"rendered":"https:\/\/www.europesays.com\/es\/213479\/"},"modified":"2025-11-01T23:38:16","modified_gmt":"2025-11-01T23:38:16","slug":"barbara-lennie-estrena-los-tigres-de-alberto-rodriguez","status":"publish","type":"post","link":"https:\/\/www.europesays.com\/es\/213479\/","title":{"rendered":"B\u00e1rbara Lennie estrena &#8216;Los Tigres&#8217;, de Alberto Rodr\u00edguez"},"content":{"rendered":"<p data-journey-content=\"true\" data-node-id=\"3\" class=\"css-6wxqfj emevuu60\"><strong data-node-id=\"3.0\">Las lluvias han llegado para quedarse y qu\u00e9 mejor manera que combatir el mal tiempo que desde la butaca del cine.<\/strong> Esta semana, en <a href=\"https:\/\/www.diezminutos.es\/maternidad\/\" target=\"_blank\" data-vars-ga-outbound-link=\"https:\/\/www.diezminutos.es\/maternidad\/\" data-vars-ga-ux-element=\"Hyperlink\" data-vars-ga-call-to-action=\"Diez Minutos Cuida de Ti\" data-node-id=\"3.2\" class=\"body-link css-177bzfx emevuu60\" rel=\"nofollow noopener\">Diez Minutos Cuida de Ti<\/a>, te recomendamos &#8216;Los Tigres&#8217;, la nueva y esperada pel\u00edcula de Alberto Rodr\u00edguez. La cinta es un thriller adictivo que cuenta la historia de dos hermanos dedicados al buceo industrial. Adem\u00e1s, esta semana,  te traemos un planazo si eres amante de las setas. Toma nota: <\/p>\n<p>Cine: &#8216;Los Tigres&#8217; <\/p>\n<p data-journey-content=\"true\" data-node-id=\"7\" class=\"css-6wxqfj emevuu60\">Alberto Rodr\u00edguez es un director may\u00fasculo con pel\u00edculas como &#8216;Grupo 7&#8217;, &#8216;Siete v\u00edrgenes&#8217; o &#8216;La isla m\u00ednima&#8217;. Ahora estrena un nuevo thriller que ha vuelto a cautivar a la cr\u00edtica: &#8216;Los Tigres&#8217;, con Antonio de la Torre y B\u00e1rbara Lennie. <strong data-node-id=\"7.1\">Los dos int\u00e9rpretes encarnan a Estrella y Antonio, dos hermanos que trabajan en el mundo del buceo industrial<\/strong> sin demasiada fortuna. O al menos as\u00ed es hasta que un d\u00eda descubren un alijo de coca\u00edna en el casco de un carguero fondeado en Huelva y creen poder utilizarlo como v\u00eda de escape para sus penurias, vi\u00e9ndose envueltos en una complicada trama que les pondr\u00e1 a prueba. <\/p>\n<p data-journey-content=\"true\" data-node-id=\"9\" class=\"css-6wxqfj emevuu60\">Los dos coinciden en asegurar que el rodaje ha sido uno de los m\u00e1s exigentes de sus carreras al tener que grabar muchas escenas debajo del agua. <strong data-node-id=\"9.1\">De hecho, antes de empezar el rodaje, los protagonistas tuvieron que hacer un curso de buceo<\/strong>. \u00abEl material emocional era delicado, lo f\u00edsico era muy duro, ha sido el primer rodaje como protagonista que he tenido despu\u00e9s del nacimiento de mi hija y eso me movi\u00f3 un mont\u00f3n de cosas\u00bb, confes\u00f3 la actriz a la revista Fotogramas. <\/p>\n<p><img draggable=\"true\" alt=\"coria sabor micologico\" title=\"Cesta con setas\" loading=\"lazy\" width=\"3748\" height=\"2500\" decoding=\"async\" data-nimg=\"1\" style=\"color:transparent;width:100%;height:auto;\"   src=\"https:\/\/www.europesays.com\/es\/wp-content\/uploads\/2025\/11\/coria-sabor-micologico-690478e8740df.jpg\" class=\"css-0 e1g79fud0\"\/><\/p>\n<p>Foto cedida<\/p>\n<p>Para amantes de las setas<\/p>\n<p data-journey-content=\"true\" data-node-id=\"15\" class=\"css-6wxqfj emevuu60\"><strong data-node-id=\"15.0\">El mes de la micolog\u00eda llega a Coria, Ciudad Gastron\u00f3mica Extreme\u00f1a 2025, repleto de actividades<\/strong> que combinan naturaleza, gastronom\u00eda y cultura, haciendo de este encuentro una experiencia \u00fanica para todos los p\u00fablicos. Un planazo para que todo el que quiera disfrute de paseos en plena naturaleza, recolectando y aprendiendo todo sobre las setas y su importancia en nuestra cocina. <a href=\"https:\/\/turismocoria.es\/turismo\/\" target=\"_blank\" rel=\"nofollow noopener\" data-vars-ga-outbound-link=\"https:\/\/turismocoria.es\/turismo\/\" data-vars-ga-ux-element=\"Hyperlink\" data-vars-ga-call-to-action=\"turismocoria.es\/turismo\" data-node-id=\"15.2\" class=\"body-link css-177bzfx emevuu60\">turismocoria.es\/turismo<\/a><\/p>\n<p>De las mejores terrazas de Madrid<img draggable=\"true\" alt=\"terraza de el emperador\" title=\"Terraza hotel Emperador\" loading=\"lazy\" width=\"3749\" height=\"2500\" decoding=\"async\" data-nimg=\"1\" style=\"color:transparent;width:100%;height:auto;\"   src=\"https:\/\/www.europesays.com\/es\/wp-content\/uploads\/2025\/11\/at-0069-690479b00fb43.jpg\" class=\"css-0 e1g79fud0\"\/><\/p>\n<p>Foto cedida<\/p>\n<p data-journey-content=\"true\" data-node-id=\"19\" class=\"css-6wxqfj emevuu60\">El Hotel Emperador, referente de la hoteler\u00eda madrile\u00f1a y s\u00edmbolo de elegancia y tradici\u00f3n en la Gran V\u00eda, invita a redescubrir su ic\u00f3nica terraza durante la temporada de oto\u00f1o-invierno. <strong data-node-id=\"19.1\">Un espacio exclusivo imprescindible para contemplar los atardeceres m\u00e1s impresionantes de la capital<\/strong>. Adem\u00e1s, como novedad, presenta un maridaje exclusivo de tapas y c\u00f3cteles, creado para enriquecer la experiencia de quienes disfrutan de Madrid desde sus tejados. <a href=\"http:\/\/emperadorhotel.com\/es\/\" target=\"_blank\" rel=\"nofollow noopener\" data-vars-ga-outbound-link=\"http:\/\/emperadorhotel.com\/es\/\" data-vars-ga-ux-element=\"Hyperlink\" data-vars-ga-call-to-action=\"emperadorhotel.com\/es\/\" data-node-id=\"19.3\" class=\"body-link css-177bzfx emevuu60\">emperadorhotel.com\/es\/<\/a><\/p>\n<p>Houdini, un musical m\u00e1gico<img draggable=\"true\" alt=\"houdini, el musical\" title=\"houdini, el musical\" loading=\"lazy\" width=\"3751\" height=\"2500\" decoding=\"async\" data-nimg=\"1\" style=\"color:transparent;width:100%;height:auto;\"   src=\"https:\/\/www.europesays.com\/es\/wp-content\/uploads\/2025\/11\/houdini-69047a579a296.jpg\" class=\"css-0 e1g79fud0\"\/><\/p>\n<p>Foto cedida<\/p>\n<p data-journey-content=\"true\" data-node-id=\"23\" class=\"css-6wxqfj emevuu60\">Houdini es el primer espect\u00e1culo que une un gran show de magia con un musical de gran formato. <strong data-node-id=\"23.1\">Podr\u00e1s disfrutar de \u00e9l en el Teatro Calder\u00f3n y, si llegas una hora antes del show<\/strong>, podr\u00e1s participar en un recorrido interactivo por las dependencias del teatro que te adentrar\u00e1 en un mundo lleno de magia. <a href=\"https:\/\/www.houdinielmusical.com\/\" target=\"_blank\" rel=\"nofollow noopener\" data-vars-ga-outbound-link=\"https:\/\/www.houdinielmusical.com\/\" data-vars-ga-ux-element=\"Hyperlink\" data-vars-ga-call-to-action=\"houdinielmusical.com\" data-node-id=\"23.3\" class=\"body-link css-177bzfx emevuu60\">houdinielmusical.com<\/a><\/p>\n<p>Nueva exposici\u00f3n en el Guggenheim<img draggable=\"true\" alt=\"exposicion vieira da silva\" title=\"exposicion vieira da silva\" loading=\"lazy\" width=\"2500\" height=\"3403\" decoding=\"async\" data-nimg=\"1\" style=\"color:transparent;width:100%;height:auto;\"   src=\"https:\/\/www.europesays.com\/es\/wp-content\/uploads\/2025\/11\/gugenheim-69047b22e7d7a.jpg\" class=\"css-0 e1g79fud0\"\/><\/p>\n<p>Foto cedida<\/p>\n<p data-journey-content=\"true\" data-node-id=\"27\" class=\"css-6wxqfj emevuu60\">El Museo Guggenheim Bilbao presenta <strong data-node-id=\"27.1\">\u00abMaria Helena Vieira da Silva: Anatom\u00eda del espacio\u00bb,<\/strong> una exploraci\u00f3n en profundidad de la evoluci\u00f3n del lenguaje visual de la artista francesa de origen portugu\u00e9s. A lo largo de ocho secciones tem\u00e1ticas, la exposici\u00f3n analiza los momentos clave de la carrera de Vieira da Silva desde la d\u00e9cada de 1930 hasta finales de la de 1980. <a href=\"https:\/\/www.guggenheim-bilbao.eus\/\" target=\"_blank\" rel=\"nofollow noopener\" data-vars-ga-outbound-link=\"https:\/\/www.guggenheim-bilbao.eus\/\" data-vars-ga-ux-element=\"Hyperlink\" data-vars-ga-call-to-action=\"guggenheim-bilbao.eus\" data-node-id=\"27.3\" class=\"body-link css-177bzfx emevuu60\">guggenheim-bilbao.eus<\/a><\/p>\n<p><img src=\"https:\/\/www.europesays.com\/es\/wp-content\/uploads\/2025\/11\/7c4494ec-bc13-4f91-94b8-12db6c2792f4_1684752427.file\" alt=\"Headshot of Mar\u00eda Larrocha\" title=\"Headshot of Mar\u00eda Larrocha\" width=\"100%\" height=\"100%\" decoding=\"async\" loading=\"lazy\" class=\"css-o0wq4v ev8dhu53\"\/><\/p>\n<p>Mar\u00eda Larrocha es experta en cine, m\u00fasica, libros y temas relacionados con ecolog\u00eda y sostenibilidad. Y sobre todo, redactora de noticias del coraz\u00f3n, mundo en el que lleva con mucho orgullo desde 2004. \u00bfQui\u00e9n no se relaja leyendo el d\u00eda a d\u00eda de nuestros famosos? Ahora disfruta escribiendo sobre las \u2018celebrities\u2019 en Diez Minutos, donde tambi\u00e9n te cuenta los planes que no te puedes perder o c\u00f3mo poner nuestro granito de arena para hacer un mundo mejor. \u00a0\u00a0<\/p>\n<p>Licenciada en Ciencias de la Informaci\u00f3n por la Universidad Complutense de Madrid, empez\u00f3 en la secci\u00f3n de Cultura de La Raz\u00f3n, para despu\u00e9s trabajar en la radio, recalar como correctora en El Mundo durante unos meses y marcharse un a\u00f1o a Inglaterra para perfeccionar el ingl\u00e9s. De vuelta a Madrid aterriz\u00f3 en la revista Qu\u00e9 me dices!, d\u00f3nde aprendi\u00f3 que se puede hacer periodismo sin perder el sentido del humor. \u00a0\u00a0<\/p>\n","protected":false},"excerpt":{"rendered":"Las lluvias han llegado para quedarse y qu\u00e9 mejor manera que combatir el mal tiempo que desde la&hellip;\n","protected":false},"author":2,"featured_media":213480,"comment_status":"","ping_status":"","sticky":false,"template":"","format":"standard","meta":{"footnotes":""},"categories":[169],"tags":[177,253,146,147,25,24,176,175,12719,23],"class_list":{"0":"post-213479","1":"post","2":"type-post","3":"status-publish","4":"format-standard","5":"has-post-thumbnail","7":"category-cine","8":"tag-cine","9":"tag-discover","10":"tag-entertainment","11":"tag-entretenimiento","12":"tag-es","13":"tag-espana","14":"tag-film","15":"tag-movies","16":"tag-print","17":"tag-spain"},"share_on_mastodon":{"url":"https:\/\/pubeurope.com\/@es\/115477080297178887","error":""},"_links":{"self":[{"href":"https:\/\/www.europesays.com\/es\/wp-json\/wp\/v2\/posts\/213479","targetHints":{"allow":["GET"]}}],"collection":[{"href":"https:\/\/www.europesays.com\/es\/wp-json\/wp\/v2\/posts"}],"about":[{"href":"https:\/\/www.europesays.com\/es\/wp-json\/wp\/v2\/types\/post"}],"author":[{"embeddable":true,"href":"https:\/\/www.europesays.com\/es\/wp-json\/wp\/v2\/users\/2"}],"replies":[{"embeddable":true,"href":"https:\/\/www.europesays.com\/es\/wp-json\/wp\/v2\/comments?post=213479"}],"version-history":[{"count":0,"href":"https:\/\/www.europesays.com\/es\/wp-json\/wp\/v2\/posts\/213479\/revisions"}],"wp:featuredmedia":[{"embeddable":true,"href":"https:\/\/www.europesays.com\/es\/wp-json\/wp\/v2\/media\/213480"}],"wp:attachment":[{"href":"https:\/\/www.europesays.com\/es\/wp-json\/wp\/v2\/media?parent=213479"}],"wp:term":[{"taxonomy":"category","embeddable":true,"href":"https:\/\/www.europesays.com\/es\/wp-json\/wp\/v2\/categories?post=213479"},{"taxonomy":"post_tag","embeddable":true,"href":"https:\/\/www.europesays.com\/es\/wp-json\/wp\/v2\/tags?post=213479"}],"curies":[{"name":"wp","href":"https:\/\/api.w.org\/{rel}","templated":true}]}}