{"id":213483,"date":"2025-11-01T23:40:16","date_gmt":"2025-11-01T23:40:16","guid":{"rendered":"https:\/\/www.europesays.com\/es\/213483\/"},"modified":"2025-11-01T23:40:16","modified_gmt":"2025-11-01T23:40:16","slug":"la-mortalidad-de-las-enfermedades-respiratorias-multiplica-por-diez-la-de-la-covid","status":"publish","type":"post","link":"https:\/\/www.europesays.com\/es\/213483\/","title":{"rendered":"La mortalidad de las enfermedades respiratorias multiplica por diez la de la covid"},"content":{"rendered":"<p>\u00abCon la covid hay una mayor sensibilizaci\u00f3n\u00bb, piensa en voz alta el jefe del Servicio Territorial de Sanidad de la Junta de Castilla y  &#8230; Le\u00f3n en <a href=\"https:\/\/www.elnortedecastilla.es\/segovia\/\" data-voc-vtm-id=\"in-text-traffic\" title=\"Segovia\" data-mrf-link=\"www.elnortedecastilla.es\" rel=\"nofollow noopener\" target=\"_blank\">Segovia<\/a>, Javier Tejedor. Observa que las personas est\u00e1n m\u00e1s concienciadas y tienen m\u00e1s asimilado recibir el pinchazo de la inyecci\u00f3n que si fuera frente a la gripe. Sin embargo, el experto recuerda que \u00abel virus [de la influenza, causante de la infecci\u00f3n gripal] muta m\u00e1s que el de la covid y aguanta unos seis meses\u00bb. <\/p>\n<p class=\"v-p\">Esa percepci\u00f3n encuentra su traducci\u00f3n en los niveles de cobertura que alcanzaron las diferentes vacunaciones en la provincia en la pasada temporada 2024-2025. Los 42.526 segovianos que se protegieron contra la gripe representan <a href=\"https:\/\/www.elnortedecastilla.es\/segovia\/objetivo-campana-antigripal-vacunar-mayores-anos-20241002070355-nt.html\" data-voc-vtm-id=\"in-text-traffic\" title=\"el 27,7% de la poblaci\u00f3n diana\" data-mrf-link=\"www.elnortedecastilla.es\" rel=\"nofollow noopener\" target=\"_blank\">el 27,7% de la poblaci\u00f3n diana<\/a> susceptible de recibir la pertinente dosis y que estaba llamada a la inmunizaci\u00f3n. Por su parte, las cifras facilitadas por la Delegaci\u00f3n Territorial de la Junta con motivo de la campa\u00f1a que se est\u00e1 desarrollando revelan una cobertura del 47,4% alcanzada por la vacunaci\u00f3n anticovid durante el ejercicio pasado. Fueron 26.910 segovianos los que se &#8216;pincharon&#8217; contra este virus. <\/p>\n<p class=\"v-p\">Seg\u00fan el Instituto Nacional de Estad\u00edstica (INE), la provincia lament\u00f3 el a\u00f1o pasado <a href=\"https:\/\/www.elnortedecastilla.es\/segovia\/causas-muerte-segovia-canceres-infartos-diabetes-neumonias-20250627090018-nt.html\" data-voc-vtm-id=\"in-text-traffic\" title=\"230 muertes por enfermedades del aparato respiratorio\" data-mrf-link=\"www.elnortedecastilla.es\" rel=\"nofollow noopener\" target=\"_blank\">230 muertes por enfermedades del aparato respiratorio<\/a>, diez veces m\u00e1s que los fallecimientos de pacientes con covid. Las defunciones por gripe fueron veintid\u00f3s, aunque fue la neumon\u00eda la patolog\u00eda respiratoria m\u00e1s letal, con 71 finados. <\/p>\n<p class=\"v-p\">Una temporada m\u00e1s, la Administraci\u00f3n regional ha dise\u00f1ado una estrategia de cara a los meses de oto\u00f1o e invierno que contempla la opci\u00f3n de la doble vacunaci\u00f3n, sobre todo para los grupos de poblaci\u00f3n que son m\u00e1s vulnerables y con mayor riesgo de que se agraven los cuadros de patolog\u00edas que ya padecen. Con el objetivo de reforzar las defensas ante el embate de la covid, el suero que se est\u00e1 administrando en la vigente campa\u00f1a, que empez\u00f3 el pasado 1 de octubre, es la vacuna monovalente frente a la nueva variante LP.8.1 de la cepa \u00f3micron, que asegura la protecci\u00f3n frente a las cepas circulantes de SARS-CoV-2, informan fuentes de la Consejer\u00eda de Sanidad. <\/p>\n<p class=\"v-p\">Tejedor matiza que esa temporada hay alguna diferencia en las recomendaciones sobre la poblaci\u00f3n diana a la que ha de dirigirse la administraci\u00f3n de la antigripal y la de la covid. Y es que la primera se centra en los grupos de riesgo a partir de los sesenta a\u00f1os, mientras que la segunda sit\u00faa el umbral a partir de los septuagenarios. Pacientes con diabetes mellitus; c\u00e1ncer; obesidad m\u00f3rbida; fumadores; enfermos con patolog\u00edas cr\u00f3nicas cardiovasculares, neurol\u00f3gicas o respiratorias; renales cr\u00f3nicos, o personas con trastornos que conllevan una disfunci\u00f3n cognitiva, como el s\u00edndrome de Down o demencias, son preferentes en la vacunaci\u00f3n por la amenaza que entra\u00f1a la infecci\u00f3n para su salud. Tambi\u00e9n las embarazadas han de inmunizarse contra la covid. <\/p>\n<p class=\"v-p\">El jefe del Servicio Territorial de Sanidad de la Junta en Segovia se\u00f1ala que \u00ablos brotes de covid no son estacionales\u00bb. <a href=\"https:\/\/www.elnortedecastilla.es\/segovia\/aumento-contagios-covid-llega-complejo-asistencial-segovia-20250814081028-nt.html\" data-voc-vtm-id=\"in-text-traffic\" title=\"La incidencia sube y baja\" data-mrf-link=\"www.elnortedecastilla.es\" rel=\"nofollow noopener\" target=\"_blank\">La incidencia sube y baja<\/a> a lo largo del a\u00f1o; mientras que la gripe s\u00ed se caracteriza por su estacionalidad. Empieza despu\u00e9s del verano. <\/p>\n<p class=\"v-p\">Para afrontar esta temporada, la provincia dispone de 28.800 vacunas anticovid. Hasta la pen\u00faltima semana de este mes de octubre, Castilla y Le\u00f3n ha venido recepcionando del Ministerio un aprovisionamiento de 408.960 dosis para enfrentarse a la covid-19. Los lotes llegan cada siete d\u00edas a los distintos servicios territoriales de las nueve provincias a trav\u00e9s de env\u00edos que comenzaron a principios de septiembre, indican fuentes de la Administraci\u00f3n auton\u00f3mica. <\/p>\n","protected":false},"excerpt":{"rendered":"\u00abCon la covid hay una mayor sensibilizaci\u00f3n\u00bb, piensa en voz alta el jefe del Servicio Territorial de Sanidad&hellip;\n","protected":false},"author":2,"featured_media":213484,"comment_status":"","ping_status":"","sticky":false,"template":"","format":"standard","meta":{"footnotes":""},"categories":[92],"tags":[2270,1630,1293,25,24,165,11238,14228,44298,166,23],"class_list":{"0":"post-213483","1":"post","2":"type-post","3":"status-publish","4":"format-standard","5":"has-post-thumbnail","7":"category-salud","8":"tag-covid","9":"tag-diez","10":"tag-enfermedades","11":"tag-es","12":"tag-espana","13":"tag-health","14":"tag-mortalidad","15":"tag-multiplica","16":"tag-respiratorias","17":"tag-salud","18":"tag-spain"},"share_on_mastodon":{"url":"https:\/\/pubeurope.com\/@es\/115477087785692766","error":""},"_links":{"self":[{"href":"https:\/\/www.europesays.com\/es\/wp-json\/wp\/v2\/posts\/213483","targetHints":{"allow":["GET"]}}],"collection":[{"href":"https:\/\/www.europesays.com\/es\/wp-json\/wp\/v2\/posts"}],"about":[{"href":"https:\/\/www.europesays.com\/es\/wp-json\/wp\/v2\/types\/post"}],"author":[{"embeddable":true,"href":"https:\/\/www.europesays.com\/es\/wp-json\/wp\/v2\/users\/2"}],"replies":[{"embeddable":true,"href":"https:\/\/www.europesays.com\/es\/wp-json\/wp\/v2\/comments?post=213483"}],"version-history":[{"count":0,"href":"https:\/\/www.europesays.com\/es\/wp-json\/wp\/v2\/posts\/213483\/revisions"}],"wp:featuredmedia":[{"embeddable":true,"href":"https:\/\/www.europesays.com\/es\/wp-json\/wp\/v2\/media\/213484"}],"wp:attachment":[{"href":"https:\/\/www.europesays.com\/es\/wp-json\/wp\/v2\/media?parent=213483"}],"wp:term":[{"taxonomy":"category","embeddable":true,"href":"https:\/\/www.europesays.com\/es\/wp-json\/wp\/v2\/categories?post=213483"},{"taxonomy":"post_tag","embeddable":true,"href":"https:\/\/www.europesays.com\/es\/wp-json\/wp\/v2\/tags?post=213483"}],"curies":[{"name":"wp","href":"https:\/\/api.w.org\/{rel}","templated":true}]}}