{"id":213507,"date":"2025-11-02T00:01:21","date_gmt":"2025-11-02T00:01:21","guid":{"rendered":"https:\/\/www.europesays.com\/es\/213507\/"},"modified":"2025-11-02T00:01:21","modified_gmt":"2025-11-02T00:01:21","slug":"la-pelicula-espanola-protagonizada-por-una-familia-que-se-interpreta-a-si-misma-gran-sorpresa-del-cine-en-la-seminci-de-valladolid-2025","status":"publish","type":"post","link":"https:\/\/www.europesays.com\/es\/213507\/","title":{"rendered":"La pel\u00edcula espa\u00f1ola protagonizada por una familia que se interpreta a s\u00ed misma, gran sorpresa del cine en la Seminci de Valladolid 2025"},"content":{"rendered":"<p data-journey-content=\"true\" data-node-id=\"3\" class=\"css-6wxqfj emevuu60\">Era una de las pel\u00edculas espa\u00f1olas m\u00e1s intrigantes a competici\u00f3n por la Espiga de Oro. La 70\u00aa Semana Internacional de Cine de Valladolid (Seminci) acogi\u00f3 conmovida la \u00f3pera prima del murciano Carlos Saiz, &#8216;<strong data-node-id=\"3.1\">Lionel<\/strong>&#8216;, una road movie luminosa e intimista sobre la p\u00e9rdida, la b\u00fasqueda de identidad y la incomunicaci\u00f3n de una familia que se interpreta as\u00ed misma. Lionel Corral, Lionel Corral Bernal y Alicia Corral Bernal protagonizan la historia de un joven que se embarca junto a su padre, ausente durante gran parte de su vida, en un fortuito viaje de Murcia a Marsella en busca de su hermana. <\/p>\n<p><img draggable=\"true\" alt=\"lionel\" title=\"lionel\" loading=\"lazy\" width=\"2500\" height=\"1406\" decoding=\"async\" data-nimg=\"1\" style=\"color:transparent;width:100%;height:auto;\"   src=\"https:\/\/www.europesays.com\/es\/wp-content\/uploads\/2025\/11\/carlos-saiz-lionel-director-6905fdcd5d511.jpg\" class=\"css-0 e1g79fud0\"\/><\/p>\n<p>Sideral Cinema<\/p>\n<p data-journey-content=\"true\" data-node-id=\"8\" class=\"css-6wxqfj emevuu60\">Con invitados de lujo como Alexander Skarsg\u00e5rd, los hermanos Dardenne, Luis Tosar, David Trueba, el certamen pucelano contin\u00faa sorprendiendo. Este a\u00f1o, con el debut en el largometraje de Carlos Saiz, conocido por su faceta como director de videoclips de Los Planetas, <strong data-node-id=\"8.1\">Carolina Durante<\/strong> o \u00c9l Mat\u00f3 a un Polic\u00eda Motorizado, grupos que ahora incluye en la banda sonora de &#8216;Lionel&#8217;. Despu\u00e9s de esbozar la historia familiar de Lionel, su amigo personal, en el corto &#8216;La hoguera&#8217; (2020), el murciano realiza un particular\u00edsimo viaje f\u00edsico y existencial a medio camino entre la ficci\u00f3n y la realidad. <\/p>\n<p><img draggable=\"true\" alt=\"lionel\" title=\"lionel\" loading=\"lazy\" width=\"3500\" height=\"2175\" decoding=\"async\" data-nimg=\"1\" style=\"color:transparent;width:100%;height:auto;\"   src=\"https:\/\/www.europesays.com\/es\/wp-content\/uploads\/2025\/11\/lionel-festival-valladolid-seminci-2025-6905fdcdbef72.jpg\" class=\"css-0 e1g79fud0\"\/><\/p>\n<p>Sideral Cinema<\/p>\n<p>Un viaje sin destino<\/p>\n<p data-journey-content=\"true\" data-node-id=\"12\" class=\"css-6wxqfj emevuu60\">Cuando Carlos Saiz empez\u00f3 a rodar la pel\u00edcula, no sab\u00eda c\u00f3mo iba a terminar. \u00abTen\u00edamos un guion cl\u00e1sico de ficci\u00f3n que marcaba la ruta, pero es algo que nunca mostr\u00e9 a los int\u00e9rpretes\u00bb, admiti\u00f3 el cineasta durante la rueda de prensa, acompa\u00f1ado de sus (no) actores protagonistas. \u00abNo quer\u00eda que se prepararan y me di cuenta que cuantas menos indicaciones daba era mejor\u00bb. El joven que da nombre al t\u00edtulo conoci\u00f3 a Saiz hace a\u00f1os a trav\u00e9s del grafiti, ya que ambos pintaban. Cuando se hicieron amigos, el director qued\u00f3 cautivado por su historia familiar. Su padre, tambi\u00e9n llamado Lionel, se fue de casa muy pronto y su madre falleci\u00f3 de forma repentina. Del intento de reencuentro entre padre e hijo habl\u00f3 en &#8216;<strong data-node-id=\"12.1\">La hoguera<\/strong>&#8216;, pero no se hab\u00eda materializado hasta ahora. <\/p>\n<p>No te pierdas esto<a data-theme-key=\"base-link\" href=\"#\" class=\"e1fx7w0v5 css-xorst3 e1c1bym14\">Reg\u00edstrate para recibir contenido personalizado<img decoding=\"async\" data-dynamic-svg=\"true\" src=\"https:\/\/www.fotogramas.es\/_assets\/design-tokens\/fre\/static\/icons\/arrow-right-regular.e879c19.svg?primary=%2523000000\" loading=\"lazy\" data-testid=\"dynamic-svg-base\" height=\"auto\" width=\"100%\" alt=\"\" class=\"css-13htjwu e1fx7w0v1\"\/><\/a><img draggable=\"true\" alt=\"lionel\" title=\"lionel\" loading=\"lazy\" width=\"1600\" height=\"2400\" decoding=\"async\" data-nimg=\"1\" style=\"color:transparent;width:100%;height:auto;\"   src=\"https:\/\/www.europesays.com\/es\/wp-content\/uploads\/2025\/11\/lionel-pelicula-festival-valladolid-2025-6905fdcd832e1.jpg\" class=\"css-0 e1g79fud0\"\/><\/p>\n<p>Sideral Cinema<\/p>\n<p data-journey-content=\"true\" data-node-id=\"17\" class=\"css-6wxqfj emevuu60\">&#8216;Lionel&#8217; trabaja con un formato arriesgado: el <strong data-node-id=\"17.1\">documental ficcionalizad<\/strong>o. A\u00fan implicando cuestiones tan personales como una tambaleante relaci\u00f3n paternofilial, la obligaci\u00f3n de rodarse cronol\u00f3gicamente y sin garant\u00eda de conseguir un material de calidad, Carlos Saiz ha acompa\u00f1ado a las tres patas de la familia \u2013hijo, padre y hermana\u2013 en un trayecto que no promet\u00eda ning\u00fan reencuentro. La historia comienza cuando el joven Lionel acepta ir en coche con su distante padre a visitar a su hermana en Francia, pero pronto se convierte en un estruendoso ajuste de cuentas. Para lograr reconstruir su relaci\u00f3n, deber\u00e1 aprender a poner sus l\u00edmites.  <\/p>\n<p><img draggable=\"true\" alt=\"lionel\" title=\"lionel\" loading=\"lazy\" width=\"2500\" height=\"1404\" decoding=\"async\" data-nimg=\"1\" style=\"color:transparent;width:100%;height:auto;\"   src=\"https:\/\/www.europesays.com\/es\/wp-content\/uploads\/2025\/11\/lionel-pelicula-6905fdcda8dc8.jpg\" class=\"css-0 e1g79fud0\"\/><\/p>\n<p>Sideral Cinema<\/p>\n<p>Extremos de una misma herida<\/p>\n<p data-journey-content=\"true\" data-node-id=\"21\" class=\"css-6wxqfj emevuu60\">\u00abHemos estado trabajando casi cinco a\u00f1os en esta pel\u00edcula\u00bb, apunta el cineasta. \u00abHa sido un proceso bonito, largo y en ocasiones duro, porque me volqu\u00e9 tanto en el proyecto que lo dej\u00e9 como el \u00fanico, cosa que no volver\u00eda a hacer. Cuando a veces tambaleaba la posibilidad de hacerlo, porque esto es as\u00ed, lo pasaba un poco mal. Ahora estoy muy feliz de compartirlo\u00bb. Los m\u00e1s de <strong data-node-id=\"21.1\">cuarenta y cinco d\u00edas de rodaje<\/strong> permitieron capturar la naturalidad de sus protagonistas en escenas extremadamente duras y otras terriblemente enternecedoras. <\/p>\n<p><img draggable=\"true\" alt=\"lionel seminci\" title=\"lionel seminci\" loading=\"lazy\" width=\"2000\" height=\"2858\" decoding=\"async\" data-nimg=\"1\" style=\"color:transparent;width:100%;height:auto;\"   src=\"https:\/\/www.europesays.com\/es\/wp-content\/uploads\/2025\/11\/lionel-poster-cast-6901249830a53.jpg\" class=\"css-0 e1g79fud0\"\/><\/p>\n<p>SEMINCI<\/p>\n<p data-journey-content=\"true\" data-node-id=\"25\" class=\"css-6wxqfj emevuu60\">Lo que m\u00e1s llama la atenci\u00f3n no es tanto Lionel hijo como el padre. Su acento de origen franc\u00e9s, unido a una naturaleza desapegada e indomable, construye <strong data-node-id=\"25.1\">el tipo de personaje que es imposible de inventar.<\/strong> Y es que el eje de la historia va fluctuando de padre a hijo, haciendo casi imposible distinguir d\u00f3nde empieza uno y termina el otro. La necesidad y la incapacidad de comunicarse se reconcilian en una traves\u00eda inesperada, conmovedora y profundamente honesta que ha sorprendido en Valladolid. Una \u00f3pera prima luminosa que habita los extremos opuestos de una misma herida y se pregunta qu\u00e9 es, en el fondo, lo que mantiene unida a una familia.<br data-node-id=\"25.3\"\/><\/p>\n<p><img src=\"https:\/\/www.europesays.com\/es\/wp-content\/uploads\/2025\/11\/1762041681_672_1c7213ec-b3a5-4ebe-982a-c0d0d4cd7bd1_1749630337.file\" alt=\"Headshot of Mar\u00eda Juesas\" title=\"Headshot of Mar\u00eda Juesas\" width=\"100%\" height=\"100%\" decoding=\"async\" loading=\"lazy\" class=\"css-o0wq4v ev8dhu53\"\/><\/p>\n<p><a href=\" https:\/\/www.linkedin.com\/in\/mar%C3%ADa-juesas-28a152205\/\">Mar\u00eda Juesas<\/a> es experta en pel\u00edculas y series, especializada en las brit\u00e1nicas, asi\u00e1ticas y, en general, en todo lo que est\u00e9 bien escrito. Tambi\u00e9n es periodista cultural y miembro de la Asociaci\u00f3n de Informadores Cinematogr\u00e1ficos de Espa\u00f1a (AICE), la organizaci\u00f3n que otorga los Premios Feroz. Su amor por el cine empez\u00f3 con los animales parlantes de \u2018Babe, el cerdito valiente\u2019 y, desde entonces, ha crecido entre los horizontes de John Ford, las galaxias de George Lucas y las playas de Agn\u00e8s Varda. \u00c1vida defensora de que una buena historia puede cambiarte la vida, no tiene g\u00e9nero favorito porque su historial cin\u00e9filo no conoce l\u00edmites (ni verg\u00fcenza). Eso s\u00ed, n\u00f3mbrale a Richard Curtis y tendr\u00e1s conversaci\u00f3n para rato.\u00a0\u00a0<\/p>\n<p>Lleg\u00f3 a la redacci\u00f3n de Fotogramas como becaria en pr\u00e1cticas despu\u00e9s de trabajar como proyeccionista en el mejor cine de Sheffield (en Reino Unido, donde tambi\u00e9n form\u00f3 parte de una granuja Blues Band), y de escribir sobre pel\u00edculas, m\u00fasica, teatro y literatura en medios como la revista Nuebo, Milana o El Generacional. En Fotogramas, ha cubierto festivales como la SEMINCI de Valladolid o los encuentros Rendez-vous de Unifrance en Par\u00eds, adem\u00e1s de entrevistar a personalidades como Robert De Niro, Ren\u00e9e Zellweger, Benedict Cumberbatch, Olivia Colman o Richard Gere.\u00a0\u00a0<\/p>\n<p>Apasionada de la m\u00fasica y el cine, desde Vigo lleg\u00f3 a Madrid para estudiar el doble grado de Periodismo y Comunicaci\u00f3n Audiovisual en la Universidad Carlos III. Cuenta la leyenda que prefer\u00eda saltarse clases para ir a alg\u00fan estreno aunque, si se lo preguntas, lo negar\u00e1.\u00a0Tras una breve pero transformadora etapa de formaci\u00f3n en Onda Cero Pontevedra, volvi\u00f3 a coger el micro como directora y presentadora del podcast Estrofas en Primer Plano, para despu\u00e9s completar un curso de Direcci\u00f3n de Producci\u00f3n en RTVE Instituto. Si no la encuentras, es que estar\u00e1 viendo alguna pel\u00edcula de Kurosawa. Da igual cu\u00e1ndo leas esto.\u00a0\u00a0<\/p>\n","protected":false},"excerpt":{"rendered":"Era una de las pel\u00edculas espa\u00f1olas m\u00e1s intrigantes a competici\u00f3n por la Espiga de Oro. La 70\u00aa Semana&hellip;\n","protected":false},"author":2,"featured_media":213508,"comment_status":"","ping_status":"","sticky":false,"template":"","format":"standard","meta":{"footnotes":""},"categories":[169],"tags":[177,1180,146,147,25,24,176,175,23],"class_list":{"0":"post-213507","1":"post","2":"type-post","3":"status-publish","4":"format-standard","5":"has-post-thumbnail","7":"category-cine","8":"tag-cine","9":"tag-editorial","10":"tag-entertainment","11":"tag-entretenimiento","12":"tag-es","13":"tag-espana","14":"tag-film","15":"tag-movies","16":"tag-spain"},"share_on_mastodon":{"url":"https:\/\/pubeurope.com\/@es\/115477170506288268","error":""},"_links":{"self":[{"href":"https:\/\/www.europesays.com\/es\/wp-json\/wp\/v2\/posts\/213507","targetHints":{"allow":["GET"]}}],"collection":[{"href":"https:\/\/www.europesays.com\/es\/wp-json\/wp\/v2\/posts"}],"about":[{"href":"https:\/\/www.europesays.com\/es\/wp-json\/wp\/v2\/types\/post"}],"author":[{"embeddable":true,"href":"https:\/\/www.europesays.com\/es\/wp-json\/wp\/v2\/users\/2"}],"replies":[{"embeddable":true,"href":"https:\/\/www.europesays.com\/es\/wp-json\/wp\/v2\/comments?post=213507"}],"version-history":[{"count":0,"href":"https:\/\/www.europesays.com\/es\/wp-json\/wp\/v2\/posts\/213507\/revisions"}],"wp:featuredmedia":[{"embeddable":true,"href":"https:\/\/www.europesays.com\/es\/wp-json\/wp\/v2\/media\/213508"}],"wp:attachment":[{"href":"https:\/\/www.europesays.com\/es\/wp-json\/wp\/v2\/media?parent=213507"}],"wp:term":[{"taxonomy":"category","embeddable":true,"href":"https:\/\/www.europesays.com\/es\/wp-json\/wp\/v2\/categories?post=213507"},{"taxonomy":"post_tag","embeddable":true,"href":"https:\/\/www.europesays.com\/es\/wp-json\/wp\/v2\/tags?post=213507"}],"curies":[{"name":"wp","href":"https:\/\/api.w.org\/{rel}","templated":true}]}}