{"id":213555,"date":"2025-11-02T00:47:17","date_gmt":"2025-11-02T00:47:17","guid":{"rendered":"https:\/\/www.europesays.com\/es\/213555\/"},"modified":"2025-11-02T00:47:17","modified_gmt":"2025-11-02T00:47:17","slug":"the-mastermind-del-robo-de-arte-al-narco-en-huelva-los-9-estrenos-que-llegan-a-los-cines-libertad-digital","status":"publish","type":"post","link":"https:\/\/www.europesays.com\/es\/213555\/","title":{"rendered":"&#8216;The Mastermind&#8217;, del robo de arte al narco en Huelva: los 9 estrenos que llegan a los cines &#8211; Libertad Digital"},"content":{"rendered":"<p>Esta semana llegan <strong>9 t\u00edtulos a las salas de cine<\/strong>. Desde una pel\u00edcula sobre robos de cuadros totalmente diferente como <strong>The Mastermind<\/strong> a la \u00faltima de Alberto Rodr\u00edguez, <strong>Los Tigres<\/strong>. Cine brit\u00e1nico, <strong>intercambio de cuerpos a la espa\u00f1ola con Paz Padilla<\/strong> o drama rom\u00e1ntico. Los repasamos todos.<\/p>\n<p>El mayor robo de cuadros<\/p>\n<p>A la pel\u00edcula <strong>The Mastermind<\/strong> el <a href=\"https:\/\/www.libertaddigital.com\/cultura\/2025-10-30\/detenidas-cinco-personas-mas-por-el-robo-de-joyas-del-louvre-que-siguen-sin-aparecer-7314339\/\" rel=\"nofollow noopener\" target=\"_blank\">robo de joyas en el Museo del Louvre<\/a> le ha hecho casi la campa\u00f1a publicitaria. Robar es \u00abm\u00e1s f\u00e1cil\u00bb que evitar que te pille la Polic\u00eda. La pel\u00edcula nos sit\u00faa en 1970, con una est\u00e9tica que parece realmente una cinta de aquella d\u00e9cada, en un tranquilo pueblo de Massachusetts. Aunque ficci\u00f3n, la pel\u00edcula est\u00e1 situada en el estado norteamericano cuya capital, Boston, fue el <strong>escenario del mayor robo de arte de EE.UU<\/strong>.<\/p>\n<p>Un buen d\u00eda JB Mooney (<strong>Josh O&#8217;Connor<\/strong>) decide <strong>dejar de ser un carpintero sin trabajo para convertirse en un ladr\u00f3n de arte<\/strong>. Descubre c\u00f3mo robar en el museo de su ciudad, donde los guardias de seguridad est\u00e1n dormitando, es relativamente f\u00e1cil. Por ello decide buscarse dos c\u00f3mplices y llevar a cabo el gran robo a plena luz del d\u00eda.<\/p>\n<p>Una vez realizado el golpe, comienza la verdadera trama de The Mastermind, ocultar el bot\u00edn e <strong>intentar que no te pille la Polic\u00eda<\/strong>. La pel\u00edcula no es una m\u00e1s dentro del subg\u00e9nero de acci\u00f3n dedicado a los atracos, no piensen en un Ocean&#8217;s Eleven. Aqu\u00ed no hay m\u00e9todos sofisticados ni alta tecnolog\u00eda.<\/p>\n<p>De hecho, durante la preparaci\u00f3n del atraco el espectador sentir\u00e1 la ternura del padre que est\u00e1 viendo c\u00f3mo su hijo est\u00e1 haciendo algo mal pero lo deja para que aprenda de su error. El problema en este caso es la consecuencia para nuestro protagonista con el que el espectador empatizar\u00e1. Esta es una historia que tiene un tono realmente triste que la hace diferente con un protagonista que tendr\u00e1 que <strong>convertirse en un fugitivo<\/strong> enfrent\u00e1ndose a las consecuencias de un crimen que lo marcar\u00e1 para siempre.<\/p>\n<blockquote>\n<p>T\u00edtulo original: The Mastermind<br \/>G\u00e9nero: Crimen<br \/>Pa\u00eds: Estados Unidos<br \/>A\u00f1o: 2025<br \/>Duraci\u00f3n: 110 minutos<br \/>Director: Kelly Reichardt<br \/>Reparto: Josh O&#8217;Connor, Alana Haim, Bill Camp, Hope Davis<br \/>Fecha de estreno en Espa\u00f1a: 31 de octubre de 2025<br \/>Distribuidora: MUBI<\/p>\n<\/blockquote>\n<p><a class=\"fancybox\" href=\"https:\/\/s1.staticld.com\/2025\/10\/31\/the-mastermind-still-05.jpg\" rel=\"nofollow noreferrer noopener\" target=\"_blank\"><img class=\"l\" data-  style=\"aspect-ratio: 16 \/ 9\" alt=\"the-mastermind-still-05.jpg\"\/><\/a><\/p>\n<p>&#8216;The Mastermind&#8217;.<\/p>\n<p>Huelva, buzos y alijos de droga<\/p>\n<p><strong>Alberto Rodr\u00edguez<\/strong> (La isla m\u00ednima, Grupo 7&#8230;) es uno de los mejores directores de cine que tenemos en Espa\u00f1a. Y lo vuelve a demostrar con su \u00faltima pel\u00edcula, <strong>Los Tigres<\/strong>. Nos presenta a dos hermanos, Antonio (<strong>Antonio de la Torre<\/strong>) y Estrella (<strong>B\u00e1rbara Lennie<\/strong>), que llevan toda la vida dedicados al buceo. <strong>Trabajan limpiando y reparando grandes cargueros<\/strong> que paran en el puerto onubense. Todo cambiar\u00e1 cuando Antonio descubra en un carguero que para habitualmente en el puerto de Huelva un <strong>alijo de coca\u00edna<\/strong>.<\/p>\n<blockquote>\n<p>T\u00edtulo original: Los Tigres<br \/>G\u00e9nero: Drama &#8211; Thriller<br \/>Pa\u00eds: Espa\u00f1a<br \/>A\u00f1o: 2025<br \/>Duraci\u00f3n: 109 minutos<br \/>Director: Alberto Rodr\u00edguez<br \/>Reparto: Antonio de la Torre, B\u00e1rbara Lennie, Joaqu\u00edn N\u00fa\u00f1ez<br \/>Fecha de estreno en Espa\u00f1a: 31 de octubre de 2025<br \/>Distribuidora: Disney<\/p>\n<\/blockquote>\n<p><a class=\"fancybox\" href=\"https:\/\/s1.staticld.com\/2025\/10\/30\/los-tigres-5.jpg\" rel=\"nofollow noreferrer noopener\" target=\"_blank\"><img class=\"l\" data-  style=\"aspect-ratio: 640 \/ 427\" alt=\"los-tigres-5.jpg\"\/><\/a><\/p>\n<p>&#8216;Los Tigres&#8217;.<\/p>\n<p>Adolescentes madres solteras<\/p>\n<p>Los<strong> hermanos<\/strong> <strong>Dardenne<\/strong> vuelven a la direcci\u00f3n con <strong>Reci\u00e9n nacidas<\/strong>, pel\u00edcula que sigue la historia de <strong>5 adolescentes que viven en un centro maternal con situaciones<\/strong> muy diferentes: la chica musulmana rechazada por su embarazo, la joven que se cri\u00f3 en un orfanato y ahora tiene miedo por su beb\u00e9, la hija de una alcoh\u00f3lica decidida a dar a su hija en adopci\u00f3n para que tenga un buen futuro, la joven que <strong>vincula quedarse con el beb\u00e9 a que su novio la acepte<\/strong> o la joven pareja que intenta dejar atr\u00e1s la dependencia de la droga.<\/p>\n<blockquote>\n<p>T\u00edtulo original: Jeunes m\u00e8res<br \/>G\u00e9nero: Drama<br \/>Pa\u00eds: B\u00e9lgica &#8211; Francia<br \/>A\u00f1o: 2025<br \/>Duraci\u00f3n: 105 minutos<br \/>Director: Jean-Pierre Dardenne y Luc Dardenne<br \/>Reparto: Christelle Cornil, Fabrizio Rongione<br \/>Fecha de estreno en Espa\u00f1a: 31 de octubre de 2025<br \/>Distribuidora: V\u00e9rtigo Films<\/p>\n<\/blockquote>\n<p><a class=\"fancybox\" href=\"https:\/\/s1.staticld.com\/2025\/10\/31\/recien-nacidas.jpg\" rel=\"nofollow noreferrer noopener\" target=\"_blank\"><img class=\"l\" data-  style=\"aspect-ratio: 320 \/ 173\" alt=\"recien-nacidas.jpg\"\/><\/a><\/p>\n<p>&#8216;Reci\u00e9n nacidas&#8217;.<\/p>\n<p>Terror, biopic musical e intercambio de cuerpos<\/p>\n<p>Adem\u00e1s se estrena en cines el biopic musical <strong>Monsieur Aznavour<\/strong>, que sigue sus primeros pasos en Par\u00eds donde conocer\u00e1 a la ic\u00f3nica \u00c9dith Piaf; la cinta de terror <strong>Together<\/strong>; el drama rom\u00e1ntico <strong>A pesar de ti<\/strong>; el drama <strong>Esa cosa con alas<\/strong>, protagonizado por Benedict Cumberbatch; la comedia espa\u00f1ola de <strong>intercambio de cuerpos protagonizada por Paz Padilla<\/strong>, <strong>Cuerpos locos<\/strong>; y la pel\u00edcula de animaci\u00f3n <strong>Super Charlie<\/strong>.<\/p>\n<p><strong>Pincha en el audio<\/strong> para descubrir todos los detalles <strong>sin spoilers<\/strong>.<\/p>\n","protected":false},"excerpt":{"rendered":"Esta semana llegan 9 t\u00edtulos a las salas de cine. Desde una pel\u00edcula sobre robos de cuadros totalmente&hellip;\n","protected":false},"author":2,"featured_media":213556,"comment_status":"","ping_status":"","sticky":false,"template":"","format":"standard","meta":{"footnotes":""},"categories":[169],"tags":[47760,26604,7671,177,146,147,25,24,6750,34995,176,4397,56739,175,25983,6925,54872,3889,23,57539],"class_list":{"0":"post-213555","1":"post","2":"type-post","3":"status-publish","4":"format-standard","5":"has-post-thumbnail","7":"category-cine","8":"tag-alberto-rodriguez","9":"tag-antonio-de-la-torre","10":"tag-barbara-lennie","11":"tag-cine","12":"tag-entertainment","13":"tag-entretenimiento","14":"tag-es","15":"tag-espana","16":"tag-estrenos","17":"tag-estrenos-en-cines","18":"tag-film","19":"tag-huelva","20":"tag-los-tigres","21":"tag-movies","22":"tag-narco","23":"tag-paz-padilla","24":"tag-robos-de-arte","25":"tag-sector-del-cine","26":"tag-spain","27":"tag-the-mastermind"},"share_on_mastodon":{"url":"https:\/\/pubeurope.com\/@es\/115477351211124344","error":""},"_links":{"self":[{"href":"https:\/\/www.europesays.com\/es\/wp-json\/wp\/v2\/posts\/213555","targetHints":{"allow":["GET"]}}],"collection":[{"href":"https:\/\/www.europesays.com\/es\/wp-json\/wp\/v2\/posts"}],"about":[{"href":"https:\/\/www.europesays.com\/es\/wp-json\/wp\/v2\/types\/post"}],"author":[{"embeddable":true,"href":"https:\/\/www.europesays.com\/es\/wp-json\/wp\/v2\/users\/2"}],"replies":[{"embeddable":true,"href":"https:\/\/www.europesays.com\/es\/wp-json\/wp\/v2\/comments?post=213555"}],"version-history":[{"count":0,"href":"https:\/\/www.europesays.com\/es\/wp-json\/wp\/v2\/posts\/213555\/revisions"}],"wp:featuredmedia":[{"embeddable":true,"href":"https:\/\/www.europesays.com\/es\/wp-json\/wp\/v2\/media\/213556"}],"wp:attachment":[{"href":"https:\/\/www.europesays.com\/es\/wp-json\/wp\/v2\/media?parent=213555"}],"wp:term":[{"taxonomy":"category","embeddable":true,"href":"https:\/\/www.europesays.com\/es\/wp-json\/wp\/v2\/categories?post=213555"},{"taxonomy":"post_tag","embeddable":true,"href":"https:\/\/www.europesays.com\/es\/wp-json\/wp\/v2\/tags?post=213555"}],"curies":[{"name":"wp","href":"https:\/\/api.w.org\/{rel}","templated":true}]}}