{"id":213559,"date":"2025-11-02T00:49:19","date_gmt":"2025-11-02T00:49:19","guid":{"rendered":"https:\/\/www.europesays.com\/es\/213559\/"},"modified":"2025-11-02T00:49:19","modified_gmt":"2025-11-02T00:49:19","slug":"la-dificil-mision-de-llenar-la-nevera-en-zamora","status":"publish","type":"post","link":"https:\/\/www.europesays.com\/es\/213559\/","title":{"rendered":"La dif\u00edcil misi\u00f3n de llenar la nevera en Zamora"},"content":{"rendered":"<p class=\"ft-text ft-helper-closenews\">Durante meses fue el producto sobre el que m\u00e1s comentarios se o\u00edan en los supermercados. Y es que el precio del aceite de oliva se lleg\u00f3 a disparar hasta un 35% en algunos casos, provocando la <strong>indignaci\u00f3n y la preocupaci\u00f3n entre los consumidores<\/strong> por un alimentos tan b\u00e1sico. Ahora que su importe ha descendido significativamente, hay otro producto cuyo precio no para de incrementarse mes a mes. <a class=\"ft-link ft-link--decoration\" href=\"https:\/\/www.laopiniondezamora.es\/economia\/2025\/04\/11\/precio-huevos-subio-marzo-triple-ipc-116302489.html\" target=\"_blank\" rel=\"nofollow noopener\">Tanto que ha comenzado a ser conocido como el nuevo oro blanco<\/a>. Se trata del huevo, que ha visto como en los \u00faltimos meses ha disparado su precio medio en los establecimientos. De hecho, seg\u00fan el <a class=\"ft-link ft-link--decoration\" href=\"https:\/\/www.laopiniondezamora.es\/tags\/instituto-nacional-de-estadistica\/\" target=\"_blank\" rel=\"nofollow noopener\">Instituto Nacional de Estad\u00edstica<\/a> (INE), su importe medio se dispar\u00f3 en el mes de septiembre <strong>casi un 20%<\/strong>, mientras el aceite cay\u00f3 un 34,5%.<\/p>\n<p><img decoding=\"async\" src=\"https:\/\/www.europesays.com\/es\/wp-content\/uploads\/2025\/11\/12266fa2-6ebe-44b2-9c41-83f911022e92_alta-libre-aspect-ratio_default_0.jpg\" width=\"1200\" height=\"765\" alt=\"Una mujer pasea por una calle con un carrito de la compra. | V\u00cdCTOR GARRIDO\" class=\"ft-helper-img-rd\" loading=\"lazy\" hasdataaida=\"true\"\/><\/p>\n<p class=\"ft-helper-fontColor-quaternary ft-helper-fontSize-body-S ft-helper-spacer-t-xxs\">Una mujer pasea por una calle con un carrito de la compra. | V\u00cdCTOR GARRIDO <\/p>\n<p class=\"ft-text\">Seg\u00fan datos de <a class=\"ft-link ft-link--decoration\" href=\"https:\/\/www.laopiniondezamora.es\/tags\/facua\/\" target=\"_blank\" rel=\"nofollow noopener\">Facua<\/a>, que ha analizado la variaci\u00f3n interanual de una veintena de alimentos b\u00e1sicos, los huevos son el producto que ha vivido un mayor incremento en su precio en el \u00faltimo a\u00f1o. <strong>En concreto, un 31%<\/strong>. Tanto es as\u00ed, que lo que hay que pagar por una docena ha llegado a incrementarse un 19% en tan solo d\u00eda en algunos establecimientos, pasando de costar 2,60 a 3,10 euros.<\/p>\n<p>Gripe aviar<\/p>\n<p class=\"ft-text\">Una de las principales causas de esta situaci\u00f3n es la <a class=\"ft-link ft-link--decoration\" href=\"https:\/\/www.laopiniondezamora.es\/tags\/gripe-aviar\/\" target=\"_blank\" rel=\"nofollow noopener\">gripe aviar<\/a>. Y es que en los \u00faltimos meses, desde la llegada de la Influenza Aviar de Alta Patogenicidad, <strong>el n\u00famero de focos no ha hecho m\u00e1s que multiplicarse<\/strong>, obligando al sacrificio de miles de gallinas, lo que influye de manera determinante en la producci\u00f3n y por lo tanto en el precio final que tiene que pagar el cliente.<\/p>\n<blockquote class=\"ft-mol-quote\" data-aida-quote=\"\"><p>\u00ab\u00bbLa cesta de la compra cada vez cuesta m\u00e1s\u00bb, se quejan los consumidores de Zamora.\u00bb<\/p><\/blockquote>\n<p class=\"ft-text\">Y este incremento de precios lo notan, y mucho los bolsillos, de los <a class=\"ft-link ft-link--decoration\" href=\"https:\/\/www.laopiniondezamora.es\/zamora\/\" target=\"_blank\" rel=\"nofollow noopener\">zamoranos<\/a>, que ven como cada vez es m\u00e1s caro llenar la cesta de compra. As\u00ed lo confirma <strong>Jos\u00e9<\/strong>, un vecino zamorano de la zona de Cardenal Cisneros. \u00abCreo que la fruta es lo que m\u00e1s ha subido. Acabo de comprar naranjas y mandarinas y est\u00e1n car\u00edsimas. Tambi\u00e9n noto el incremento de precio en los kiwis, por ejemplo\u00bb. Aunque el aumento de precios no ha hecho que cambie los productos que compra en el mercado de Abastos y en varios supermercados de la ciudad. \u00abSigo comprando el mismo pescado que compraba antes, pero<strong> se nota que su precio se ha disparado<\/strong>. Ahora compras cualquier variedad y<strong> la pagas a precios de merluza<\/strong>. Llenar la cesta de la compra cada vez cuesta m\u00e1s\u00bb, concluye.<\/p>\n<p class=\"ft-text\">Pero si hay un producto cuyo precio cree que se ha disparado es el <strong>chocolate<\/strong>. Y es que seg\u00fan diversas informaciones, su precio se ha incrementado en origen un 300% debido a las malas cosechas de los \u00faltimos a\u00f1os.<\/p>\n<blockquote class=\"ft-mol-quote\" data-aida-quote=\"\"><p>\u00abAhora compras cualquier variedad de pescado y la pagas a precios de merluza\u00bb, afirma un zamorano <\/p><\/blockquote>\n<p class=\"ft-text\"><strong>Los huevos, el cacao o el pescado no son los \u00fanicos productos b\u00e1sicos que han visto c\u00f3mo su precio se disparaba desde 2024<\/strong>. Los limones, seg\u00fan datos de Facua, cuestan actualmente un 22,4% m\u00e1s que hace un a\u00f1o, mientras que el encarecimiento de las peras conferencia ha sido del 18,6%. Seg\u00fan este estudio, las cebollas cuestan ahora un 16,1% m\u00e1s, las uvas blancas sin pepitas un 16,1% m\u00e1s, los ajos (un 10,2%), el aceite de girasol (un 9,7%), las manzanas golden un 8,9% m\u00e1s, el brik de leche entera un 5,7% m\u00e1s.<\/p>\n<p>Subida del pescado<\/p>\n<p class=\"ft-text\">El precio del pescado, otro de los productos b\u00e1sicos en cualquier alimentaci\u00f3n equilibrada, tambi\u00e9n ha incrementado sus precios significativamente. En concreto, seg\u00fan datos del <a class=\"ft-link ft-link--decoration\" href=\"https:\/\/www.laopiniondezamora.es\/tags\/ministerio-de-agricultura\/\" target=\"_blank\" rel=\"nofollow noopener\">Ministerio de Agricultura y Pesca<\/a> ha subido un 3,5%. Un aumento que ha afectado a su consumo, que ha ido cayendo paulatinamente.<strong> Ahora es un 30% menor que hace diez a\u00f1os<\/strong>. As\u00ed lo confirma otro zamorano que vive en la zona centro, que comenta que ha dejado de comprar algunas variedades debido al incremento de su precio.<\/p>\n<p class=\"ft-text\">Ahora prefiere, dice, el producto congelado, m\u00e1s econ\u00f3mico que el fresco. Tambi\u00e9n otro tipo de variedades que antes no consum\u00eda porque su precio es menor. Y deja una reflexi\u00f3n. \u00ab<strong>En el caso de una familia con hijos, no s\u00e9 c\u00f3mo pueden dar de comer pescado fresco a los ni\u00f1os con los precios que tiene ahora mismo<\/strong>\u00ab.<\/p>\n<p data-close=\"closedContent\" class=\"subscribeHideForDisplay\">Suscr\u00edbete para seguir leyendo<\/p>\n","protected":false},"excerpt":{"rendered":"Durante meses fue el producto sobre el que m\u00e1s comentarios se o\u00edan en los supermercados. Y es que&hellip;\n","protected":false},"author":2,"featured_media":213560,"comment_status":"","ping_status":"","sticky":false,"template":"","format":"standard","meta":{"footnotes":""},"categories":[92],"tags":[57541,20978,861,25,24,165,8084,17825,10008,57540,8038,166,23,3212,2946],"class_list":{"0":"post-213559","1":"post","2":"type-post","3":"status-publish","4":"format-standard","5":"has-post-thumbnail","7":"category-salud","8":"tag-cesta-de-la-compra","9":"tag-consumidores","10":"tag-dificil","11":"tag-es","12":"tag-espana","13":"tag-health","14":"tag-huevos","15":"tag-llenar","16":"tag-mision","17":"tag-nevera","18":"tag-precios","19":"tag-salud","20":"tag-spain","21":"tag-supermercados","22":"tag-zamora"},"share_on_mastodon":{"url":"https:\/\/pubeurope.com\/@es\/115477359431377941","error":""},"_links":{"self":[{"href":"https:\/\/www.europesays.com\/es\/wp-json\/wp\/v2\/posts\/213559","targetHints":{"allow":["GET"]}}],"collection":[{"href":"https:\/\/www.europesays.com\/es\/wp-json\/wp\/v2\/posts"}],"about":[{"href":"https:\/\/www.europesays.com\/es\/wp-json\/wp\/v2\/types\/post"}],"author":[{"embeddable":true,"href":"https:\/\/www.europesays.com\/es\/wp-json\/wp\/v2\/users\/2"}],"replies":[{"embeddable":true,"href":"https:\/\/www.europesays.com\/es\/wp-json\/wp\/v2\/comments?post=213559"}],"version-history":[{"count":0,"href":"https:\/\/www.europesays.com\/es\/wp-json\/wp\/v2\/posts\/213559\/revisions"}],"wp:featuredmedia":[{"embeddable":true,"href":"https:\/\/www.europesays.com\/es\/wp-json\/wp\/v2\/media\/213560"}],"wp:attachment":[{"href":"https:\/\/www.europesays.com\/es\/wp-json\/wp\/v2\/media?parent=213559"}],"wp:term":[{"taxonomy":"category","embeddable":true,"href":"https:\/\/www.europesays.com\/es\/wp-json\/wp\/v2\/categories?post=213559"},{"taxonomy":"post_tag","embeddable":true,"href":"https:\/\/www.europesays.com\/es\/wp-json\/wp\/v2\/tags?post=213559"}],"curies":[{"name":"wp","href":"https:\/\/api.w.org\/{rel}","templated":true}]}}