{"id":213597,"date":"2025-11-02T01:18:09","date_gmt":"2025-11-02T01:18:09","guid":{"rendered":"https:\/\/www.europesays.com\/es\/213597\/"},"modified":"2025-11-02T01:18:09","modified_gmt":"2025-11-02T01:18:09","slug":"el-problema-valenciano-de-feijoo-agenda-publica","status":"publish","type":"post","link":"https:\/\/www.europesays.com\/es\/213597\/","title":{"rendered":"El problema valenciano de Feij\u00f3o \u2014 Agenda P\u00fablica"},"content":{"rendered":"<p>\t\t\t\t\t\t\t\t\t\t\tEl funeral de Estado celebrado el 29 de octubre de 2025 en el Museo de las Ciencias Pr\u00edncipe Felipe, en homenaje a las 237 v\u00edctimas de <a href=\"https:\/\/agendapublica.es\/noticia\/20312\/ser-alcalde-ano-despu-dana-estamos-atrapados-entre-barro-papeles\" target=\"_blank\" rel=\"nofollow noopener\">la DANA que arras\u00f3 el litoral valenciano<\/a> un a\u00f1o antes, ha sellado el principio del fin pol\u00edtico de Carlos Maz\u00f3n. Lo que deb\u00eda ser un acto solemne de memoria se transform\u00f3 en un juicio p\u00fablico. <strong>Entre gritos de \u00abdimisi\u00f3n\u00bb y \u00abverg\u00fcenza\u00bb, el president de la Generalitat fue abucheado por los familiares de las v\u00edctimas<\/strong>, en presencia de los reyes y las principales autoridades del Estado. El momento <strong>condens\u00f3 algo m\u00e1s profundo que el dolor<\/strong>, marcando la ruptura entre el Gobierno auton\u00f3mico y una sociedad valenciana que siente que fue <strong>abandonada en las horas m\u00e1s oscuras de su historia reciente<\/strong>.<\/p>\n<blockquote><p>\u00abPese a la petici\u00f3n de las asociaciones de afectados, Maz\u00f3n acudi\u00f3 al funeral de Estado para acabar admitiendo que \u00abhubo cosas que debieron funcionar mejor\u00bb\u00bb<\/p><\/blockquote>\n<p>Las asociaciones de afectados hab\u00edan pedido expresamente que Maz\u00f3n no asistiera. Alegaban que su presencia resultaba una afrenta moral, <strong>una herida abierta que el paso del tiempo no hab\u00eda cerrado<\/strong>. El president acudi\u00f3 al acto y, horas despu\u00e9s, reconoci\u00f3 ante los medios lo que llevaba un a\u00f1o evitando: \u00abHubo cosas que debieron funcionar mejor\u00bb, admiti\u00f3, y <strong>a\u00f1adi\u00f3 que sigue \u00abreflexionando sobre lo que significa el d\u00eda de ayer\u00bb<\/strong>. Su declaraci\u00f3n se interpretaba como la conciencia de que su fin pol\u00edtico podr\u00eda estar cerca.\n<\/p>\n<p>De la tragedia natural a la cat\u00e1strofe pol\u00edtica<br \/>\n<a href=\"https:\/\/agendapublica.es\/etiquetas\/DANA+Val_amp_egrave%3Bncia\" target=\"_blank\" rel=\"nofollow noopener\">La DANA<\/a> del 29 de octubre de 2024 <strong>fue la m\u00e1s devastadora registrada en la Comunitat Valenciana<\/strong>. Las lluvias torrenciales dejaron 237 muertos, m\u00e1s de 12.000 desplazados y p\u00e9rdidas econ\u00f3micas superiores a los 2.000 millones de euros, seg\u00fan c\u00e1lculos de la propia Generalitat. <strong>Lo que comenz\u00f3 como un desastre natural se transform\u00f3<\/strong>, en cuesti\u00f3n de horas, en <a href=\"https:\/\/agendapublica.es\/noticia\/20139\/virginia-barcones-pilar-bernab-emergencias-climaticas-simultaneas-exigen-sistemas-preparados-coordinados\" target=\"_blank\" rel=\"nofollow noopener\">una cat\u00e1strofe pol\u00edtica<\/a>. Los informes t\u00e9cnicos posteriores se\u00f1alaron graves fallos de coordinaci\u00f3n: retrasos en la activaci\u00f3n de los planes de emergencia,<strong> comunicaciones colapsadas y ausencia de mando claro durante las primeras 48 horas<\/strong>.\u00a0<\/p>\n<p>La Comisi\u00f3n de Investigaci\u00f3n de Les Corts Valencianes, cuyo informe preliminar se filtr\u00f3 el pasado julio, apunt\u00f3 directamente a la Conselleria de Interior y al propio Maz\u00f3n por \u00abdeficiencias de liderazgo operativo\u00bb. <strong>A las deficiencias t\u00e9cnicas<\/strong> se sum\u00f3 un relato contradictorio del propio Maz\u00f3n, <strong>con diferentes versiones que han socavado su credibilidad<\/strong>. Los detalles de esas horas clave se han acabado viendo tras una serie de mentiras y contradicciones.\u00a0<\/p>\n<p>Durante meses, <strong>Maz\u00f3n trat\u00f3 de blindarse tras el argumento de la \u00abtragedia imprevisible\u00bb<\/strong>. Pero la narrativa se erosion\u00f3 con cada filtraci\u00f3n, con cada testimonio de vecinos que no recibieron aviso, con cada evidencia de improvisaci\u00f3n. Seg\u00fan el sondeo de 40dB. para El Pa\u00eds y Cadena SER del 8 de octubre de 2025, <strong>el 71% de los valencianos cree que Maz\u00f3n deber\u00eda dimitir, y el 78% suspende su gesti\u00f3n<\/strong>. La p\u00e9rdida de confianza no distingue colores: incluso entre votantes del PP y Vox la desaprobaci\u00f3n es mayoritaria.\u00a0<\/p>\n<blockquote><p>\u00abLa DANA dej\u00f3 de ser percibida como una cuesti\u00f3n meteorol\u00f3gica para convertirse en el s\u00edmbolo de un poder que reaccion\u00f3 tarde y nunca asumi\u00f3 del todo sus errores\u00bb<\/p><\/blockquote>\n<p>La DANA dej\u00f3 de ser percibida como una fatalidad meteorol\u00f3gica para convertirse en el s\u00edmbolo de un poder que reaccion\u00f3 tarde, <strong>comunic\u00f3 peor y nunca asumi\u00f3 del todo sus errores<\/strong>. El golpe pol\u00edtico ha sido letal. En apenas un a\u00f1o, la figura de Maz\u00f3n encarna la versi\u00f3n m\u00e1s cl\u00e1sica del poder ensimismado e inoperante, a lo que se suma una crisis de representaci\u00f3n, incluso, entre sus propios votantes. <strong>En pol\u00edtica, el tiempo que se tarda en reaccionar es parte de la comunicaci\u00f3n<\/strong>. Y Maz\u00f3n tard\u00f3 demasiado.<\/p>\n<p>El anuncio de un \u00abperiodo de reflexi\u00f3n\u00bb por parte de Maz\u00f3n tras el funeral de Estado <strong>parece m\u00e1s una maniobra dilatoria que un gesto de autocr\u00edtica<\/strong>. Su frase \u2014\u00bbsigo reflexionando sobre lo que significa el d\u00eda de ayer\u00bb\u2014 es probablemente <strong>un intento de ganar tiempo ante lo inevitable<\/strong>. La autocr\u00edtica llega cuando ya nadie la espera, en un clima de duelo colectivo donde la ciudadan\u00eda no busca perd\u00f3n, sino responsabilidad. <a href=\"https:\/\/agendapublica.es\/noticia\/20274\/saludo-al-pulso-asi-fue-apreton-manos-entre-trump-sanchez\" target=\"_blank\" rel=\"nofollow noopener\">Los gestos tambi\u00e9n comunican<\/a> y Maz\u00f3n parece haber olvidado que la empat\u00eda es un componente esencial del liderazgo pol\u00edtico.<strong> Cuando las v\u00edctimas piden que no asistas y t\u00fa decides acudir, no est\u00e1s ejerciendo autoridad<\/strong>: est\u00e1s lanzando un desaf\u00edo.<\/p>\n<p>Feij\u00f3o y el espejo valenciano<br \/>\nLa tormenta popular en Valencia <strong>ha terminado por alcanzar al propio Alberto N\u00fa\u00f1ez Feij\u00f3o<\/strong>. Durante meses, el l\u00edder del PP <strong>exhibi\u00f3 los gobiernos auton\u00f3micos como escaparates de gesti\u00f3n solvente<\/strong> y como contrapeso al Gobierno central. Pero la ca\u00edda de Maz\u00f3n amenaza con desmoronar esa narrativa.<\/p>\n<p>Feij\u00f3o ha pedido que \u00abse investigue hasta el final lo ocurrido en la DANA\u00bb, pero <strong>ha evitado exigir la dimisi\u00f3n de su presidente auton\u00f3mico<\/strong>, alegando que no improvisar\u00e1 \u00abrespuestas sin calado\u00bb. Esa cautela, sin embargo, <strong>se interpreta como complicidad.<\/strong>\u00a0<\/p>\n<p>El PP enfrenta ahora una disyuntiva inc\u00f3moda: o convierte la responsabilidad en virtud, aceptando que <strong>la transparencia y la autocr\u00edtica son condiciones necesarias para gobernar<\/strong> en el siglo XXI, o sigue atrapado en un reflejo de pasado donde la culpa se administra pero no se asume. En otras palabras, no haber actuado por miedo al desgaste puede <strong>acabar multiplicando este ante el l\u00edmite de la tolerancia de sus propios votantes<\/strong>.\u00a0<\/p>\n<blockquote><p>\u00abSeg\u00fan las cifras del CIS, la preferencia de Feij\u00f3o como presidente del Gobierno ha ca\u00eddo del 17,1% al 10,2% entre los ciudadanos valencianos\u00bb<\/p><\/blockquote>\n<p>El desgaste de Feij\u00f3o ha acabado por manifestarse con fuerza en la Comunitat Valenciana, donde los datos confirman una ca\u00edda sostenida de su liderazgo. Seg\u00fan las cifras del CIS en este territorio, comparando los datos entre octubre de 2024 y octubre de 2025, la preferencia de Feij\u00f3o como presidente del Gobierno ha ca\u00eddo del 17,1% al 10,2%, <strong>mientras que la intenci\u00f3n directa de voto al PP se ha desplomado del 25,2% al 14,2%<\/strong>. Adem\u00e1s, <strong>su valoraci\u00f3n personal ha descendido casi un punto<\/strong>. Este retroceso de siete puntos en popularidad y once en apoyo directo refleja un fen\u00f3meno m\u00e1s profundo que el mero desgaste electoral y<strong> confirma que la tormenta pol\u00edtica que sacude a Maz\u00f3n act\u00faa como un espejo ampliado del declive del propio Feij\u00f3o<\/strong>.<\/p>\n<p><\/p>\n<p>La DANA del 29 de octubre de 2024 <strong>se llev\u00f3 por delante casas, puentes y certezas<\/strong>. Un a\u00f1o despu\u00e9s, se confirma que tambi\u00e9n ha acabado con una presidencia y un relato pol\u00edtico que se cre\u00eda a salvo. <strong>Maz\u00f3n ya no lucha contra la lluvia, sino contra la evidencia<\/strong>: la de haber gobernado como si bastara con administrar el tiempo, cuando lo que se hund\u00eda era la confianza. <\/p>\n","protected":false},"excerpt":{"rendered":"El funeral de Estado celebrado el 29 de octubre de 2025 en el Museo de las Ciencias Pr\u00edncipe&hellip;\n","protected":false},"author":2,"featured_media":213598,"comment_status":"","ping_status":"","sticky":false,"template":"","format":"standard","meta":{"footnotes":""},"categories":[5],"tags":[17,18,2007,25,24,13,14,57557,57555,11,19,20,57556,9,10,15,16,57559,23,12,21,22,57558],"class_list":{"0":"post-213597","1":"post","2":"type-post","3":"status-publish","4":"format-standard","5":"has-post-thumbnail","7":"category-titulares","8":"tag-breaking-news","9":"tag-breakingnews","10":"tag-carlos-mazon","11":"tag-es","12":"tag-espana","13":"tag-featured-news","14":"tag-featurednews","15":"tag-feijoo-y-mazon","16":"tag-funeral-dana","17":"tag-headlines","18":"tag-latest-news","19":"tag-latestnews","20":"tag-mazon-dimite","21":"tag-news","22":"tag-noticias","23":"tag-noticias-destacadas","24":"tag-noticiasdestacadas","25":"tag-pp-valencia","26":"tag-spain","27":"tag-titulares","28":"tag-ultimas-noticias","29":"tag-ultimasnoticias","30":"tag-valencia-dana"},"share_on_mastodon":{"url":"https:\/\/pubeurope.com\/@es\/115477473059345386","error":""},"_links":{"self":[{"href":"https:\/\/www.europesays.com\/es\/wp-json\/wp\/v2\/posts\/213597","targetHints":{"allow":["GET"]}}],"collection":[{"href":"https:\/\/www.europesays.com\/es\/wp-json\/wp\/v2\/posts"}],"about":[{"href":"https:\/\/www.europesays.com\/es\/wp-json\/wp\/v2\/types\/post"}],"author":[{"embeddable":true,"href":"https:\/\/www.europesays.com\/es\/wp-json\/wp\/v2\/users\/2"}],"replies":[{"embeddable":true,"href":"https:\/\/www.europesays.com\/es\/wp-json\/wp\/v2\/comments?post=213597"}],"version-history":[{"count":0,"href":"https:\/\/www.europesays.com\/es\/wp-json\/wp\/v2\/posts\/213597\/revisions"}],"wp:featuredmedia":[{"embeddable":true,"href":"https:\/\/www.europesays.com\/es\/wp-json\/wp\/v2\/media\/213598"}],"wp:attachment":[{"href":"https:\/\/www.europesays.com\/es\/wp-json\/wp\/v2\/media?parent=213597"}],"wp:term":[{"taxonomy":"category","embeddable":true,"href":"https:\/\/www.europesays.com\/es\/wp-json\/wp\/v2\/categories?post=213597"},{"taxonomy":"post_tag","embeddable":true,"href":"https:\/\/www.europesays.com\/es\/wp-json\/wp\/v2\/tags?post=213597"}],"curies":[{"name":"wp","href":"https:\/\/api.w.org\/{rel}","templated":true}]}}