{"id":213651,"date":"2025-11-02T02:04:15","date_gmt":"2025-11-02T02:04:15","guid":{"rendered":"https:\/\/www.europesays.com\/es\/213651\/"},"modified":"2025-11-02T02:04:15","modified_gmt":"2025-11-02T02:04:15","slug":"temporada-2025-26-laliga-hypermotion-jornada-12-c-d-leganes-1-2-burgos-c-f-c-d-leganes","status":"publish","type":"post","link":"https:\/\/www.europesays.com\/es\/213651\/","title":{"rendered":"Temporada 2025\/26 | LALIGA Hypermotion | Jornada 12 | C.D. Legan\u00e9s 1-2 Burgos C.F. &#8211; C.D. Legan\u00e9s"},"content":{"rendered":"<p><strong>El C.D. Legan\u00e9s no pudo sumar en su partido de la duod\u00e9cima jornada de LALIGA HYPERMOTION ante el Burgos C.F. (1-2). \u00c1lex Mill\u00e1n adelant\u00f3 al Legan\u00e9s, pero Fer Ni\u00f1o y Atienza remontaron para los castellano-leoneses.<\/strong><\/p>\n<p>\u00c1lex Mill\u00e1n adelantaba al Lega, pero Fer Ni\u00f1o y Atienza remontaban antes del descanso<\/p>\n<p>Sal\u00eda de inicio el Legan\u00e9s con tres cambios en su once titular con respecto a la \u00faltima jornada liguera, entrando en la alineaci\u00f3n Jorge S\u00e1enz, \u00d3scar Plano y \u00c1lex Mill\u00e1n por Marvel, sancionado por acumulaci\u00f3n de amonestaciones, Naim y Diego Garc\u00eda. No pod\u00eda comenzar mejor el partido para los intereses pepineros, puesto que, en el 6\u2019, \u00c1lex Mill\u00e1n aprovechaba un error defensivo del Burgos para poner por delante al Legan\u00e9s. Sin embargo, en la siguiente acci\u00f3n Fer Ni\u00f1o empataba para los visitantes con un gol anulado inicialmente, pero que el VAR validaba tras una larga revisi\u00f3n.<\/p>\n<p>La ten\u00eda Juan Cruz en el 20\u2019 para volver a adelantar al Legan\u00e9s, pero la defensa sacaba su remate despu\u00e9s de dos sombreros en el \u00e1rea. Lo intentaban los pepineros, que llevaban el peso del partido y llegaban con asiduidad al \u00e1rea del Burgos, aunque no lo lograban traducir en ocasiones claras. S\u00ed la ten\u00eda Duk de cabeza en el 43\u2019 tras un gran bal\u00f3n de Ignasi Miquel, pero Cantero blocaba su remate. Sin embargo, en el tiempo a\u00f1adido de la primera mitad, Atienza aprovechaba un c\u00f3rner para adelantar al Burgos y poner el 1-2 en el electr\u00f3nico con el que se llegaba al descanso.<\/p>\n<p>El Lega lo intent\u00f3 en la segunda parte sin premio<\/p>\n<p>Comenzaba la segunda parte con el primer cambio de Paco L\u00f3pez, que daba entrada a Miguel de la Fuente en lugar de Ignasi Miquel buscando la remontada. La ten\u00eda Duk en el 56\u2019 con un derechazo desde la frontal que se marchaba fuera por poco. En el 60\u2019, Melero reemplazaba a Ciss\u00e9 en el segundo cambio blanquiazul para refrescar el centro del campo.<\/p>\n<p>El Burgos anotaba un tercer tanto mediada la segunda mitad, en el 68\u2019 por mediaci\u00f3n de David Gonz\u00e1lez, pero el VAR anulaba el tanto por fuera de juego del futbolista visitante. Roberto L\u00f3pez y Pauwels entraban en el 72\u2019 en sustituci\u00f3n de Roberto L\u00f3pez y \u00d3scar Plano buscando m\u00e1s frescura en ataque, y ya en el tramo final Diego Garc\u00eda hac\u00eda lo propio en lugar de Duk. El Legan\u00e9s lo intent\u00f3 hasta el pitido final, pero el tanto del empate no lleg\u00f3 y los tres puntos se marchaban para tierras burgalesas.<\/p>\n<p>El Legan\u00e9s se queda con quince puntos en la clasificaci\u00f3n y su siguiente compromiso llegar\u00e1 el pr\u00f3ximo s\u00e1bado (14:00 horas) en Anoeta ante la Real Sociedad \u2018B\u2019.<\/p>\n","protected":false},"excerpt":{"rendered":"El C.D. Legan\u00e9s no pudo sumar en su partido de la duod\u00e9cima jornada de LALIGA HYPERMOTION ante el&hellip;\n","protected":false},"author":2,"featured_media":213652,"comment_status":"","ping_status":"","sticky":false,"template":"","format":"standard","meta":{"footnotes":""},"categories":[5],"tags":[17,18,25,24,13,14,11,57566,288,19,20,57564,9,10,15,16,57565,23,12,21,22],"class_list":{"0":"post-213651","1":"post","2":"type-post","3":"status-publish","4":"format-standard","5":"has-post-thumbnail","7":"category-titulares","8":"tag-breaking-news","9":"tag-breakingnews","10":"tag-es","11":"tag-espana","12":"tag-featured-news","13":"tag-featurednews","14":"tag-headlines","15":"tag-jornada-12","16":"tag-laliga","17":"tag-latest-news","18":"tag-latestnews","19":"tag-leganes-burgos","20":"tag-news","21":"tag-noticias","22":"tag-noticias-destacadas","23":"tag-noticiasdestacadas","24":"tag-ontime-butarque","25":"tag-spain","26":"tag-titulares","27":"tag-ultimas-noticias","28":"tag-ultimasnoticias"},"share_on_mastodon":{"url":"https:\/\/pubeurope.com\/@es\/115477653985334763","error":""},"_links":{"self":[{"href":"https:\/\/www.europesays.com\/es\/wp-json\/wp\/v2\/posts\/213651","targetHints":{"allow":["GET"]}}],"collection":[{"href":"https:\/\/www.europesays.com\/es\/wp-json\/wp\/v2\/posts"}],"about":[{"href":"https:\/\/www.europesays.com\/es\/wp-json\/wp\/v2\/types\/post"}],"author":[{"embeddable":true,"href":"https:\/\/www.europesays.com\/es\/wp-json\/wp\/v2\/users\/2"}],"replies":[{"embeddable":true,"href":"https:\/\/www.europesays.com\/es\/wp-json\/wp\/v2\/comments?post=213651"}],"version-history":[{"count":0,"href":"https:\/\/www.europesays.com\/es\/wp-json\/wp\/v2\/posts\/213651\/revisions"}],"wp:featuredmedia":[{"embeddable":true,"href":"https:\/\/www.europesays.com\/es\/wp-json\/wp\/v2\/media\/213652"}],"wp:attachment":[{"href":"https:\/\/www.europesays.com\/es\/wp-json\/wp\/v2\/media?parent=213651"}],"wp:term":[{"taxonomy":"category","embeddable":true,"href":"https:\/\/www.europesays.com\/es\/wp-json\/wp\/v2\/categories?post=213651"},{"taxonomy":"post_tag","embeddable":true,"href":"https:\/\/www.europesays.com\/es\/wp-json\/wp\/v2\/tags?post=213651"}],"curies":[{"name":"wp","href":"https:\/\/api.w.org\/{rel}","templated":true}]}}