{"id":213654,"date":"2025-11-02T02:10:09","date_gmt":"2025-11-02T02:10:09","guid":{"rendered":"https:\/\/www.europesays.com\/es\/213654\/"},"modified":"2025-11-02T02:10:09","modified_gmt":"2025-11-02T02:10:09","slug":"adolf-silva-comparte-su-primera-actualizacion-en-video-tras-el-grave-accidente-en-el-red-bull-rampage","status":"publish","type":"post","link":"https:\/\/www.europesays.com\/es\/213654\/","title":{"rendered":"Adolf Silva comparte su primera actualizaci\u00f3n en v\u00eddeo tras el grave accidente en el Red Bull Rampage"},"content":{"rendered":"<p>Casi dos semanas despu\u00e9s del brutal accidente que sufri\u00f3 durante la final del <strong>Red Bull Rampage<\/strong>, Adolf Silva ha reaparecido con su primer v\u00eddeo informativo. En \u00e9l explica con serenidad el alcance de las lesiones que le mantiene hospitalizado, pero tambi\u00e9n transmite su firme voluntad de superar esta dif\u00edcil etapa.<\/p>\n<p><img decoding=\"async\" loading=\"lazy\" width=\"1200\" height=\"800\" style=\"aspect-ratio: 1200\/800;\" alt=\"Adolf Silva. Imagen: YouTube\" src=\"https:\/\/www.europesays.com\/es\/wp-content\/uploads\/2025\/11\/adolf-silva-video-serie-recuperacion.jpg\"\/>Adolf Silva. Imagen: YouTubeEl rider catal\u00e1n detalla las lesiones sufridas y el inicio de una larga recuperaci\u00f3n<\/p>\n<p>Silva relata que la ca\u00edda le provoc\u00f3 fracturas en las v\u00e9rtebras T2 y T3, adem\u00e1s de una dislocaci\u00f3n que afect\u00f3 hasta la T6. A esas graves lesiones vertebrales se suman la fractura del estern\u00f3n y de seis costillas. Los m\u00e9dicos tuvieron que intervenirle en una cirug\u00eda de cinco horas para estabilizar la columna, aunque el ciclista confiesa que, por el momento, no tiene sensibilidad del pecho hacia abajo.<\/p>\n<p>A pesar de la gravedad de la situaci\u00f3n, el deportista catal\u00e1n mantiene su habitual actitud positiva y su inquebrantable sentido del humor. En su v\u00eddeo afirma que afronta el proceso con paciencia y esperanza, consciente de que la recuperaci\u00f3n ser\u00e1 larga, pero decidido a dar lo mejor de s\u00ed mismo.<\/p>\n<p>El rider ha anunciado que esta ser\u00e1 la primera entrega de una serie semanal en la que mostrar\u00e1 los avances de su rehabilitaci\u00f3n y compartir\u00e1 su d\u00eda a d\u00eda con todos los aficionados al <strong>Freeride<\/strong>. Con su car\u00e1cter carism\u00e1tico y su forma de ver la vida, promete convertir su proceso de recuperaci\u00f3n en una experiencia inspiradora.<\/p>\n<p>Silva, de 27 a\u00f1os, es uno de los bikers m\u00e1s carism\u00e1ticos del panorama internacional. Su estilo arriesgado y su esp\u00edritu rebelde le han valido tanto victorias como ca\u00eddas espectaculares, pero siempre ha sabido levantarse. Esta vez, el desaf\u00edo es a\u00fan mayor, aunque si algo ha demostrado a lo largo de su carrera es que rendirse nunca ha sido una opci\u00f3n.<\/p>\n","protected":false},"excerpt":{"rendered":"Casi dos semanas despu\u00e9s del brutal accidente que sufri\u00f3 durante la final del Red Bull Rampage, Adolf Silva&hellip;\n","protected":false},"author":2,"featured_media":213655,"comment_status":"","ping_status":"","sticky":false,"template":"","format":"standard","meta":{"footnotes":""},"categories":[273],"tags":[313,312,168,25,24,23,167],"class_list":{"0":"post-213654","1":"post","2":"type-post","3":"status-publish","4":"format-standard","5":"has-post-thumbnail","7":"category-ciclismo","8":"tag-ciclismo","9":"tag-cycling","10":"tag-deportes","11":"tag-es","12":"tag-espana","13":"tag-spain","14":"tag-sports"},"share_on_mastodon":{"url":"https:\/\/pubeurope.com\/@es\/115477677930012339","error":""},"_links":{"self":[{"href":"https:\/\/www.europesays.com\/es\/wp-json\/wp\/v2\/posts\/213654","targetHints":{"allow":["GET"]}}],"collection":[{"href":"https:\/\/www.europesays.com\/es\/wp-json\/wp\/v2\/posts"}],"about":[{"href":"https:\/\/www.europesays.com\/es\/wp-json\/wp\/v2\/types\/post"}],"author":[{"embeddable":true,"href":"https:\/\/www.europesays.com\/es\/wp-json\/wp\/v2\/users\/2"}],"replies":[{"embeddable":true,"href":"https:\/\/www.europesays.com\/es\/wp-json\/wp\/v2\/comments?post=213654"}],"version-history":[{"count":0,"href":"https:\/\/www.europesays.com\/es\/wp-json\/wp\/v2\/posts\/213654\/revisions"}],"wp:featuredmedia":[{"embeddable":true,"href":"https:\/\/www.europesays.com\/es\/wp-json\/wp\/v2\/media\/213655"}],"wp:attachment":[{"href":"https:\/\/www.europesays.com\/es\/wp-json\/wp\/v2\/media?parent=213654"}],"wp:term":[{"taxonomy":"category","embeddable":true,"href":"https:\/\/www.europesays.com\/es\/wp-json\/wp\/v2\/categories?post=213654"},{"taxonomy":"post_tag","embeddable":true,"href":"https:\/\/www.europesays.com\/es\/wp-json\/wp\/v2\/tags?post=213654"}],"curies":[{"name":"wp","href":"https:\/\/api.w.org\/{rel}","templated":true}]}}