{"id":213674,"date":"2025-11-02T02:25:11","date_gmt":"2025-11-02T02:25:11","guid":{"rendered":"https:\/\/www.europesays.com\/es\/213674\/"},"modified":"2025-11-02T02:25:11","modified_gmt":"2025-11-02T02:25:11","slug":"dos-aviones-chocan-en-la-pista-de-un-aeropuerto-de-nueva-york-por-la-falta-de-controladores-aereos-en-eeuu","status":"publish","type":"post","link":"https:\/\/www.europesays.com\/es\/213674\/","title":{"rendered":"Dos aviones chocan en la pista de un aeropuerto de Nueva York por la falta de controladores a\u00e9reos en EEUU"},"content":{"rendered":"<p>            Las claves<\/p>\n<p>\n                nuevo<br \/>\n                Generado con IA\n            <\/p>\n<p>        <a class=\"key__news__heading--closed-content\" href=\"http:\/\/www.elespanol.com\/suscripciones\/#utm_source=internal&amp;utm_medium=claves\" rel=\"nofollow noopener\" target=\"_blank\"><\/p>\n<p class=\"item--text\">\n                            Dos aviones de United Airlines chocaron en la pista del aeropuerto LaGuardia de Nueva York, sin causar heridos.\n                        <\/p>\n<p class=\"item--text\">\n                            El incidente destaca la escasez de controladores a\u00e9reos en EE.UU. debido al cierre del Gobierno Federal.\n                        <\/p>\n<p class=\"item--text\">\n                            El vuelo 434 de United Airlines, que se dirig\u00eda a Houston, fue cancelado tras el choque, obligando al desembarque de los pasajeros.\n                        <\/p>\n<p class=\"item--text\">\n                            La falta de controladores tambi\u00e9n provoc\u00f3 la suspensi\u00f3n de despegues en los aeropuertos LaGuardia y John F. Kennedy.\n                        <\/p>\n<p class=\"paragraph\" id=\"paragraph_1\">Dos aviones comerciales<strong> han chocado este viernes en la pista del aeropuerto LaGuardia de Nueva York.<\/strong> El incidente no ha dejado ning\u00fan herido, pero s\u00ed ha puesto de manifiesto <a href=\"https:\/\/www.elespanol.com\/usa\/20251007\/cierre-gobierno-dejo-sin-controladores-aereos-aeropuerto-california-retrasos-horas-media\/1003743958702_0.html?utm_cmp_rs=linksinline\" rel=\"nofollow noopener\" target=\"_blank\">la escasez de controladores a\u00e9reos<\/a> debido al cierre del Gobierno Federal de Estados Unidos.<\/p>\n<p class=\"paragraph\" id=\"paragraph_2\">El vuelo 580 de United Airlines aterriz\u00f3 procedente de Chicago y, <a href=\"https:\/\/www.elespanol.com\/mundo\/america\/eeuu\/20251007\/senado-eeuu-prolonga-cierre-gobierno-semana-amenaza-dejar-pais-sin-controladores-aereos\/1003743957731_0.html?utm_cmp_rs=linksinline\" rel=\"nofollow noopener\" target=\"_blank\">mientras se dirig\u00eda a su puerta de llegada<\/a>, choc\u00f3 contra la cola del vuelo 434 de la misma aerol\u00ednea,<strong> que se encontraba detenido en pista a la espera de despegar rumbo a Houston.<\/strong><\/p>\n<p class=\"paragraph\" id=\"paragraph_3\">Este \u00faltimo vuelo <strong>tuvo que ser cancelado<\/strong>, pues el suceso oblig\u00f3 al desembarque de todos los pasajeros que se encontraban en el interior. <\/p>\n<p><img loading=\"lazy\" decoding=\"async\" alt=\"El cierre del gobierno dej\u00f3 sin controladores a\u00e9reos a un aeropuerto de California\" height=\"180\" src=\"https:\/\/www.europesays.com\/es\/wp-content\/uploads\/2025\/11\/1003743958737_259225752_320x180.jpg\" width=\"320\" data-lazy-status=\"processed\" data-lazy-info=\"remove loading item 1\"\/><\/p>\n<p class=\"paragraph\" id=\"paragraph_4\">Ante la falta de controladores, LaGuardia, dedicado principalmente al tr\u00e1fico dom\u00e9stico, <strong>tuvo que suspender durante el resto del d\u00eda los despegues desde sus instalaciones<\/strong>. Lo mismo ocurri\u00f3 en el John F. Kennedy, uno de los dos aeropuertos internacionales de Nueva York.<\/p>\n<p class=\"paragraph\" id=\"paragraph_5\">El motivo no fue otro que precisamente la falta de controladores que se est\u00e1 sufriendo en el pa\u00eds norteamericano. Esto preocupa a los estadounidenses ya que este cargo <strong>se encuentra entre los 730.000 empleados federales que est\u00e1n cubriendo labores esenciales,<\/strong> pero que no cobrar\u00e1n sus sueldos hasta que se levante el cierre.<\/p>\n<p class=\"paragraph\" id=\"paragraph_6\">En el cierre de Gobierno de 2018-2019, el m\u00e1s largo en la historia de EE.UU., <strong>fueron las bajas de los controladores las que, al paralizar parte del tr\u00e1fico a\u00e9reo del pa\u00eds, forzaron a republicanos y dem\u00f3cratas a alcanzar un acuerdo en el legislativo.<\/strong><\/p>\n<p class=\"paragraph\" id=\"paragraph_7\">El bloqueo en el que se encuentra actualmente el Senado estadounidense pasa por las demandas de los dem\u00f3cratas que, para dar a los republicanos los votos que necesitan para aprobar un presupuesto que levante el cierre del Gobierno Federal, exigen que se prolonguen los subsidios del programa sanitario Obamacare que caducan a final de a\u00f1o.<\/p>\n","protected":false},"excerpt":{"rendered":"Las claves nuevo Generado con IA Dos aviones de United Airlines chocaron en la pista del aeropuerto LaGuardia&hellip;\n","protected":false},"author":2,"featured_media":213675,"comment_status":"","ping_status":"","sticky":false,"template":"","format":"standard","meta":{"footnotes":""},"categories":[42],"tags":[1161,4483,17,18,115,13,14,11,61,62,63,64,19,20,9,10,15,16,896,12,21,22,65,66,67],"class_list":{"0":"post-213674","1":"post","2":"type-post","3":"status-publish","4":"format-standard","5":"has-post-thumbnail","7":"category-internacional","8":"tag-aeropuertos","9":"tag-aviones","10":"tag-breaking-news","11":"tag-breakingnews","12":"tag-eeuu","13":"tag-featured-news","14":"tag-featurednews","15":"tag-headlines","16":"tag-internacional","17":"tag-international","18":"tag-international-news","19":"tag-internationalnews","20":"tag-latest-news","21":"tag-latestnews","22":"tag-news","23":"tag-noticias","24":"tag-noticias-destacadas","25":"tag-noticiasdestacadas","26":"tag-nueva-york","27":"tag-titulares","28":"tag-ultimas-noticias","29":"tag-ultimasnoticias","30":"tag-world","31":"tag-world-news","32":"tag-worldnews"},"share_on_mastodon":{"url":"https:\/\/pubeurope.com\/@es\/115477736635043956","error":""},"_links":{"self":[{"href":"https:\/\/www.europesays.com\/es\/wp-json\/wp\/v2\/posts\/213674","targetHints":{"allow":["GET"]}}],"collection":[{"href":"https:\/\/www.europesays.com\/es\/wp-json\/wp\/v2\/posts"}],"about":[{"href":"https:\/\/www.europesays.com\/es\/wp-json\/wp\/v2\/types\/post"}],"author":[{"embeddable":true,"href":"https:\/\/www.europesays.com\/es\/wp-json\/wp\/v2\/users\/2"}],"replies":[{"embeddable":true,"href":"https:\/\/www.europesays.com\/es\/wp-json\/wp\/v2\/comments?post=213674"}],"version-history":[{"count":0,"href":"https:\/\/www.europesays.com\/es\/wp-json\/wp\/v2\/posts\/213674\/revisions"}],"wp:featuredmedia":[{"embeddable":true,"href":"https:\/\/www.europesays.com\/es\/wp-json\/wp\/v2\/media\/213675"}],"wp:attachment":[{"href":"https:\/\/www.europesays.com\/es\/wp-json\/wp\/v2\/media?parent=213674"}],"wp:term":[{"taxonomy":"category","embeddable":true,"href":"https:\/\/www.europesays.com\/es\/wp-json\/wp\/v2\/categories?post=213674"},{"taxonomy":"post_tag","embeddable":true,"href":"https:\/\/www.europesays.com\/es\/wp-json\/wp\/v2\/tags?post=213674"}],"curies":[{"name":"wp","href":"https:\/\/api.w.org\/{rel}","templated":true}]}}