{"id":213691,"date":"2025-11-02T02:42:19","date_gmt":"2025-11-02T02:42:19","guid":{"rendered":"https:\/\/www.europesays.com\/es\/213691\/"},"modified":"2025-11-02T02:42:19","modified_gmt":"2025-11-02T02:42:19","slug":"diez-nuevas-peliculas-para-ver-en-plataformas-en-noviembre","status":"publish","type":"post","link":"https:\/\/www.europesays.com\/es\/213691\/","title":{"rendered":"Diez nuevas pel\u00edculas para ver en plataformas en noviembre"},"content":{"rendered":"<p>Madrid (EFE).- Apenas dos semanas despu\u00e9s de su estreno en cines, la monumental \u2018Frankestein\u2019, de Guillermo del Toro, es una de las llegadas destacadas a las plataformas de televisi\u00f3n en el mes de noviembre, junto a otras menos recientes pero tambi\u00e9n atractivas como \u2018Diamante en bruto\u2019 y \u2018Leer Lolita en Teher\u00e1n\u2019.<\/p>\n<p>\u2018Mi querida ladrona\u2019 (Movistar Plus+, 3 de noviembre)<\/p>\n<p>Este drama con tintes de comedia y cine social tan presente en la obra del franc\u00e9s Robert Gu\u00e9diguian transcurre en el peculiar barrio de L\u2019Estaque, un pueblo pesquero franc\u00e9s al oeste de Marsella, ciudad natal del director. Ariane Ascaride interpreta a una cuidadora de ancianos que se dedica a cometer peque\u00f1os robos para poder costear las lecciones de piano de su nieto.<\/p>\n<p>\u2018Frankenstein\u2019 (Netflix, 7 de noviembre)<\/p>\n<p>Escenarios monumentales que parecen imaginados para la gran pantalla pero que llegan r\u00e1pido a televisi\u00f3n. Esta pel\u00edcula es el sue\u00f1o cumplido del mexicano Guillermo del Toro (\u2018El laberinto del fauno\u2019), obsesionado desde ni\u00f1o con el libro de Mary Shelley. En esta adaptaci\u00f3n, Jacob Elordi da vida al monstruo m\u00e1s humano mientras que al doctor V\u00edctor Frankenstein lo interpreta Oscar Isaac.<\/p>\n<p><img data-recalc-dims=\"1\" fetchpriority=\"high\" decoding=\"async\" width=\"900\" height=\"675\" src=\"https:\/\/www.europesays.com\/es\/wp-content\/uploads\/2025\/11\/peliculas-noviembre.webp\" alt=\"Apenas dos semanas despu\u00e9s de su estreno en cines, la monumental 'Frankestein', de Guillermo del Toro, es una de las llegadas destacadas a las plataformas. \" class=\"wp-image-2253189\"  \/>Apenas dos semanas despu\u00e9s de su estreno en cines, la monumental \u2018Frankestein\u2019, de Guillermo del Toro, es una de las llegadas destacadas a las plataformas. EFE\/  Filmin<\/p>\n<p>Ambos mantienen una relaci\u00f3n traum\u00e1tica y tumultuosa de padre-hijo que se persiguen y odian en impresionantes y violentos paisajes, un espect\u00e1culo visual cuidado hasta el m\u00e1s m\u00ednimo detalle que se adapta al particular y barroco estilo de Del Toro.<\/p>\n<p>\u2018Bel\u00e9n\u2019 (Amazon Prime, 14 de noviembre)<\/p>\n<p>Esta pel\u00edcula argentina, seleccionada para representar a Argentina en los premios \u00d3scar y los Goya, le vali\u00f3 la Concha de Plata a mejor actriz de reparto a Camila Plaate. De la directora y actriz Dolores Fonzi, narra la historia real de una joven condenada a ocho a\u00f1os de prisi\u00f3n por sufrir un aborto espont\u00e1neo.<\/p>\n<p>\u2018Leer Lolita en Teher\u00e1n\u2019 (Movistar Plus+, 16 de noviembre)<\/p>\n<p>El director israel\u00ed Eran Riklis rinde homenaje a la \u00abresistencia silenciosa\u00bb de la cultura y la creatividad frente a la opresi\u00f3n en esta pel\u00edcula basada en la novela autobiogr\u00e1fica de la escritora iran\u00ed Azar Nafisi, publicada en 2003.<\/p>\n<p>Ambientada en el Ir\u00e1n de los a\u00f1os 80, en plena consolidaci\u00f3n del r\u00e9gimen isl\u00e1mico tras la revoluci\u00f3n, la historia sigue a una profesora que, desafiando la censura y el control social, re\u00fane clandestinamente a siete de sus alumnas para leer y debatir cl\u00e1sicos occidentales.<\/p>\n<p>\u2018The Storm\u2019 (Movistar Plus+ 18 noviembre)<\/p>\n<p>Dirigida por el chino Yang Zhigang, esta pel\u00edcula de animaci\u00f3n, nominada al mejor largometraje en Sitges y Annecy en 2024, es un colorido homenaje a la pintura tradicional con tinta china que sigue las aventuras dentro de un barco hundido centenario que vuelve a emerger sin explicaci\u00f3n aparente. A bordo se encuentra una troupe teatral que ha vuelto a la vida. Un joven pasar\u00e1 a formar parte de sus filas durante la tormenta que da t\u00edtulo a esta f\u00e1bula con elementos del folclore aut\u00f3ctono.<\/p>\n<p>\u2018La mano que mece la cuna\u2019 (Disney+, 19 de noviembre)<\/p>\n<p>Revisi\u00f3n del cl\u00e1sico cinematogr\u00e1fico, en este thriller psicol\u00f3gico de la directora Michelle Garza Cervera, Mary Elizabeth Winstead interpreta a Caitlin Morales, una madre de clase alta que vive en las afueras y contrata a una nueva ni\u00f1era, Polly Murphy (Maika Monroe), solo para descubrir que no es quien dice ser.<\/p>\n<p>\u2018Las locuras\u2019 (Netflix, 20 de noviembre)<\/p>\n<p>Dirigida por Rodrigo Garc\u00eda, este drama sigue a seis personajes a lo largo de un solo d\u00eda en la Ciudad de M\u00e9xico, todos interconectados por lazos familiares, el trabajo y el azar, a trav\u00e9s de su relaci\u00f3n con Renata, una mujer bajo arresto domiciliario mientras atraviesa un episodio psic\u00f3tico.<\/p>\n<p>\u2018Condenados\u2019 (Filmin, 21 de noviembre)<\/p>\n<p>En este \u2018thriller\u2019 de suspense dirigido por el dan\u00e9s Gustav M\u00f6ller (\u2018The Guilty\u2019), Eva, una funcionaria de prisiones bastante idealista, se enfrenta al dilema de su vida cuando un joven que conoci\u00f3 ingresa en la c\u00e1rcel en la que trabaja.<\/p>\n<p>\u2018Diamante en bruto\u2019 (Filmin, 21 de noviembre)<\/p>\n<p>\u00d3pera prima escrita y dirigida por la francesa Agathe Riedinger y protagonizada por la debutante Malou Khebizi. Liane, de 19 an\u0303os, vive en el sur de Francia. Obsesionada por la belleza y la necesidad de ser \u2018alguien\u2019, ve en los programas de telerrealidad la oportunidad de ser amada. El destino le sonri\u0301e cuando se presenta para participar en \u2018La isla de los milagros\u2019.<\/p>\n<p>\u2018Las delicias del jard\u00edn\u2019 (Amazon Prime, 27 de noviembre)<\/p>\n<p>Fernando Colomo dirige, escribe y protagoniza junto a su hijo esta comedia para re\u00edrse del arte y desnudar las relaciones paternofiliales con cameos de grandes pintores como Antonio L\u00f3pez o Javier de Juan y un reparto encabezado por Carmen Machi, Antonio Resines y Brays Efe. <\/p>\n","protected":false},"excerpt":{"rendered":"Madrid (EFE).- Apenas dos semanas despu\u00e9s de su estreno en cines, la monumental \u2018Frankestein\u2019, de Guillermo del Toro,&hellip;\n","protected":false},"author":2,"featured_media":213692,"comment_status":"","ping_status":"","sticky":false,"template":"","format":"standard","meta":{"footnotes":""},"categories":[169],"tags":[177,146,147,25,24,176,175,16428,805,23],"class_list":{"0":"post-213691","1":"post","2":"type-post","3":"status-publish","4":"format-standard","5":"has-post-thumbnail","7":"category-cine","8":"tag-cine","9":"tag-entertainment","10":"tag-entretenimiento","11":"tag-es","12":"tag-espana","13":"tag-film","14":"tag-movies","15":"tag-plataformas-digitales","16":"tag-series","17":"tag-spain"},"share_on_mastodon":{"url":"https:\/\/pubeurope.com\/@es\/115477802749749631","error":""},"_links":{"self":[{"href":"https:\/\/www.europesays.com\/es\/wp-json\/wp\/v2\/posts\/213691","targetHints":{"allow":["GET"]}}],"collection":[{"href":"https:\/\/www.europesays.com\/es\/wp-json\/wp\/v2\/posts"}],"about":[{"href":"https:\/\/www.europesays.com\/es\/wp-json\/wp\/v2\/types\/post"}],"author":[{"embeddable":true,"href":"https:\/\/www.europesays.com\/es\/wp-json\/wp\/v2\/users\/2"}],"replies":[{"embeddable":true,"href":"https:\/\/www.europesays.com\/es\/wp-json\/wp\/v2\/comments?post=213691"}],"version-history":[{"count":0,"href":"https:\/\/www.europesays.com\/es\/wp-json\/wp\/v2\/posts\/213691\/revisions"}],"wp:featuredmedia":[{"embeddable":true,"href":"https:\/\/www.europesays.com\/es\/wp-json\/wp\/v2\/media\/213692"}],"wp:attachment":[{"href":"https:\/\/www.europesays.com\/es\/wp-json\/wp\/v2\/media?parent=213691"}],"wp:term":[{"taxonomy":"category","embeddable":true,"href":"https:\/\/www.europesays.com\/es\/wp-json\/wp\/v2\/categories?post=213691"},{"taxonomy":"post_tag","embeddable":true,"href":"https:\/\/www.europesays.com\/es\/wp-json\/wp\/v2\/tags?post=213691"}],"curies":[{"name":"wp","href":"https:\/\/api.w.org\/{rel}","templated":true}]}}