{"id":213695,"date":"2025-11-02T02:44:10","date_gmt":"2025-11-02T02:44:10","guid":{"rendered":"https:\/\/www.europesays.com\/es\/213695\/"},"modified":"2025-11-02T02:44:10","modified_gmt":"2025-11-02T02:44:10","slug":"asi-actuan-las-terapias-biologicas-que-eliminan-casi-por-completo-la-psoriasis","status":"publish","type":"post","link":"https:\/\/www.europesays.com\/es\/213695\/","title":{"rendered":"As\u00ed act\u00faan las terapias biol\u00f3gicas que eliminan casi por completo la psoriasis"},"content":{"rendered":"<p data-start=\"284\" data-end=\"497\">La <strong data-start=\"287\" data-end=\"300\">psoriasis<\/strong> es mucho m\u00e1s que una afecci\u00f3n cut\u00e1nea. Aunque sus s\u00edntomas se manifiestan en la piel \u2014<strong data-start=\"387\" data-end=\"426\">placas rojizas, picor o descamaci\u00f3n<\/strong>\u2014, su impacto emocional, social y f\u00edsico puede ser profundo y duradero.<\/p>\n<p><a target=\"_blank\" href=\"https:\/\/www.eldiarioalerta.com\/ads\/20250825121919569511\" rel=\"nofollow noopener\"> <img decoding=\"async\" src=\"https:\/\/www.europesays.com\/es\/wp-content\/uploads\/2025\/09\/2025082512184821607.gif\" alt=\"Publicidad 569511\" width=\"300\" height=\"300\" loading=\"lazy\"  \/> <\/a><\/p>\n<p><strong data-start=\"503\" data-end=\"540\">Una enfermedad gen\u00e9tica y cr\u00f3nica<\/strong><\/p>\n<p data-start=\"542\" data-end=\"997\">Seg\u00fan la <strong data-start=\"551\" data-end=\"575\">Dra. Montse Salleras<\/strong>, jefa del Servicio de Dermatolog\u00eda del <strong data-start=\"615\" data-end=\"651\">Hospital Universitari Sagrat Cor<\/strong> (grupo Quir\u00f3nsalud), la <strong data-start=\"676\" data-end=\"738\">psoriasis es una enfermedad de base gen\u00e9tica y hereditaria<\/strong> que puede aparecer en cualquier etapa de la vida.<br data-start=\"788\" data-end=\"791\"\/><br \/>\nSe trata de una <strong data-start=\"807\" data-end=\"841\">patolog\u00eda inflamatoria cr\u00f3nica<\/strong> en la que el <strong data-start=\"855\" data-end=\"878\">sistema inmunitario<\/strong> acelera la renovaci\u00f3n celular de la piel, provocando una acumulaci\u00f3n de c\u00e9lulas que genera las t\u00edpicas placas rojas, seg\u00fan publica OkDiario.<\/p>\n<p data-start=\"999\" data-end=\"1263\">La especialista detalla que la enfermedad \u201cpuede afectar al <strong data-start=\"1059\" data-end=\"1078\">cuero cabelludo<\/strong>, las <strong data-start=\"1084\" data-end=\"1092\">u\u00f1as<\/strong> o incluso las <strong data-start=\"1107\" data-end=\"1125\">articulaciones<\/strong>\u201d, y que sus causas no siempre son claras, aunque pueden intervenir factores como <strong data-start=\"1207\" data-end=\"1222\">infecciones<\/strong>, <strong data-start=\"1224\" data-end=\"1234\">estr\u00e9s<\/strong> o <strong data-start=\"1237\" data-end=\"1262\">traumatismos cut\u00e1neos<\/strong>.<\/p>\n<p><strong data-start=\"1274\" data-end=\"1331\">Tipos de psoriasis: una enfermedad con muchos rostros<\/strong><\/p>\n<p data-start=\"1333\" data-end=\"1404\">No existe una sola forma de psoriasis. Entre sus variantes, destacan:<\/p>\n<ul data-start=\"1405\" data-end=\"1867\">\n<li data-start=\"1405\" data-end=\"1493\">\n<p data-start=\"1407\" data-end=\"1493\"><strong data-start=\"1407\" data-end=\"1427\">Psoriasis vulgar<\/strong>: la m\u00e1s com\u00fan, con placas gruesas en codos, rodillas o espalda.<\/p>\n<\/li>\n<li data-start=\"1494\" data-end=\"1556\">\n<p data-start=\"1496\" data-end=\"1556\"><strong data-start=\"1496\" data-end=\"1519\">Psoriasis invertida<\/strong>: afecta a los pliegues del cuerpo.<\/p>\n<\/li>\n<li data-start=\"1557\" data-end=\"1622\">\n<p data-start=\"1559\" data-end=\"1622\"><strong data-start=\"1559\" data-end=\"1581\">Psoriasis en gotas<\/strong>: presenta peque\u00f1as lesiones dispersas.<\/p>\n<\/li>\n<li data-start=\"1623\" data-end=\"1754\">\n<p data-start=\"1625\" data-end=\"1754\"><strong data-start=\"1625\" data-end=\"1648\">Psoriasis pustulosa<\/strong> y <strong data-start=\"1651\" data-end=\"1672\">psoriasis ungueal<\/strong>: formas severas que pueden generar <strong data-start=\"1708\" data-end=\"1720\">p\u00fastulas<\/strong> o <strong data-start=\"1723\" data-end=\"1751\">deformidades en las u\u00f1as<\/strong>.<\/p>\n<\/li>\n<li data-start=\"1755\" data-end=\"1867\">\n<p data-start=\"1757\" data-end=\"1867\"><strong data-start=\"1757\" data-end=\"1795\">Psoriasis artrop\u00e1tica o psori\u00e1sica<\/strong>: afecta a las articulaciones y puede ser <strong data-start=\"1837\" data-end=\"1864\">altamente incapacitante<\/strong>.<\/p>\n<\/li>\n<\/ul>\n<p><strong data-start=\"1878\" data-end=\"1924\">Factores que influyen: del estr\u00e9s al clima<\/strong><\/p>\n<p data-start=\"1926\" data-end=\"2143\">El curso de la enfermedad depende de m\u00faltiples factores.<br data-start=\"1982\" data-end=\"1985\"\/><br \/>\n\u201cLa <strong data-start=\"1989\" data-end=\"2017\">propensi\u00f3n a infecciones<\/strong>, el <strong data-start=\"2022\" data-end=\"2040\">estr\u00e9s cr\u00f3nico<\/strong> o la <strong data-start=\"2046\" data-end=\"2078\">fricci\u00f3n continua de la piel<\/strong> pueden inducir brotes de psoriasis\u201d, explica la Dra. Salleras.<\/p>\n<p data-start=\"2145\" data-end=\"2354\">Por el contrario, ciertos h\u00e1bitos pueden aliviar los s\u00edntomas: la <strong data-start=\"2211\" data-end=\"2241\">exposici\u00f3n moderada al sol<\/strong>, una <strong data-start=\"2247\" data-end=\"2276\">vida activa al aire libre<\/strong> y el <strong data-start=\"2282\" data-end=\"2308\">control m\u00e9dico regular<\/strong> ayudan a mantener la enfermedad bajo control.<\/p>\n<p><strong data-start=\"2365\" data-end=\"2423\">Una revoluci\u00f3n silenciosa: los tratamientos biol\u00f3gicos<\/strong><\/p>\n<p data-start=\"2425\" data-end=\"2800\">En los \u00faltimos a\u00f1os, los <strong data-start=\"2450\" data-end=\"2477\">tratamientos biol\u00f3gicos<\/strong> han transformado la vida de los pacientes. \u201cHan supuesto una aut\u00e9ntica revoluci\u00f3n\u201d, afirma la dermat\u00f3loga.<br data-start=\"2584\" data-end=\"2587\"\/><br \/>\nCon <strong data-start=\"2591\" data-end=\"2624\">una sola inyecci\u00f3n subcut\u00e1nea<\/strong> \u2014que puede aplicarse cada dos semanas, un mes o incluso tres meses seg\u00fan el f\u00e1rmaco\u2014 se logra la <strong data-start=\"2722\" data-end=\"2768\">desaparici\u00f3n casi completa de las lesiones<\/strong> en la mayor\u00eda de los pacientes.<\/p>\n<p data-start=\"2802\" data-end=\"3063\">Estos medicamentos act\u00faan directamente sobre los <strong data-start=\"2851\" data-end=\"2879\">mecanismos inmunol\u00f3gicos<\/strong> que originan la psoriasis, con <strong data-start=\"2911\" data-end=\"2940\">alta eficacia y seguridad<\/strong>. Hoy, el objetivo terap\u00e9utico es alcanzar la <strong data-start=\"2986\" data-end=\"3003\">\u201cpiel limpia\u201d<\/strong>, es decir, una remisi\u00f3n total o casi total de las lesiones.<\/p>\n<p><strong data-start=\"3074\" data-end=\"3128\">M\u00e1s que un problema est\u00e9tico: el impacto emocional<\/strong><\/p>\n<p data-start=\"3130\" data-end=\"3473\">La psoriasis no solo afecta la piel: tambi\u00e9n <strong data-start=\"3175\" data-end=\"3231\">impacta en la autoestima y las relaciones personales<\/strong>.<br data-start=\"3232\" data-end=\"3235\"\/><br \/>\n\u201cAl ser una enfermedad visible, condiciona la vida social, laboral e incluso \u00edntima\u201d, destaca la especialista. El <strong data-start=\"3349\" data-end=\"3382\">miedo al rechazo o al estigma<\/strong> puede llevar a muchos pacientes a <strong data-start=\"3417\" data-end=\"3436\">ocultar su piel<\/strong> o evitar determinadas actividades.<\/p>\n<p data-start=\"3475\" data-end=\"3624\">Por eso, los expertos insisten en un <strong data-start=\"3512\" data-end=\"3533\">abordaje integral<\/strong>, que combine <strong data-start=\"3547\" data-end=\"3569\">tratamiento m\u00e9dico<\/strong>, <strong data-start=\"3571\" data-end=\"3592\">apoyo psicol\u00f3gico<\/strong> y un <strong data-start=\"3598\" data-end=\"3623\">seguimiento constante<\/strong>.<\/p>\n<p><strong data-start=\"3635\" data-end=\"3661\">Un futuro esperanzador<\/strong><\/p>\n<p data-start=\"3663\" data-end=\"3935\">La <strong data-start=\"3666\" data-end=\"3682\">dermatolog\u00eda<\/strong> vive una etapa de avances sin precedentes. \u201cDisponemos de un arsenal terap\u00e9utico excelente\u201d, subraya la Dra. Salleras.<br data-start=\"3801\" data-end=\"3804\"\/><br \/>\nLos investigadores trabajan ahora en mejorar la eficacia en <strong data-start=\"3864\" data-end=\"3885\">zonas resistentes<\/strong>, como las palmas, plantas o el cuero cabelludo.<\/p>\n<p data-start=\"3937\" data-end=\"4137\">Gracias a la <strong data-start=\"3950\" data-end=\"3974\">investigaci\u00f3n m\u00e9dica<\/strong>, el pron\u00f3stico de la psoriasis ha cambiado: <strong data-start=\"4019\" data-end=\"4084\">hoy la mayor\u00eda de los pacientes pueden llevar una vida normal<\/strong>, sin las limitaciones que antes impon\u00edan los brotes.<\/p>\n","protected":false},"excerpt":{"rendered":"La psoriasis es mucho m\u00e1s que una afecci\u00f3n cut\u00e1nea. Aunque sus s\u00edntomas se manifiestan en la piel \u2014placas&hellip;\n","protected":false},"author":2,"featured_media":213696,"comment_status":"","ping_status":"","sticky":false,"template":"","format":"standard","meta":{"footnotes":""},"categories":[92],"tags":[57572,25,24,165,10003,2386,166,23],"class_list":{"0":"post-213695","1":"post","2":"type-post","3":"status-publish","4":"format-standard","5":"has-post-thumbnail","7":"category-salud","8":"tag-enfermedad-inflamatoria","9":"tag-es","10":"tag-espana","11":"tag-health","12":"tag-piel","13":"tag-psoriasis","14":"tag-salud","15":"tag-spain"},"share_on_mastodon":{"url":"https:\/\/pubeurope.com\/@es\/115477811590181690","error":""},"_links":{"self":[{"href":"https:\/\/www.europesays.com\/es\/wp-json\/wp\/v2\/posts\/213695","targetHints":{"allow":["GET"]}}],"collection":[{"href":"https:\/\/www.europesays.com\/es\/wp-json\/wp\/v2\/posts"}],"about":[{"href":"https:\/\/www.europesays.com\/es\/wp-json\/wp\/v2\/types\/post"}],"author":[{"embeddable":true,"href":"https:\/\/www.europesays.com\/es\/wp-json\/wp\/v2\/users\/2"}],"replies":[{"embeddable":true,"href":"https:\/\/www.europesays.com\/es\/wp-json\/wp\/v2\/comments?post=213695"}],"version-history":[{"count":0,"href":"https:\/\/www.europesays.com\/es\/wp-json\/wp\/v2\/posts\/213695\/revisions"}],"wp:featuredmedia":[{"embeddable":true,"href":"https:\/\/www.europesays.com\/es\/wp-json\/wp\/v2\/media\/213696"}],"wp:attachment":[{"href":"https:\/\/www.europesays.com\/es\/wp-json\/wp\/v2\/media?parent=213695"}],"wp:term":[{"taxonomy":"category","embeddable":true,"href":"https:\/\/www.europesays.com\/es\/wp-json\/wp\/v2\/categories?post=213695"},{"taxonomy":"post_tag","embeddable":true,"href":"https:\/\/www.europesays.com\/es\/wp-json\/wp\/v2\/tags?post=213695"}],"curies":[{"name":"wp","href":"https:\/\/api.w.org\/{rel}","templated":true}]}}