{"id":213700,"date":"2025-11-02T02:48:12","date_gmt":"2025-11-02T02:48:12","guid":{"rendered":"https:\/\/www.europesays.com\/es\/213700\/"},"modified":"2025-11-02T02:48:12","modified_gmt":"2025-11-02T02:48:12","slug":"heracleopolis-magna-esta-muy-presente-en-el-gran-museo-egipcio-lo-que-muestra-la-importancia-del-yacimiento","status":"publish","type":"post","link":"https:\/\/www.europesays.com\/es\/213700\/","title":{"rendered":"\u00abHeracle\u00f3polis Magna est\u00e1 muy presente en el Gran Museo Egipcio, lo que muestra la importancia del yacimiento\u00bb"},"content":{"rendered":"<p style=\"\">Mi primer viaje a Egipto lo hice gracias a una beca para una estancia en el Museo de Tahrir de El Cairo, con el fin de preparar y elegir las piezas para la gran exposici\u00f3n de Arte Fara\u00f3nico que iba a tener lugar en Espa\u00f1a.  &#8230; Al entrar en sus salas me sobrecog\u00ed y me llev\u00e9 una impresi\u00f3n que no he podido olvidar en toda mi vida. Delante de m\u00ed estaban los faraones, sus momias, su cultura, su arte, su religi\u00f3n y todo lo que yo hab\u00eda estudiado. Pas\u00e9 all\u00ed varios meses y cada d\u00eda, a pesar de su abigarrada exposici\u00f3n, descubr\u00eda una pieza distinta que me aportaba nuevos conocimientos. Entend\u00ed, entonces, el lenguaje de los antiguos habitantes del Nilo y lo que pod\u00edan trasmitir a la posteridad. Desde ese momento, pude establecer <strong>un di\u00e1logo con ellos que he mantenido siempre.<\/strong><\/p>\n<p class=\"voc-p\" style=\"\">Mi vocaci\u00f3n para trabajar en los museos se hizo realidad al acceder por oposici\u00f3n al <a href=\"https:\/\/www.man.es\/man\/home.html\" target=\"_blank\" data-voc-vtm-id=\"in-text-traffic\" title=\"Museo Arqueol\u00f3gico Nacional\" data-mrf-link=\"www.man.es\" rel=\"nofollow noopener\">Museo Arqueol\u00f3gico Nacional<\/a>, al Departamento de Egipto y Pr\u00f3ximo Oriente, donde he ejercido mi profesi\u00f3n durante 45 a\u00f1os, investigando en su colecci\u00f3n, publicando piezas, haciendo exposiciones y dando conferencias. Pero el museo me reservaba otra gran sorpresa. <strong>La primera excavaci\u00f3n espa\u00f1ola en Egipto despu\u00e9s de la campa\u00f1a de Nubia<\/strong>, en <a href=\"https:\/\/www.abc.es\/cultura\/egiptologos-espanoles-descubren-gran-templo-heracleopolis-magna-20221029171604-nt.html\" target=\"_self\" data-voc-vtm-id=\"in-text-traffic\" title=\"Heracle\u00f3polis Magna\" data-mrf-link=\"www.abc.es\" rel=\"nofollow noopener\">Heracle\u00f3polis Magna<\/a> (actual Ehnasya el-Medina), era un proyecto iniciado en 1966 y adscrito al Museo Arqueol\u00f3gico Nacional, cuya concesi\u00f3n fue otorgada al profesor Mart\u00edn Almagro. Tras unos primeros a\u00f1os, la guerra en la regi\u00f3n hizo que se paralizaran los trabajos, aunque en 1980 se hizo un reparto de excavaciones y una parte de los hallazgos ingresaron en el MAN. <\/p>\n<p class=\"voc-p\" style=\"\">En 1984, Almagro recibi\u00f3 una llamada del Servicio de Antig\u00fcedades egipcio en la que le preguntaban si quer\u00eda continuar en Heracle\u00f3polis, porque pod\u00edamos perder la concesi\u00f3n. Don Mart\u00edn me dijo: \u00ab\u00bfQuieres continuar t\u00fa como directora del proyecto Heracle\u00f3polis Magna?\u00bb. Me dio un vuelco el coraz\u00f3n y le contest\u00e9: \u00abMa\u00f1ana mismo cojo un avi\u00f3n y me voy a El Cairo para preparar la documentaci\u00f3n y continuar las excavaciones\u00bb. <\/p>\n<p class=\"voc-p\" style=\"\">Desde entonces y <strong>durante 40 a\u00f1os he trabajado en el yacimiento<\/strong>, rodeada de un equipo multidisciplinar, investigando y aportando novedades a la historia de Egipto. Las piezas encontradas han sido numeros\u00edsimas y muy importantes, algunas \u00fanicas. <strong>El proyecto debe continuar con patrocinios privados y p\u00fablicos<\/strong>, que hoy no tiene.<\/p>\n<p><img decoding=\"async\" loading=\"lazy\" src=\"https:\/\/www.europesays.com\/es\/wp-content\/uploads\/2025\/11\/20250118_112932(0)-U46106063724MUQ-758x470@diario_abc.jpg\" class=\"voc-d-c-combo-3__img\" width=\"758\" height=\"470\" alt=\"Imagen principal - Carmen P\u00e9rez Die, ante los vasos canopos de Heracle\u00f3polis Magna que descubri\u00f3 el equipo espa\u00f1ol, en el exterior del GEM y ante la Triada de Rams\u00e9s que fue encontrada en el templo de Heryshef, donde han realizado las \u00faltimas excavaciones\"\/><\/p>\n<p><img decoding=\"async\" loading=\"lazy\" src=\"https:\/\/www.europesays.com\/es\/wp-content\/uploads\/2025\/11\/20250118_101359-U38033184135heA-464x329@diario_abc.jpg\" class=\"voc-d-c-combo-3__img\" width=\"464\" height=\"329\" alt=\"Imagen secundaria 1 - Carmen P\u00e9rez Die, ante los vasos canopos de Heracle\u00f3polis Magna que descubri\u00f3 el equipo espa\u00f1ol, en el exterior del GEM y ante la Triada de Rams\u00e9s que fue encontrada en el templo de Heryshef, donde han realizado las \u00faltimas excavaciones\"\/><\/p>\n<p><img decoding=\"async\" loading=\"lazy\" src=\"https:\/\/www.europesays.com\/es\/wp-content\/uploads\/2025\/11\/20250118_103552_20251030134145-U14730030334YCa-278x329@diario_abc.jpg\" class=\"voc-d-c-combo-3__img\" width=\"278\" height=\"329\" alt=\"Imagen secundaria 2 - Carmen P\u00e9rez Die, ante los vasos canopos de Heracle\u00f3polis Magna que descubri\u00f3 el equipo espa\u00f1ol, en el exterior del GEM y ante la Triada de Rams\u00e9s que fue encontrada en el templo de Heryshef, donde han realizado las \u00faltimas excavaciones\"\/><\/p>\n<p>Carmen P\u00e9rez Die, ante los vasos canopos de Heracle\u00f3polis Magna que descubri\u00f3 el equipo espa\u00f1ol, en el exterior del GEM y ante la Triada de Rams\u00e9s que fue encontrada en el templo de Heryshef, donde han realizado las \u00faltimas excavaciones<br \/>\nCedidas<\/p>\n<p class=\"voc-p\" style=\"\">En torno a 2004, las autoridades egipcias comenzaron a construir<a href=\"https:\/\/www.abc.es\/cultura\/cuenta-atras-esperada-inauguracion-gran-museo-egipcio-20251031155515-ga.html\" target=\"_self\" data-voc-vtm-id=\"in-text-traffic\" title=\" un nuevo museo, el GEM\" data-mrf-link=\"www.abc.es\" rel=\"nofollow noopener\"> un nuevo museo, el GEM<\/a>, cerca de las pir\u00e1mides de Giza. Como miembro del <a href=\"https:\/\/cipeg.icom.museum\/\" target=\"_blank\" data-voc-vtm-id=\"in-text-traffic\" title=\"Comit\u00e9 Internacional de egiptolog\u00eda de Museos\" data-mrf-link=\"cipeg.icom.museum\" rel=\"nofollow noopener\">Comit\u00e9 Internacional de egiptolog\u00eda de Museos<\/a>, (CiPEG), fui invitada a conocer las l\u00edneas generales de la museolog\u00eda, aunque despu\u00e9s no he participado en la realizaci\u00f3n del proyecto. Supimos de la inclusi\u00f3n de la gran escalinata bordeada de esculturas que terminar\u00eda en su parte superior con la visi\u00f3n de las Pir\u00e1mides, y nos informaron sobre el proyecto museol\u00f3gico y sobre la presentaci\u00f3n de muchas piezas, unas tra\u00eddas de otros museos y otras rescatadas de distintos almacenes egipcios que nunca hab\u00edan sido expuestas. El colof\u00f3n ser\u00eda <strong>la colecci\u00f3n de todos los objetos hallados en la tumba de Tutankam\u00f3n<\/strong> y la <strong>barca de Keops<\/strong>.<\/p>\n<p>\n\u00abUna emoci\u00f3n indescriptible\u00bb\n<\/p>\n<p class=\"voc-p\" style=\"\">En enero de este a\u00f1o he tenido la oportunidad de visitar el GEM, donde existen todos los departamentos y servicios que un museo debe tener. El edificio en s\u00ed es impresionante y la arquitectura sobrecoge y abruma. Solo pude ver el exterior, el hall, la gran escalinata y las piezas expuestas. Entre ellas, la triada de Rams\u00e9s hallada en el Templo de Heryshef de Heracle\u00f3polis, donde excavamos actualmente, los colosos de Kom el Akareb y <strong>los vasos canopos encontrados por nosotros en 2003 en la necr\u00f3polis<\/strong>.<\/p>\n<p class=\"voc-p\" style=\"\"> Recuerdo que los hallamos colocados sobre el suelo, inclinados unos sobre otros, cubiertos con un potente muro de adobe y rodeados por figurillas funerarias; las inscripciones de ambos conjuntos mencionan el nombre del propietario, Ankhsmatauy, y sus t\u00edtulos, sacerdote del dios Heryshef, que vivi\u00f3 en torno al siglo VIII a.C. Fue una emoci\u00f3n indescriptible. <strong>Heracle\u00f3polis Magna est\u00e1 muy presente en el GEM<\/strong>, lo que muestra la importancia del yacimiento.<\/p>\n<p class=\"voc-p\" style=\"\">Durante una larga visita, pude examinar en las vitrinas muchas piezas conocidas y otras que ve\u00eda por primera vez. Las falsas puertas, los guerreros de Asyut, las estelas, los relieves, las estatuas&#8230; <strong>Deseo volver al GEM<\/strong> y contemplar todo lo que entonces no estaba expuesto. Es una de mis prioridades, que espero hacer realidad lo antes posible.<\/p>\n<p>SOBRE EL AUTOR<\/p>\n<p>Carmen P\u00e9rez Die<\/p>\n<p class=\"voc-about-author__paragraph\">Conservadora em\u00e9rita del Museo Arqueol\u00f3gico Nacional y directora de las excavaciones espa\u00f1olas en Heracle\u00f3polis Magna<\/p>\n","protected":false},"excerpt":{"rendered":"Mi primer viaje a Egipto lo hice gracias a una beca para una estancia en el Museo de&hellip;\n","protected":false},"author":2,"featured_media":213701,"comment_status":"","ping_status":"","sticky":false,"template":"","format":"standard","meta":{"footnotes":""},"categories":[42],"tags":[17,18,15180,13,14,3956,11,57573,8833,61,62,63,64,19,20,29082,1156,470,9,10,15,16,9249,12,21,22,65,66,67,21485],"class_list":{"0":"post-213700","1":"post","2":"type-post","3":"status-publish","4":"format-standard","5":"has-post-thumbnail","7":"category-internacional","8":"tag-breaking-news","9":"tag-breakingnews","10":"tag-egipcio","11":"tag-featured-news","12":"tag-featurednews","13":"tag-gran","14":"tag-headlines","15":"tag-heracleopolis","16":"tag-importancia","17":"tag-internacional","18":"tag-international","19":"tag-international-news","20":"tag-internationalnews","21":"tag-latest-news","22":"tag-latestnews","23":"tag-magna","24":"tag-muestra","25":"tag-museo","26":"tag-news","27":"tag-noticias","28":"tag-noticias-destacadas","29":"tag-noticiasdestacadas","30":"tag-presente","31":"tag-titulares","32":"tag-ultimas-noticias","33":"tag-ultimasnoticias","34":"tag-world","35":"tag-world-news","36":"tag-worldnews","37":"tag-yacimiento"},"share_on_mastodon":{"url":"","error":"Validation failed: Text character limit of 500 exceeded"},"_links":{"self":[{"href":"https:\/\/www.europesays.com\/es\/wp-json\/wp\/v2\/posts\/213700","targetHints":{"allow":["GET"]}}],"collection":[{"href":"https:\/\/www.europesays.com\/es\/wp-json\/wp\/v2\/posts"}],"about":[{"href":"https:\/\/www.europesays.com\/es\/wp-json\/wp\/v2\/types\/post"}],"author":[{"embeddable":true,"href":"https:\/\/www.europesays.com\/es\/wp-json\/wp\/v2\/users\/2"}],"replies":[{"embeddable":true,"href":"https:\/\/www.europesays.com\/es\/wp-json\/wp\/v2\/comments?post=213700"}],"version-history":[{"count":0,"href":"https:\/\/www.europesays.com\/es\/wp-json\/wp\/v2\/posts\/213700\/revisions"}],"wp:featuredmedia":[{"embeddable":true,"href":"https:\/\/www.europesays.com\/es\/wp-json\/wp\/v2\/media\/213701"}],"wp:attachment":[{"href":"https:\/\/www.europesays.com\/es\/wp-json\/wp\/v2\/media?parent=213700"}],"wp:term":[{"taxonomy":"category","embeddable":true,"href":"https:\/\/www.europesays.com\/es\/wp-json\/wp\/v2\/categories?post=213700"},{"taxonomy":"post_tag","embeddable":true,"href":"https:\/\/www.europesays.com\/es\/wp-json\/wp\/v2\/tags?post=213700"}],"curies":[{"name":"wp","href":"https:\/\/api.w.org\/{rel}","templated":true}]}}