{"id":213750,"date":"2025-11-02T03:34:09","date_gmt":"2025-11-02T03:34:09","guid":{"rendered":"https:\/\/www.europesays.com\/es\/213750\/"},"modified":"2025-11-02T03:34:09","modified_gmt":"2025-11-02T03:34:09","slug":"egipto-inaugura-su-gran-museo-en-giza-tras-veinte-anos-de-construccion","status":"publish","type":"post","link":"https:\/\/www.europesays.com\/es\/213750\/","title":{"rendered":"Egipto inaugura su Gran Museo en Giza tras veinte a\u00f1os de construcci\u00f3n"},"content":{"rendered":"<p class=\"article-text\">\n        El Gran Museo Egipcio (GEM)\u00a0qued\u00f3 este s\u00e1bado abierto al mundo con la promesa de ser un puente entre el brillante pasado de la antigua civilizaci\u00f3n egipcia\u00a0y un presente de cooperaci\u00f3n y paz, tras una ceremonia luminosa que resalt\u00f3 tanto los valores hist\u00f3ricos y art\u00edsticos de Egipto como la proyecci\u00f3n del pa\u00eds hacia el futuro.\n    <\/p>\n<p class=\"article-text\">\n        Mucha m\u00fasica, cientos de figurantes, fuegos artificiales y juegos de luces sobre el escenario inigualable de las pir\u00e1mides de Giza sirvieron para presentar el GEM, un enorme complejo de 500.000 cuadrados que a partir del pr\u00f3ximo d\u00eda 4 noviembre, cuando reabra sus puertas, albergar\u00e1 y exhibir\u00e1 m\u00e1s de 100.000 piezas que abarcan 7.000 a\u00f1os de historia, desde el Egipto predin\u00e1stico hasta el periodo grecorromano.\n    <\/p>\n<p class=\"article-text\">\n        Decenas de jefes de Estado, entre ellos el rey de Espa\u00f1a Felipe VI y el presidente de Colombia, Gustavo Petro, asistieron a la espectacular ceremonia, cuidada al mil\u00edmetro y que se esforz\u00f3 tanto en alabar la historia y las glorias del pasado de la \u00e9poca de los faraones como en insistir, en el contexto de las tensiones y la violencia que rodean el pa\u00eds anfitri\u00f3n, que el GEM es un instrumento de paz y una puerta para el di\u00e1logo.\n    <\/p>\n<p>            <img decoding=\"async\" class=\"lazy\" loading=\"lazy\" data-src=\"https:\/\/static.eldiario.es\/clip\/e6deb744-0fbe-4736-99a3-6a5284f499b1_16-9-discover-aspect-ratio_default_0.jpg\" src=\"data:image\/svg+xml,%3Csvg xmlns=\" http:=\"\" viewbox=\"0 0 1200 675\" alt=\"El rey Felipe VI, a su llegada al aeropuerto de El Cairo para asistir este s\u00e1bado a la ceremonia de inauguraci\u00f3n del Gran Museo Egipcio\"\/><\/p>\n<p class=\"article-text\">\n        \u201cOs hemos invitado a venir a esta tierra de paz y amor, y disfrutar de esta celebraci\u00f3n para hacer de este museo una para plataforma del di\u00e1logo, un destino para el conocimiento y un puerto para la humanidad. Tambi\u00e9n que sea un faro para los amantes de la vida que creen en la humanidad\u201d, dijo el presidente egipcio, Abdelfatah al Sisi, en una breve alocuci\u00f3n durante la ceremonia.\n    <\/p>\n<p class=\"article-text\">\n        En sus palabras, Al Sisi record\u00f3 que \u201cla civilizaci\u00f3n se construye en tiempos de paz y se disemina con la colaboraci\u00f3n de los pueblos\u201d, y que con la inauguraci\u00f3n del museo, se celebra tambi\u00e9n la apertura \u201cde un nuevo cap\u00edtulo de la historia del presente y del futuro de este antiguo pa\u00eds\u201d.\n    <\/p>\n<p>    Bajo las pir\u00e1mides<\/p>\n<p class=\"article-text\">\n        La ceremonia arranc\u00f3 con la llegada de los invitados de honor al recinto especialmente habilitado en el exterior del GEM, cuya decoraci\u00f3n e iluminaci\u00f3n estaban inspiradas en las pir\u00e1mides de Giza, testigos de excepci\u00f3n y a veces protagonistas del espect\u00e1culo desde su majestuosa altura.\n    <\/p>\n<p class=\"article-text\">\n        Unos ultraligeros sobrevolaron el museo con el mensaje \u201cBienvenidos a la tierra de la paz\u201d mientras los numerosos l\u00edderes (casi 80 seg\u00fan las autoridades egipcias), posaban para la foto de familia antes de ingresar al escenario principal entre fanfarrias.\n    <\/p>\n<p class=\"article-text\">\n        Cientos de figurantes ataviados como antiguos egipcios se multiplicaron por el museo y por los muchos otros lugares repartidos por todo el pa\u00eds y por el resto del mundo, conectados en tiempo real por la realizaci\u00f3n del evento.\n    <\/p>\n<p class=\"article-text\">\n        De hecho, la primera parte de la ceremonia se centr\u00f3 en recordar la universalidad del Antiguo Egipto y la cooperaci\u00f3n internacional y conect\u00f3 en primer lugar con una orquesta en Jap\u00f3n -pa\u00eds que financi\u00f3 la construcci\u00f3n del GEM -, para luego pasar por Par\u00eds, R\u00edo de Janeiro y Nueva York.\n    <\/p>\n<p class=\"article-text\">\n        En segundo lugar, bajo la premisa de que \u201cel poder se mide en ideas, no en armas\u201d y de que \u201cla paz de hoy es la civilizaci\u00f3n del ma\u00f1ana\u201d, la ceremonia se centr\u00f3 en resaltar los aspectos culturales y la diversidad de Egipto, con enlaces a Luxor, Asuan, las iglesias del barrio copto de El Cairo y el coraz\u00f3n del barrio isl\u00e1mico de la capital egipcia.\n    <\/p>\n<p>            <img decoding=\"async\" class=\"lazy\" loading=\"lazy\" data-src=\"https:\/\/static.eldiario.es\/clip\/4a0c6264-96b2-4d07-a72b-595784084b6b_16-9-discover-aspect-ratio_default_0.jpg\" src=\"data:image\/svg+xml,%3Csvg xmlns=\" http:=\"\" viewbox=\"0 0 1200 675\" alt=\"Foto de familia de los jefes de Estado durante la inauguraci\u00f3n oficial del Gran Museo Egipcio (GEM), en Giza, el 1 de noviembre de 2025\"\/><\/p>\n<p>    Rams\u00e9s II y Tutankam\u00f3n<\/p>\n<p class=\"article-text\">\n        Tras el discurso de Al Sisi, se realiz\u00f3 la ceremonia formal en la que el presidente egipcio puso la \u00faltima piedra de la construcci\u00f3n, que se encendi\u00f3, con la idea de que \u201cel silencio de las piedras no solo recuerda el pasado, sino que ilumina el futuro\u201d.\n    <\/p>\n<p class=\"article-text\">\n        Luego, con la figura de un ni\u00f1o como hilo conductor, se fueron presentando las joyas que se exhibir\u00e1n en el museo, desde los colosos de Rams\u00e9s II hasta las barcas de Keops, que aparecieron flotando en el cielo de la noche egipcia.\n    <\/p>\n<p class=\"article-text\">\n        El fin de fiesta lo propici\u00f3 Tutankam\u00f3n, cuya mascara mortuoria de oro puro y el resto de su ajuar funerario se exhibir\u00e1n de ahora en adelante en el GEM como pieza central en la historia de la egiptolog\u00eda.\n    <\/p>\n<p class=\"article-text\">\n        Su imagen sobre el cielo sirvi\u00f3 para cerrar el homenaje, dar pie a una lluvia de fuegos artificiales y dar paso a una visita privada de las autoridades al museo, fuera de la vista del p\u00fablico.\n    <\/p>\n<p class=\"article-text\">\n        El museo, que comenz\u00f3 a construirse hace veinte a\u00f1os, es el mayor del mundo dedicado a una sola civilizaci\u00f3n y llega tras una inversi\u00f3n de cerca de 1.200 millones de d\u00f3lares.\n    <\/p>\n<p>    <a href=\"https:\/\/www.eldiario.es\/spin\/nuevas-simulaciones-apuntan-tumba-tutankamon-cediendo-filtraciones-agua-debilidad-roca-marcas-grietas-observan-paredes-tumba-no-son-nuevas-pm_1_12719942.html\" data-mrf-recirculation=\"saber-mas-abajo\" data-dl-event=\"saber-mas-abajo\" rel=\"nofollow noopener\" target=\"_blank\"><\/p>\n<p class=\"know-more__title\">Nuevas simulaciones apuntan a que la tumba de Tutankam\u00f3n podr\u00eda estar cediendo por las filtraciones de agua y la debilidad de la roca<\/p>\n<p>            <img decoding=\"async\" class=\"lazy\" loading=\"lazy\" data-src=\"https:\/\/static.eldiario.es\/clip\/1c905fef-8c10-4b3b-bd67-6f3ff9a33c7a_16-9-aspect-ratio_default_0.jpg\" src=\"data:image\/svg+xml,%3Csvg xmlns=\" http:=\"\" viewbox=\"0 0 880 495\" alt=\"Nuevas simulaciones apuntan a que la tumba de Tutankam\u00f3n podr\u00eda estar cediendo por las filtraciones de agua y la debilidad de la roca: &quot;Las marcas y grietas que se observan en las paredes de la tumba no son nuevas&quot;\"\/><\/p>\n<p>                        <\/a><\/p>\n<p class=\"article-text\">\n        El GEM, cuya apertura completa hab\u00eda sufrido m\u00faltiples retrasos, prev\u00e9 recibir unos cinco millones de visitantes anuales y aspira a consolidar a Egipto como destino de referencia en el turismo cultural.\n    <\/p>\n","protected":false},"excerpt":{"rendered":"El Gran Museo Egipcio (GEM)\u00a0qued\u00f3 este s\u00e1bado abierto al mundo con la promesa de ser un puente entre&hellip;\n","protected":false},"author":2,"featured_media":213751,"comment_status":"","ping_status":"","sticky":false,"template":"","format":"standard","meta":{"footnotes":""},"categories":[42],"tags":[988,17,18,5297,5284,13,14,57591,3956,11,4520,61,62,63,64,19,20,470,9,10,15,16,12,21,22,24804,65,66,67],"class_list":{"0":"post-213750","1":"post","2":"type-post","3":"status-publish","4":"format-standard","5":"has-post-thumbnail","7":"category-internacional","8":"tag-anos","9":"tag-breaking-news","10":"tag-breakingnews","11":"tag-construccion","12":"tag-egipto","13":"tag-featured-news","14":"tag-featurednews","15":"tag-giza","16":"tag-gran","17":"tag-headlines","18":"tag-inaugura","19":"tag-internacional","20":"tag-international","21":"tag-international-news","22":"tag-internationalnews","23":"tag-latest-news","24":"tag-latestnews","25":"tag-museo","26":"tag-news","27":"tag-noticias","28":"tag-noticias-destacadas","29":"tag-noticiasdestacadas","30":"tag-titulares","31":"tag-ultimas-noticias","32":"tag-ultimasnoticias","33":"tag-veinte","34":"tag-world","35":"tag-world-news","36":"tag-worldnews"},"share_on_mastodon":{"url":"https:\/\/pubeurope.com\/@es\/115478007945959950","error":""},"_links":{"self":[{"href":"https:\/\/www.europesays.com\/es\/wp-json\/wp\/v2\/posts\/213750","targetHints":{"allow":["GET"]}}],"collection":[{"href":"https:\/\/www.europesays.com\/es\/wp-json\/wp\/v2\/posts"}],"about":[{"href":"https:\/\/www.europesays.com\/es\/wp-json\/wp\/v2\/types\/post"}],"author":[{"embeddable":true,"href":"https:\/\/www.europesays.com\/es\/wp-json\/wp\/v2\/users\/2"}],"replies":[{"embeddable":true,"href":"https:\/\/www.europesays.com\/es\/wp-json\/wp\/v2\/comments?post=213750"}],"version-history":[{"count":0,"href":"https:\/\/www.europesays.com\/es\/wp-json\/wp\/v2\/posts\/213750\/revisions"}],"wp:featuredmedia":[{"embeddable":true,"href":"https:\/\/www.europesays.com\/es\/wp-json\/wp\/v2\/media\/213751"}],"wp:attachment":[{"href":"https:\/\/www.europesays.com\/es\/wp-json\/wp\/v2\/media?parent=213750"}],"wp:term":[{"taxonomy":"category","embeddable":true,"href":"https:\/\/www.europesays.com\/es\/wp-json\/wp\/v2\/categories?post=213750"},{"taxonomy":"post_tag","embeddable":true,"href":"https:\/\/www.europesays.com\/es\/wp-json\/wp\/v2\/tags?post=213750"}],"curies":[{"name":"wp","href":"https:\/\/api.w.org\/{rel}","templated":true}]}}