{"id":213776,"date":"2025-11-02T03:57:04","date_gmt":"2025-11-02T03:57:04","guid":{"rendered":"https:\/\/www.europesays.com\/es\/213776\/"},"modified":"2025-11-02T03:57:04","modified_gmt":"2025-11-02T03:57:04","slug":"el-rey-felipe-vi-asiste-a-la-inauguracion-del-gran-museo-egipcio","status":"publish","type":"post","link":"https:\/\/www.europesays.com\/es\/213776\/","title":{"rendered":"El Rey Felipe VI asiste a la inauguraci\u00f3n del Gran Museo Egipcio"},"content":{"rendered":"<p>MADRID 1 Nov. (EUROPA PRESS) &#8211;<\/p>\n<p>El Rey Felipe VI ha asistido a la inauguraci\u00f3n del nuevo Gran Museo Egipcio situado en las proximidades de las c\u00e9lebres pir\u00e1mides de Giza.<\/p>\n<p>\u00a0 \u00a0La Casa Real ha compartido un v\u00eddeo en su perfil de Instagram de la llegada del rey al pa\u00eds donde se ve como, a \u00faltima hora de la tarde de este s\u00e1bado, aterrizaba en El Cairo acompa\u00f1ado por la vicepresidenta segunda del Gobierno y ministra de Trabajo y Econom\u00eda Social, Yolanda D\u00edaz. Ha sido recibido en el Aeropuerto Internacional Esfinge de Giza por el ministro de Trabajo de la Rep\u00fablica \u00c1rabe de Egipto, Mohamed Abdel Aziz Gibran, y el embajador de Espa\u00f1a en Egipto, Sergio Rom\u00e1n, entre otras personalidades egipcias.<\/p>\n<p>\u00a0 \u00a0A continuaci\u00f3n, el rey se ha traslado al Gran Museo Egipcio, donde ha sido recibido por el Presidente de la Rep\u00fablica \u00c1rabe de Egipto, Abdelfatah El-Sisi, para posteriormente mantener un encuentro con los dem\u00e1s jefes de Estado y de Gobierno invitados a la inauguraci\u00f3n, y realizar la fotograf\u00eda oficial.<\/p>\n<p>\u00a0 \u00a0La ceremonia ha comenzado con un espect\u00e1culo de luz y sonido a cargo de una orquesta, junto con un vuelo de drones que muestra c\u00f3mo el dise\u00f1o del museo est\u00e1 conectado con las pir\u00e1mides. Para finalizar, ha intervenido el Presidente de la Rep\u00fablica \u00c1rabe de Egipto.<\/p>\n<p>\u00a0 \u00a0Tras la primera parte de la inauguraci\u00f3n, Su Majestad el Rey junto al Presidente Abdelfatah El-Sisi y dem\u00e1s jefes de Estado y de Gobierno han recorrido el Museo, pasando por el vest\u00edbulo principal, la escalinata y la sala de Tutankam\u00f3n.<\/p>\n<p>\u00a0 \u00a0 El presidente egipcio, Abdelfat\u00e1 al Sisi, hab\u00eda trasladado su invitaci\u00f3n al monarca para tan magno evento, que ha tenido que aplazarse en varias ocasiones por el contexto regional, durante la visita de Estado que realiz\u00f3 a Espa\u00f1a el pasado febrero tanto a los Reyes como al presidente del Gobierno, Pedro S\u00e1nchez.<\/p>\n<p>\u00a0 \u00a0Entonces, el rey resalt\u00f3 que el Gran Museo Egipcio ser\u00e1 \u00abel museo arqueol\u00f3gico m\u00e1s grande del mundo\u00bb y asegur\u00f3 que para Espa\u00f1a es \u00abun honor haber participado en la construcci\u00f3n de este testimonio tangible de la valios\u00edsima herencia cultural egipcia\u00bb.<\/p>\n<p>\u00a0 \u00a0Felipe VI ha regresado a Egipto menos de dos meses despu\u00e9s de la visita de Estado que llev\u00f3 a cabo a principios de septiembre junto a la Reina Letizia. Entonces, ambos tuvieron ocasi\u00f3n de visitar las pir\u00e1mides de Giza as\u00ed como el Valle de los Reyes.<\/p>\n<p>\u00a0 \u00a0Aunque la primera piedra del nuevo museo se coloc\u00f3 en febrero de 2002, la construcci\u00f3n propiamente dicha por parte de la firma irlandesa Heneghan Peng Architectsa no arranc\u00f3 hasta 2006. El estallido de la Primavera \u00c1rabe, que en Egipto supuso la ca\u00edda del r\u00e9gimen de Hosni Mubarak, paraliz\u00f3 los trabajos, que se retomaron en 2014.<\/p>\n<p>\u00a0 \u00a0El Gran Museo Egipcio se convertir\u00e1 en el mayor complejo muse\u00edstico arqueol\u00f3gico cuando abra sus puertas al p\u00fablico el pr\u00f3ximo martes 4 de noviembre, con m\u00e1s de 100.000 piezas tanto del Antiguo Egipto como de la presencia griega y romana en el pa\u00eds. Adem\u00e1s, por primera vez se mostrar\u00e1 al p\u00fablico el tesoro completo de Tutankam\u00f3n.<\/p>\n","protected":false},"excerpt":{"rendered":"MADRID 1 Nov. (EUROPA PRESS) &#8211; El Rey Felipe VI ha asistido a la inauguraci\u00f3n del nuevo Gran&hellip;\n","protected":false},"author":2,"featured_media":213777,"comment_status":"","ping_status":"","sticky":false,"template":"","format":"standard","meta":{"footnotes":""},"categories":[42],"tags":[17,18,13,14,11,61,62,63,64,19,20,9,10,15,16,12,21,22,65,66,67],"class_list":{"0":"post-213776","1":"post","2":"type-post","3":"status-publish","4":"format-standard","5":"has-post-thumbnail","7":"category-internacional","8":"tag-breaking-news","9":"tag-breakingnews","10":"tag-featured-news","11":"tag-featurednews","12":"tag-headlines","13":"tag-internacional","14":"tag-international","15":"tag-international-news","16":"tag-internationalnews","17":"tag-latest-news","18":"tag-latestnews","19":"tag-news","20":"tag-noticias","21":"tag-noticias-destacadas","22":"tag-noticiasdestacadas","23":"tag-titulares","24":"tag-ultimas-noticias","25":"tag-ultimasnoticias","26":"tag-world","27":"tag-world-news","28":"tag-worldnews"},"share_on_mastodon":{"url":"https:\/\/pubeurope.com\/@es\/115478098367626496","error":""},"_links":{"self":[{"href":"https:\/\/www.europesays.com\/es\/wp-json\/wp\/v2\/posts\/213776","targetHints":{"allow":["GET"]}}],"collection":[{"href":"https:\/\/www.europesays.com\/es\/wp-json\/wp\/v2\/posts"}],"about":[{"href":"https:\/\/www.europesays.com\/es\/wp-json\/wp\/v2\/types\/post"}],"author":[{"embeddable":true,"href":"https:\/\/www.europesays.com\/es\/wp-json\/wp\/v2\/users\/2"}],"replies":[{"embeddable":true,"href":"https:\/\/www.europesays.com\/es\/wp-json\/wp\/v2\/comments?post=213776"}],"version-history":[{"count":0,"href":"https:\/\/www.europesays.com\/es\/wp-json\/wp\/v2\/posts\/213776\/revisions"}],"wp:featuredmedia":[{"embeddable":true,"href":"https:\/\/www.europesays.com\/es\/wp-json\/wp\/v2\/media\/213777"}],"wp:attachment":[{"href":"https:\/\/www.europesays.com\/es\/wp-json\/wp\/v2\/media?parent=213776"}],"wp:term":[{"taxonomy":"category","embeddable":true,"href":"https:\/\/www.europesays.com\/es\/wp-json\/wp\/v2\/categories?post=213776"},{"taxonomy":"post_tag","embeddable":true,"href":"https:\/\/www.europesays.com\/es\/wp-json\/wp\/v2\/tags?post=213776"}],"curies":[{"name":"wp","href":"https:\/\/api.w.org\/{rel}","templated":true}]}}