{"id":213800,"date":"2025-11-02T04:19:10","date_gmt":"2025-11-02T04:19:10","guid":{"rendered":"https:\/\/www.europesays.com\/es\/213800\/"},"modified":"2025-11-02T04:19:10","modified_gmt":"2025-11-02T04:19:10","slug":"seat-arriesga-con-un-cambio-para-el-nuevo-arona-que-esta-dando-mucho-que-hablar","status":"publish","type":"post","link":"https:\/\/www.europesays.com\/es\/213800\/","title":{"rendered":"Seat arriesga con un cambio para el nuevo Arona que est\u00e1 dando mucho que hablar"},"content":{"rendered":"\n<p>M\u00e1s noticias<\/p>\n<p><a class=\"info_masnoticias\" href=\"https:\/\/www.eldesmarque.com\/coches-y-motos\/\" rel=\"nofollow noopener\" target=\"_blank\"><br \/>\nM\u00e1s de<br \/>\nM\u00e1s noticias de<br \/>\nCoches y motos<br \/>\n<\/a><\/p>\n<p><strong>Seat <\/strong>ha presentado el <a href=\"https:\/\/www.eldesmarque.com\/coches-y-motos\/20250728\/el-precio-del-seat-arona-sigue-en-caida-libre-d1s23_300722627.html\" rel=\"nofollow noopener\" target=\"_blank\">nuevo Arona 2026<\/a>. Y lo ha hecho con pol\u00e9mica. La marca espa\u00f1ola ha decidido <a href=\"https:\/\/www.eldesmarque.com\/coches-y-motos\/20251024\/seat-soluciona-gran-quebradero-cabeza-arona-d1s23_300788980.html\" rel=\"nofollow noopener\" target=\"_blank\">apostar fuerte por una actualizaci\u00f3n<\/a> que combina <strong>m\u00e1s dise\u00f1o<\/strong>, <strong>mejor tecnolog\u00eda<\/strong> y una gama mec\u00e1nica <strong>100 % gasolina<\/strong>, algo que ha sorprendido a muchos en plena era de los h\u00edbridos y el\u00e9ctricos. Fabricado en <strong>Martorell<\/strong>, el SUV urbano pretende seguir siendo un \u00e9xito, aunque su estrategia est\u00e1 dando <strong>mucho que hablar<\/strong>.<\/p>\n<p>El dise\u00f1o exterior del nuevo <strong>Seat Arona<\/strong> ha sido completamente <strong>refrescado<\/strong>. El Arona luce <strong>nuevos faros Full LED<\/strong>, una <strong>parrilla m\u00e1s grande<\/strong> y <strong>paragolpes redise\u00f1ados<\/strong>. Las l\u00edneas son m\u00e1s afiladas, con un aire m\u00e1s deportivo, especialmente en el acabado <strong>FR<\/strong>, que incorpora <strong>salidas de escape oscurecidas<\/strong>, <strong>anagramas exclusivos<\/strong> y <strong>llantas de 17 o 18 pulgadas<\/strong>. Con <strong>4,16 metros de largo<\/strong> y un <strong>maletero de 400 litros<\/strong>, sigue siendo un modelo <strong>compacto pero pr\u00e1ctico<\/strong>, ideal para la ciudad y escapadas cortas.<\/p>\n<p><img decoding=\"async\" src=\"https:\/\/www.europesays.com\/es\/wp-content\/uploads\/2025\/11\/seat_arona_20262jpg.jpg\" width=\"660\" height=\"370.79\" alt=\"Seat Arona 2026\"\/><br \/>\nSeat Arona 2026<\/p>\n<p><strong>Cambios importantes por dentro y por fuera<\/strong><\/p>\n<p>Por dentro, el salto de calidad es evidente. <strong>Seat <\/strong>ha renovado por completo los <strong>materiales del salpicadero<\/strong>, los <strong>paneles de las puertas<\/strong> y el <strong>t\u00fanel central<\/strong>. Todo es m\u00e1s suave, m\u00e1s s\u00f3lido, m\u00e1s premium. Los asientos reciben <strong>nuevas tapicer\u00edas<\/strong>, y el volante <strong>forrado en cuero perforado<\/strong> aporta una sensaci\u00f3n m\u00e1s deportiva. En cuanto a tecnolog\u00eda, la pantalla central alcanza <strong>9,2 pulgadas<\/strong> en el FR y el cuadro de instrumentos digital crece hasta <strong>10,25 pulgadas<\/strong>, con el sistema <strong>SEAT CONNECT<\/strong> y <strong>asistente de voz \u201cHola, hola\u201d<\/strong>.<\/p>\n<p>El gran debate, sin embargo, est\u00e1 en la <strong>gama de motores<\/strong>. <strong>Seat <\/strong>ha decidido <strong>eliminar los di\u00e9sel y el GLP<\/strong>, centrando toda su oferta en <strong>versiones de gasolina TSI<\/strong>. En la base, el <strong>1.0 TSI de 95 CV y 175 Nm<\/strong> con caja manual de seis velocidades ofrece un consumo medio de <strong>5,2 a 5,9 l\/100 km<\/strong> y una velocidad m\u00e1xima de <strong>182 km\/h<\/strong>. Es la opci\u00f3n m\u00e1s racional, pensada para ciudad y trayectos cortos.<\/p>\n<p><img decoding=\"async\" src=\"https:\/\/www.europesays.com\/es\/wp-content\/uploads\/2025\/11\/aronajpg_001.jpg\" width=\"660\" height=\"404.91\" alt=\"ARONA\"\/><br \/>\nARONA<\/p>\n<p>Un escal\u00f3n por encima est\u00e1 el <strong>1.0 TSI de 115 CV<\/strong>, disponible tanto con <strong>cambio manual<\/strong> como con <strong>transmisi\u00f3n autom\u00e1tica DSG de siete relaciones<\/strong>. Con <strong>200 Nm de par<\/strong>, acelera de <strong>0 a 100 km\/h en 9,9 segundos<\/strong> y alcanza <strong>195 km\/h<\/strong>. Es el equilibrio perfecto entre <strong>rendimiento y eficiencia<\/strong>, con un consumo ajustado de <strong>5,2 a 5,9 litros<\/strong>.<\/p>\n<p>La joya de la gama es el <strong>1.5 TSI de 150 CV y 250 Nm<\/strong>, asociado exclusivamente al <strong>cambio DSG<\/strong>. Su aceleraci\u00f3n de <strong>0 a 100 km\/h en 8,3 segundos<\/strong> y su <strong>velocidad punta de 212 km\/h<\/strong> lo convierten en el Arona m\u00e1s potente y din\u00e1mico hasta la fecha. A pesar de sus prestaciones, mantiene consumos contenidos, entre <strong>5,6 y 6 litros<\/strong>, y tracci\u00f3n delantera.<\/p>\n<p><strong>El Seat Arona no estar\u00e1 electrificado hasta 2026<\/strong><\/p>\n<p>A partir de <strong>2027<\/strong>, el modelo estrenar\u00e1 una importante novedad: la tecnolog\u00eda <strong>MHEV de 48 voltios<\/strong>. Esta versi\u00f3n <strong>microh\u00edbrida<\/strong> reducir\u00e1 el consumo y las emisiones, incorporando un peque\u00f1o <strong>motor el\u00e9ctrico de apoyo<\/strong> que permitir\u00e1 circular en modo \u201cvela\u201d y recuperar energ\u00eda en frenadas. El motor <strong>1.5 TSI de 115 CV<\/strong> ser\u00e1 el primero en adaptarse a este sistema, con id\u00e9nticas cajas de cambio, tanto manual como autom\u00e1tica.<\/p>\n<p>Los acabados <strong>Reference<\/strong>, <strong>Style<\/strong> y <strong>FR<\/strong> se mantienen, cada uno con su identidad. Desde el <strong>Style<\/strong>, con faros Full LED y pantalla de 8,25 pulgadas, hasta el <strong>FR<\/strong>, que suma <strong>climatizador bizona<\/strong>, <strong>acceso sin llave<\/strong>, <strong>c\u00e1mara trasera<\/strong> y <strong>asientos deportivos<\/strong>, el nuevo Arona apuesta por ofrecer m\u00e1s por menos.<\/p>\n<p>El lanzamiento est\u00e1 previsto para <strong>enero de 2026<\/strong>, aunque los precios todav\u00eda no se han hecho p\u00fablicos.<\/p>\n","protected":false},"excerpt":{"rendered":"M\u00e1s noticias M\u00e1s de M\u00e1s noticias de Coches y motos Seat ha presentado el nuevo Arona 2026. Y&hellip;\n","protected":false},"author":2,"featured_media":213801,"comment_status":"","ping_status":"","sticky":false,"template":"","format":"standard","meta":{"footnotes":""},"categories":[80],"tags":[82,95,94,25,24,23],"class_list":{"0":"post-213800","1":"post","2":"type-post","3":"status-publish","4":"format-standard","5":"has-post-thumbnail","7":"category-economia","8":"tag-business","9":"tag-economia","10":"tag-economy","11":"tag-es","12":"tag-espana","13":"tag-spain"},"share_on_mastodon":{"url":"https:\/\/pubeurope.com\/@es\/115478185595110638","error":""},"_links":{"self":[{"href":"https:\/\/www.europesays.com\/es\/wp-json\/wp\/v2\/posts\/213800","targetHints":{"allow":["GET"]}}],"collection":[{"href":"https:\/\/www.europesays.com\/es\/wp-json\/wp\/v2\/posts"}],"about":[{"href":"https:\/\/www.europesays.com\/es\/wp-json\/wp\/v2\/types\/post"}],"author":[{"embeddable":true,"href":"https:\/\/www.europesays.com\/es\/wp-json\/wp\/v2\/users\/2"}],"replies":[{"embeddable":true,"href":"https:\/\/www.europesays.com\/es\/wp-json\/wp\/v2\/comments?post=213800"}],"version-history":[{"count":0,"href":"https:\/\/www.europesays.com\/es\/wp-json\/wp\/v2\/posts\/213800\/revisions"}],"wp:featuredmedia":[{"embeddable":true,"href":"https:\/\/www.europesays.com\/es\/wp-json\/wp\/v2\/media\/213801"}],"wp:attachment":[{"href":"https:\/\/www.europesays.com\/es\/wp-json\/wp\/v2\/media?parent=213800"}],"wp:term":[{"taxonomy":"category","embeddable":true,"href":"https:\/\/www.europesays.com\/es\/wp-json\/wp\/v2\/categories?post=213800"},{"taxonomy":"post_tag","embeddable":true,"href":"https:\/\/www.europesays.com\/es\/wp-json\/wp\/v2\/tags?post=213800"}],"curies":[{"name":"wp","href":"https:\/\/api.w.org\/{rel}","templated":true}]}}