{"id":213805,"date":"2025-11-02T04:22:14","date_gmt":"2025-11-02T04:22:14","guid":{"rendered":"https:\/\/www.europesays.com\/es\/213805\/"},"modified":"2025-11-02T04:22:14","modified_gmt":"2025-11-02T04:22:14","slug":"oducal-pedroso-la-universidad-es-un-servicio-de-la-iglesia-a-la-sociedad","status":"publish","type":"post","link":"https:\/\/www.europesays.com\/es\/213805\/","title":{"rendered":"ODUCAL. Pedroso: La universidad es un servicio de la Iglesia a la sociedad"},"content":{"rendered":"<p>El Jubileo del Mundo de la Educaci\u00f3n cont\u00f3 con la presencia del presidente de ODUCAL, el Padre Anderson Pedroso. En conversaci\u00f3n con Vatican News, el sacerdote jesuita destac\u00f3 el encuentro con el Papa Le\u00f3n XIV, donde m\u00e1s de 100 rectores debatieron sobre el papel de las universidades cat\u00f3licas como servicio a la Iglesia y a la sociedad. \u201cEl Papa enfatiz\u00f3 la importancia de la educaci\u00f3n integral y el papel de las universidades cat\u00f3licas en la formaci\u00f3n de ciudadanos comprometidos con el bien com\u00fan\u201d<\/p>\n<p><b>Silvonei Jos\u00e9 \/ Renato Martinez \u2013 Ciudad del Vaticano<\/b><\/p>\n<p>El Papa Le\u00f3n XIV recibi\u00f3 en el Vaticano este viernes 31 de octubre a los miembros de la Organizaci\u00f3n de Universidades Cat\u00f3licas de Am\u00e9rica Latina y el Caribe (ODUCAL), reunidos en Roma con motivo del Jubileo del Mundo de la Educaci\u00f3n. Al inicio del saludo, el Santo Padre se dirigi\u00f3 al presidente de la organizaci\u00f3n, el padre Anderson Antonio Pedroso, S.I., jesuita brasile\u00f1o y Rector de la Pontificia Universidad Cat\u00f3lica de R\u00edo de Janeiro (PUC-Rio).<\/p>\n<p>\n   Escucha y descarga la entrevista con el padre Anderson Pedroso\n  <\/p>\n<p><b>Este 31 de octubre el Papa Le\u00f3n XIV los ha recibido en audiencia en la Sala Clementina del Vaticano. \u00bfNos podr\u00eda decir c\u00f3mo fue el encuentro con el Santo Padre?<\/b><\/p>\n<p>\u201cS\u00ed, fue el encuentro de los rectores y autoridades acad\u00e9micas de ODUCAL. Logramos reunir a m\u00e1s de 100 rectores, y nos recibi\u00f3 en audiencia privada, es decir, tuvimos la oportunidad de hablar con el Papa, de ser recibidos y de saludarlo. Su gesto fue muy significativo, su generosidad; salud\u00f3 a cada rector, nos dio un mensaje extraordinario, se tom\u00f3 la foto, por supuesto, todos esperan la foto, pero m\u00e1s all\u00e1 de eso, demostr\u00f3 un gran afecto, amor y esperanza tambi\u00e9n para nosotros, nos transmiti\u00f3 mucha esperanza. Fue un momento extraordinario, la gente estaba muy conmovida. Y yo estuve en primera fila y tuve la oportunidad de observar, de ver la reacci\u00f3n de todos, as\u00ed que fue un encuentro muy bello, muy intenso, muy afectuoso, muy atento y, sobre todo, un compromiso com\u00fan de servir a la Iglesia en nuestra misi\u00f3n con las universidades cat\u00f3licas\u201d.<\/p>\n<p><b>El Papa tambi\u00e9n habl\u00f3 sobre los objetivos de ODUCAL, entre los que destacan el progreso de la educaci\u00f3n superior cat\u00f3lica y el servicio a la sociedad, creando espacios para el encuentro entre la fe y la cultura. \u00bfC\u00f3mo han asumido esta invitaci\u00f3n del Papa?<\/b><\/p>\n<p>\u00abMire, para nosotros, esta definici\u00f3n, dir\u00eda yo, de la universidad cat\u00f3lica es fundamental. La universidad cat\u00f3lica es un servicio de la Iglesia a la sociedad. Siempre nos gusta recordar la universidad. La universidad cat\u00f3lica no es solo para cat\u00f3licos. En muchos pa\u00edses, la universidad cat\u00f3lica es un lugar de libertad, de encuentro con otras religiones, con otras sensibilidades. Es, de hecho, un espacio donde la Iglesia puede abrir parte de su riqueza para que otros puedan enriquecerla\u00bb. As\u00ed pues, dir\u00eda que es casi una definici\u00f3n: la universidad cat\u00f3lica es un servicio de la Iglesia a la sociedad, un espacio de comuni\u00f3n.<\/p>\n<p>    <img decoding=\"async\" src=\"data:image\/gif;base64,R0lGODlhAQABAIAAAAAAAP\/\/\/yH5BAEAAAAALAAAAAABAAEAAAIBRAA7\" data-original=\"https:\/\/www.vaticannews.va\/content\/dam\/vaticannews\/agenzie\/images\/srv\/2025\/10\/31\/2025-10-31-membri-della--organizacion-de-universidades-catolicas\/1761898697455.JPG\/_jcr_content\/renditions\/cq5dam.thumbnail.cropped.750.422.jpeg\" alt=\"Audiencia del Papa a los miembros de la ODUCAL\" title=\"Audiencia del Papa a los miembros de la ODUCAL\"\/><\/p>\n<p>\n   Audiencia del Papa a los miembros de la ODUCAL \u00a0 (@Vatican Media)\n  <\/p>\n<p><b>El Papa tambi\u00e9n dijo que, las universidades cat\u00f3licas deben convertirse en \u201citinerarios del pensamiento hacia Dios\u201d. \u00bfQu\u00e9 nos quiere decir el Santo Padre con esta met\u00e1fora?<\/b><\/p>\n<p>\u00abEsta expresi\u00f3n suya es muy interesante; es una aventura que nos habla de direcci\u00f3n, \u00bfverdad? El fin \u00faltimo es la evangelizaci\u00f3n, que consiste, de alguna manera, en acercar a las personas a Dios a trav\u00e9s del mundo acad\u00e9mico, con los m\u00e9todos propios de este. Acercar a las personas a Dios, o mostrarles el camino. Me parece hermosa esta met\u00e1fora del itinerario porque se se\u00f1ala el camino y se ayuda a caminar, pero siempre es el propio camino de cada persona, y esto otorga una gran dignidad y una gran libertad intelectual, incluyendo la posibilidad de que cada uno se acerque a la verdad a su manera. Que las universidades puedan se\u00f1alar esto, me parece extraordinario\u00bb.<\/p>\n<p><b>Adem\u00e1s, el Pont\u00edfice se\u00f1al\u00f3 tres elementos importantes de la formaci\u00f3n integral de los estudiantes de las universidades cat\u00f3licas. \u00bfPodr\u00eda explicarnos en qu\u00e9 consisten estos elementos?<\/b><\/p>\n<p>\u201cEsto es lo que el Papa recupera, dir\u00eda yo: esta visi\u00f3n integral, que se ha vuelto fundamental incluso en el mundo acad\u00e9mico y pedag\u00f3gico; sin ella, ya no se puede concebir la experiencia universitaria ni la educativa. Hay que educar no solo la mente. El Papa Francisco ten\u00eda estas bellas im\u00e1genes: cabeza, coraz\u00f3n y manos. As\u00ed pues, la educaci\u00f3n integral ya es patrimonio com\u00fan, se habla de ella en todas partes, pero en las universidades cat\u00f3licas, en el mundo cat\u00f3lico, tiene mucho m\u00e1s significado y mucha m\u00e1s profundidad, al integrar a la persona en su totalidad. Ah\u00ed es donde entran en juego la dimensi\u00f3n \u00e9tica y la dimensi\u00f3n afectiva, tan importantes: educar con amor, educar para el amor. El hecho de que podamos usar la inteligencia \u2014hoy hablamos de inteligencia artificial\u2014, pero podemos y debemos usarla para el bien. \u00bfPara qu\u00e9 usamos la inteligencia humana, natural o artificial? Para el bien. Creo que el Papa nos ayuda, nos sit\u00faa en el centro mismo de una nueva pedagog\u00eda, formando a la persona en su totalidad, una formaci\u00f3n integral, una educaci\u00f3n para vivir en sociedad. La universidad es tambi\u00e9n una experiencia c\u00edvica, \u00bfno es as\u00ed? Por eso, en ODUCAL, tenemos una perspectiva mucho m\u00e1s amplia, que no se limita a la educaci\u00f3n en s\u00ed, sino que abarca la educaci\u00f3n para la sociedad, para la vida en sociedad, con su dimensi\u00f3n democr\u00e1tica y c\u00edvica, que es fundamental.<\/p>\n<p>    <img decoding=\"async\" src=\"data:image\/gif;base64,R0lGODlhAQABAIAAAAAAAP\/\/\/yH5BAEAAAAALAAAAAABAAEAAAIBRAA7\" data-original=\"https:\/\/www.vaticannews.va\/content\/dam\/vaticannews\/multimedia\/2025\/novembre\/01\/gggg.jpg\/_jcr_content\/renditions\/cq5dam.thumbnail.cropped.750.422.jpeg\" alt=\"Padre Anderson Antonio Pedroso, S.I., Rector de la Pontificia Universidad Cat\u00f3lica de R\u00edo de Janeiro (PUC-Rio).\" title=\"Padre Anderson Antonio Pedroso, S.I., Rector de la Pontificia Universidad Cat\u00f3lica de R\u00edo de Janeiro (PUC-Rio).\"\/><\/p>\n<p>\n   Padre Anderson Antonio Pedroso, S.I., Rector de la Pontificia Universidad Cat\u00f3lica de R\u00edo de Janeiro (PUC-Rio).\n  <\/p>\n<p><b>Este domingo 1 de noviembre hemos vivido un momento muy especial en la Plaza de San Pedro: la Santa Misa, en la Solemnidad de Todos los Santos, y la proclamaci\u00f3n de John Henry Newman como Doctor de la Iglesia. \u00bfCu\u00e1l es el significado de lo que ha realizado el Papa Le\u00f3n esta ma\u00f1ana?<\/b><\/p>\n<p>\u00abS\u00ed, creo que no podr\u00eda haber sido m\u00e1s completo ni con un lenguaje m\u00e1s adaptado a este mundo educativo. En el \u00e1mbito acad\u00e9mico, un doctorado se considera un gran logro, un reconocimiento a una persona por un acto intelectual fundamental que, de alguna manera, transforma el sistema, el mundo, el mundo acad\u00e9mico. Es un gran gesto de bienvenida cuando alguien recibe un doctorado y se convierte en doctor. De hecho, no es solo un honor para la persona, sino para todo el sistema, el mundo acad\u00e9mico; es un signo de la vitalidad del mundo acad\u00e9mico, un signo de la aceptaci\u00f3n de una idea por parte del mundo acad\u00e9mico. A todo esto, me refiero en el contexto del mundo acad\u00e9mico. Ahora bien, en el mundo eclesial, en el mundo de la fe\u2026 un doctorado no es un doctorado cualquiera. Convertirse en Doctor de la Iglesia significa que el pensamiento de Newman es bienvenido. Recibe la legitimidad fundamental no solo para ser profundizado, sino tambi\u00e9n para ser reproducido. Ciertamente, el largo per\u00edodo de estudio, todo lo que escribi\u00f3, lo que pens\u00f3, su vida\u2026 \u00bfpor qu\u00e9 es santo? Y creo que eso tambi\u00e9n subraya la vitalidad de la Iglesia en este sentido. As\u00ed que es un doctorado. Yo estuve all\u00ed. \u00abAqu\u00ed, cuando era seminarista, durante los estudios doctorales de Santa Teresa. Fue algo muy impresionante para m\u00ed. Por eso, hoy tambi\u00e9n me alegra, incluso personalmente, si me permiten decirlo, ver esto y concluir el Jubileo de la Educaci\u00f3n con un doctorado. Un doctorado que tiene su fundamento en la santidad. Une un conocimiento profundo con la santidad de vida. Y creo que estas son las dos l\u00edneas fundamentales que deben guiarnos como educadores o personas que vivimos esta misi\u00f3n de la educaci\u00f3n cat\u00f3lica. \u201cConocimiento profundo, que genera humildad, y santidad de vida, que da profundidad a cualquier conocimiento\u201d.<\/p>\n","protected":false},"excerpt":{"rendered":"El Jubileo del Mundo de la Educaci\u00f3n cont\u00f3 con la presencia del presidente de ODUCAL, el Padre Anderson&hellip;\n","protected":false},"author":2,"featured_media":213806,"comment_status":"","ping_status":"","sticky":false,"template":"","format":"standard","meta":{"footnotes":""},"categories":[5],"tags":[2509,3216,17,18,3141,25,2507,24,13,14,11,19,20,9,10,15,16,400,23,12,21,22],"class_list":{"0":"post-213805","1":"post","2":"type-post","3":"status-publish","4":"format-standard","5":"has-post-thumbnail","7":"category-titulares","8":"tag-audiencias","9":"tag-brasil","10":"tag-breaking-news","11":"tag-breakingnews","12":"tag-entrevista","13":"tag-es","14":"tag-escuela-y-universidad","15":"tag-espana","16":"tag-featured-news","17":"tag-featurednews","18":"tag-headlines","19":"tag-latest-news","20":"tag-latestnews","21":"tag-news","22":"tag-noticias","23":"tag-noticias-destacadas","24":"tag-noticiasdestacadas","25":"tag-papa-leon-xiv","26":"tag-spain","27":"tag-titulares","28":"tag-ultimas-noticias","29":"tag-ultimasnoticias"},"share_on_mastodon":{"url":"https:\/\/pubeurope.com\/@es\/115478196558991690","error":""},"_links":{"self":[{"href":"https:\/\/www.europesays.com\/es\/wp-json\/wp\/v2\/posts\/213805","targetHints":{"allow":["GET"]}}],"collection":[{"href":"https:\/\/www.europesays.com\/es\/wp-json\/wp\/v2\/posts"}],"about":[{"href":"https:\/\/www.europesays.com\/es\/wp-json\/wp\/v2\/types\/post"}],"author":[{"embeddable":true,"href":"https:\/\/www.europesays.com\/es\/wp-json\/wp\/v2\/users\/2"}],"replies":[{"embeddable":true,"href":"https:\/\/www.europesays.com\/es\/wp-json\/wp\/v2\/comments?post=213805"}],"version-history":[{"count":0,"href":"https:\/\/www.europesays.com\/es\/wp-json\/wp\/v2\/posts\/213805\/revisions"}],"wp:featuredmedia":[{"embeddable":true,"href":"https:\/\/www.europesays.com\/es\/wp-json\/wp\/v2\/media\/213806"}],"wp:attachment":[{"href":"https:\/\/www.europesays.com\/es\/wp-json\/wp\/v2\/media?parent=213805"}],"wp:term":[{"taxonomy":"category","embeddable":true,"href":"https:\/\/www.europesays.com\/es\/wp-json\/wp\/v2\/categories?post=213805"},{"taxonomy":"post_tag","embeddable":true,"href":"https:\/\/www.europesays.com\/es\/wp-json\/wp\/v2\/tags?post=213805"}],"curies":[{"name":"wp","href":"https:\/\/api.w.org\/{rel}","templated":true}]}}