{"id":213986,"date":"2025-11-02T07:12:19","date_gmt":"2025-11-02T07:12:19","guid":{"rendered":"https:\/\/www.europesays.com\/es\/213986\/"},"modified":"2025-11-02T07:12:19","modified_gmt":"2025-11-02T07:12:19","slug":"el-casademont-zaragoza-tumba-al-lider-77-72-nuestro-deporte","status":"publish","type":"post","link":"https:\/\/www.europesays.com\/es\/213986\/","title":{"rendered":"El Casademont Zaragoza tumba al l\u00edder (77-72) | Nuestro deporte"},"content":{"rendered":"<p>Era dif\u00edcil, pero el Casademont Zaragoza lo ha conseguido. <strong>El equipo zaragozano se ha impuesto por 77 a 72 al Spar Girona, l\u00edder de la Liga Femenina Endesa.<\/strong>\u00a0El partido comenzaba igualado, pero, tras un buen segundo cuarto donde Laia Flores era una de las jugadoras m\u00e1s destacadas, las aragonesas consegu\u00edan darle la vuelta al marcador. Tras firmar un gran tercer cuarto, uno de los mejores de la temporada, Casademont se complicaba la vida en el \u00faltimo parcial, pero finalmente la victoria se quedaba en el pabell\u00f3n Pr\u00edncipe Felipe.\u00a0\u00a0<\/p>\n<p>El conjunto zaragozano sal\u00eda de inicio <strong>Carla Leite, Bankol\u00e9, Vorackova, Nadia Fingal y Aminata Gueye.<\/strong> El <strong>Girona <\/strong>se adelantaba en el marcador, pero Casademont no dejaba que aumentara la renta.\u00a0<strong>Merrit <\/strong>con su triple, y <strong>Mariona Ortiz<\/strong> gracias a una acci\u00f3n individual, igualaban el choque por segunda vez en el primer cuarto, incluso le daba la vuelta. Aunque finalmente el equipo dirigido por Carlos Cantero terminaba el <strong>primer cuarto por debajo<\/strong> en el marcador <strong>(18-22)<\/strong>.\u00a0En el segundo parcial, las aragonesas no permit\u00edan que las catalanas aumentaran la renta. <strong>Laia Flores y Ornela Bankol\u00e9 <\/strong>frenaban el empuje catal\u00e1n y lograban irse de 4 puntos. El conjunto local mejoraba en los peque\u00f1os detalles, tanto ofensiva como en intensidad defensiva y en el porcentaje de tiro, lo que les permit\u00eda marcharse al descanso con un\u00a0<strong>43-38<\/strong>.<\/p>\n<p>Tras el paso por el vestuario,<strong> el Casademont Zaragoza segu\u00eda una marcha por encima que el Girona, <\/strong>logrando la m\u00e1xima renta del partido hasta el momento por 14 puntos. La <strong>solvencia en defensa<\/strong> era clave para que el Casademont firmara uno de sus mejores cuartos de Casademont\u00a0gracias a la aparici\u00f3n constante de<strong> Laia Flores.<\/strong> El comienzo del \u00faltimo cuarto comenzaba con <strong>una nueva m\u00e1xima renta, de 16 puntos<\/strong>, lo que hac\u00eda que el equipo catal\u00e1n fuera a remolque. Pero, tras varios minutos sin ver canasta, el Spar Girona se acercaba peligrosamente. Pudo complicarse las cosas el equipo dirigido por Carlos Cantero en los \u00faltimos minutos, pero era\u00a0<strong>Mariona Ortiz con 18\u00a0de valoraci\u00f3n<\/strong>, quien rescataba finalmente la victoria para Casademont Zaragoza en el Pr\u00edncipe Felipe.\u00a0<\/p>\n<p>Si quieres estar al d\u00eda de toda la actualidad deportiva, s\u00edguenos en redes sociales: <a href=\"https:\/\/www.instagram.com\/aragondeporte\/\" target=\"_blank\" rel=\"noindex nofollow noopener\">Instagram<\/a>, <a href=\"https:\/\/www.facebook.com\/aragondeporte\/\" target=\"_blank\" rel=\"noindex nofollow noopener\">Facebook<\/a>, <a href=\"https:\/\/x.com\/ardeportes\" target=\"_blank\" rel=\"noindex nofollow\">X<\/a> y tambi\u00e9n en el canal de <a href=\"https:\/\/whatsapp.com\/channel\/0029Vb8JrUy6rsQrHNE2y41l\" target=\"_blank\" rel=\"noindex nofollow noopener\">WhatsApp<\/a>.<\/p>\n<p>            <script async src=\"\/\/www.instagram.com\/embed.js\"><\/script><\/p>\n","protected":false},"excerpt":{"rendered":"Era dif\u00edcil, pero el Casademont Zaragoza lo ha conseguido. El equipo zaragozano se ha impuesto por 77 a&hellip;\n","protected":false},"author":2,"featured_media":213987,"comment_status":"","ping_status":"","sticky":false,"template":"","format":"standard","meta":{"footnotes":""},"categories":[269],"tags":[4499,4502,299,298,4501,4110,634,168,25,24,4500,1448,23,167,214],"class_list":{"0":"post-213986","1":"post","2":"type-post","3":"status-publish","4":"format-standard","5":"has-post-thumbnail","7":"category-baloncesto","8":"tag-aragon","9":"tag-aragonesa","10":"tag-baloncesto","11":"tag-basketball","12":"tag-cartv","13":"tag-corporacion","14":"tag-deporte","15":"tag-deportes","16":"tag-es","17":"tag-espana","18":"tag-publica","19":"tag-radio","20":"tag-spain","21":"tag-sports","22":"tag-tv"},"share_on_mastodon":{"url":"https:\/\/pubeurope.com\/@es\/115478865108047207","error":""},"_links":{"self":[{"href":"https:\/\/www.europesays.com\/es\/wp-json\/wp\/v2\/posts\/213986","targetHints":{"allow":["GET"]}}],"collection":[{"href":"https:\/\/www.europesays.com\/es\/wp-json\/wp\/v2\/posts"}],"about":[{"href":"https:\/\/www.europesays.com\/es\/wp-json\/wp\/v2\/types\/post"}],"author":[{"embeddable":true,"href":"https:\/\/www.europesays.com\/es\/wp-json\/wp\/v2\/users\/2"}],"replies":[{"embeddable":true,"href":"https:\/\/www.europesays.com\/es\/wp-json\/wp\/v2\/comments?post=213986"}],"version-history":[{"count":0,"href":"https:\/\/www.europesays.com\/es\/wp-json\/wp\/v2\/posts\/213986\/revisions"}],"wp:featuredmedia":[{"embeddable":true,"href":"https:\/\/www.europesays.com\/es\/wp-json\/wp\/v2\/media\/213987"}],"wp:attachment":[{"href":"https:\/\/www.europesays.com\/es\/wp-json\/wp\/v2\/media?parent=213986"}],"wp:term":[{"taxonomy":"category","embeddable":true,"href":"https:\/\/www.europesays.com\/es\/wp-json\/wp\/v2\/categories?post=213986"},{"taxonomy":"post_tag","embeddable":true,"href":"https:\/\/www.europesays.com\/es\/wp-json\/wp\/v2\/tags?post=213986"}],"curies":[{"name":"wp","href":"https:\/\/api.w.org\/{rel}","templated":true}]}}