{"id":213990,"date":"2025-11-02T07:14:12","date_gmt":"2025-11-02T07:14:12","guid":{"rendered":"https:\/\/www.europesays.com\/es\/213990\/"},"modified":"2025-11-02T07:14:12","modified_gmt":"2025-11-02T07:14:12","slug":"richard-gere-y-su-mujer-alejandra-abandonan-espana-esta-es-la-razon","status":"publish","type":"post","link":"https:\/\/www.europesays.com\/es\/213990\/","title":{"rendered":"Richard Gere y su mujer, Alejandra, abandonan Espa\u00f1a: esta es la raz\u00f3n"},"content":{"rendered":"<p data-journey-content=\"true\" data-node-id=\"3\" class=\"css-6wxqfj emevuu60\">Despu\u00e9s de un intenso a\u00f1o residiendo en uno de los barrios m\u00e1s cotizados de la capital espa\u00f1ola, como es La Moraleja, <strong data-node-id=\"3.1\">Richard Gere y Alejandra Silva regresan a Nueva York.<\/strong> El matrimonio ha decidido regresar a la tierra natal de actor de Hollywood. Cuando hicieron p\u00fablica su mudanza a Espa\u00f1a, el actor se\u00f1al\u00f3 que, despu\u00e9s de seis a\u00f1os viviendo juntos en Nueva York, lo m\u00ednimo que pod\u00eda hacer por su pareja era devolverle ese mismo tiempo en su pa\u00eds. Sin embargo, este octubre <strong data-node-id=\"3.3\">la pareja ha hecho las maletas para regresar a su residencia en la gran manzana. Y lo ha hecho por decisi\u00f3n de Alejandra Silva.<\/strong><\/p>\n<p data-journey-content=\"true\" data-node-id=\"6\" class=\"css-6wxqfj emevuu60\">A ra\u00edz de esta mudanza han sido muchas las teor\u00edas que han surgido en relaci\u00f3n a<strong data-node-id=\"6.1\"> las razones por las que la pareja decidi\u00f3 regresar a su antigua vida <\/strong>y una de ellas fue el tema de los impuestos. Pero, nada m\u00e1s lejos de la realidad, la verdadera raz\u00f3n del regreso del matrimonio formado por Richard y Alejandra Gere ha sido<strong data-node-id=\"6.3\"> por una mera raz\u00f3n log\u00edstica<\/strong>. Los viajes del actor de Hollywood a Estados Unidos y al resto del mundo era constantes, ya sea por el desarrollo de su carrera profesional o por sus compromisos con The Gere Foundation. <\/p>\n<p><img draggable=\"true\" alt=\"celebrity sightings day 6 milan fashion week womenswear spring\/summer 2026\" title=\"Celebrity Sightings - Day 6 - Milan Fashion Week - Womenswear Spring\/Summer 2026\" loading=\"lazy\" width=\"5464\" height=\"8192\" decoding=\"async\" data-nimg=\"1\" style=\"color:transparent;width:100%;height:auto;\"   src=\"https:\/\/www.europesays.com\/es\/wp-content\/uploads\/2025\/11\/richard-gere-and-alejandra-silva-are-seen-during-the-milan-news-photo-1762007048.pjpeg\" class=\"css-0 e1g79fud0\"\/><\/p>\n<p>Robino Salvatore\/\/Getty Images<\/p>\n<p data-journey-content=\"true\" data-node-id=\"13\" class=\"css-6wxqfj emevuu60\">Y aunque Alejandra va con \u00e9l siempre que puede,<strong data-node-id=\"13.1\"> los ni\u00f1os requieren una estabilidad y se han criado en Estados Unidos,<\/strong> as\u00ed lo han confesado en la edici\u00f3n americana de la revista Hola!. La pareja tiene a Albert, fruto de un matrimonio anterior de Alejandra, sus dos hijos en com\u00fan: Alexander y James, de seis y cinco a\u00f1os respectivamente. Y, a estos tres ni\u00f1os, se suma Homer, el hijo mayor del int\u00e9rprete, que vive tambi\u00e9n en el pa\u00eds norteamericano.<\/p>\n<p data-journey-content=\"true\" data-node-id=\"15\" class=\"css-6wxqfj emevuu60\"> Por lo tanto, resulta m\u00e1s f\u00e1cil para ellos volver a establecerse en la casa que tiene el protagonista de &#8216;Pretty Woman&#8217; en las afueras de la ciudad de Nueva York que en su reci\u00e9n reformada casa en La Moraleja.  <strong data-node-id=\"15.1\">Richard Gere admit\u00eda hace solo unos d\u00edas que su tiempo en Espa\u00f1a hab\u00eda sido \u00abfabuloso\u00bb <\/strong>y que su mujer,  Alejandra, hab\u00eda estado \u00abfeliz por su familia, sus amigos, su cultura, su ciudad y la comida\u00bb. <\/p>\n<p><img draggable=\"true\" alt=\"atmosphere goya cinema awards 2025\" title=\"Atmosphere - Goya Cinema Awards 2025\" loading=\"lazy\" width=\"4000\" height=\"2667\" decoding=\"async\" data-nimg=\"1\" style=\"color:transparent;width:100%;height:auto;\"   src=\"https:\/\/www.europesays.com\/es\/wp-content\/uploads\/2025\/11\/richard-gere-and-alejandra-silva-attend-the-red-carpet-news-photo-1762007066.pjpeg\" class=\"css-0 e1g79fud0\"\/><\/p>\n<p>Aldara Zarraoa\/\/Getty Images<\/p>\n<p>La historia de amor de Richard Gere y Alejandra Silva<\/p>\n<p data-journey-content=\"true\" data-node-id=\"19\" class=\"css-6wxqfj emevuu60\">El actor y la publicista se conocieron en 2014, pero no fue hasta 2015 cuando sali\u00f3 a la luz su relaci\u00f3n. Cuando empezaron a verse, \u00e9l estaba reci\u00e9n separado de la tambi\u00e9n actriz Carey Lowell.  Sin embargo, no fue hasta 2016 cuando disolvieron oficialmente su matrimonio. Ella, por su parte, tuvo un complicado divorcio del que era su marido, el magnate minero Govind Friedland, y a\u00fan as\u00ed consigui\u00f3 firmarlo un a\u00f1o antes que \u00e9l. Ya divorciados, pudieron casarse en 2018, dejando claro, \u00e9l con 69 a\u00f1os y ella con 35 por aquel entonces, que el amor no tiene edad.<\/p>\n<p><img draggable=\"true\" alt=\"'invisibles' madrid premiere\" title=\"'Invisibles' Madrid Premiere\" loading=\"lazy\" width=\"3216\" height=\"2053\" decoding=\"async\" data-nimg=\"1\" style=\"color:transparent;width:100%;height:auto;\"   src=\"https:\/\/www.europesays.com\/es\/wp-content\/uploads\/2025\/11\/alejandra-silva-and-richard-gere-attend-the-invisibles-news-photo-1762006974.pjpeg\" class=\"css-0 e1g79fud0\"\/><\/p>\n<p>Fotonoticias\/\/Getty Images<\/p>\n<p><img src=\"https:\/\/www.europesays.com\/es\/wp-content\/uploads\/2025\/11\/1762067652_580_4104b2dc-9d92-4a2f-a41f-327dc6377620_1734436473.jpg\" alt=\"Headshot of Valentina Vera\" title=\"Headshot of Valentina Vera\" width=\"100%\" height=\"100%\" decoding=\"async\" loading=\"lazy\" class=\"css-o0wq4v ev8dhu53\"\/><\/p>\n<p>Valentina Vera es una periodista experta en cr\u00f3nica rosa, realidad, &#8216;reality&#8217;, moda y belleza. Siempre al d\u00eda de las \u00faltimas novedades de los famosos nacionales e internacionales y de las casas reales europeas. Su trabajo como redactora le permite ser testigo de las bodas de los personajes m\u00e1s relevantes del panorama social; de alfombras rojas; de funerales de Estado o de acontecimientos hist\u00f3ricos: como la proclamaci\u00f3n de Felipe VI como Rey o la coronaci\u00f3n de Carlos III de Inglaterra.<br \/>\nLicenciada en Periodismo por la Universidad Complutense de Madrid. Comenz\u00f3 su andadura en el mundo del coraz\u00f3n en el a\u00f1o 2013 en la revista \u00a1Hola! Y desde 2014 forma parte del grupo Hearst, donde ha ido adquiriendo experiencia tanto en la edici\u00f3n impresa como en el formato web de la revista Diez Minutos.<br \/>\nEl medio digital le apasiona por la inmediatez en la que sus lectores pueden ser testigos de lo que sucede en la vida de los famosos desde cualquier parte del mundo. Instagram, Twitter y TikTok se han convertido en una herramienta m\u00e1s de informaci\u00f3n a la hora de crear, gestionar y organizar el contenido, ya que le permiten conocer la \u00faltima hora de lo que sucede en la vida de los famosos.<br \/>\nEn constante formaci\u00f3n de estrategias y t\u00e9cnicas de optimizaci\u00f3n digital para su trabajo como redactora, en la actualidad tambi\u00e9n se encuentra estudiando Diet\u00e9tica. Llevar un estilo de vida saludable es algo que le apasiona y cree que la nutrici\u00f3n es una parte fundamental.<\/p>\n","protected":false},"excerpt":{"rendered":"Despu\u00e9s de un intenso a\u00f1o residiendo en uno de los barrios m\u00e1s cotizados de la capital espa\u00f1ola, como&hellip;\n","protected":false},"author":2,"featured_media":213991,"comment_status":"","ping_status":"","sticky":false,"template":"","format":"standard","meta":{"footnotes":""},"categories":[174],"tags":[255,253,146,147,25,24,256,23],"class_list":{"0":"post-213990","1":"post","2":"type-post","3":"status-publish","4":"format-standard","5":"has-post-thumbnail","7":"category-famosos","8":"tag-celebrities","9":"tag-discover","10":"tag-entertainment","11":"tag-entretenimiento","12":"tag-es","13":"tag-espana","14":"tag-famosos","15":"tag-spain"},"share_on_mastodon":{"url":"https:\/\/pubeurope.com\/@es\/115478873486298490","error":""},"_links":{"self":[{"href":"https:\/\/www.europesays.com\/es\/wp-json\/wp\/v2\/posts\/213990","targetHints":{"allow":["GET"]}}],"collection":[{"href":"https:\/\/www.europesays.com\/es\/wp-json\/wp\/v2\/posts"}],"about":[{"href":"https:\/\/www.europesays.com\/es\/wp-json\/wp\/v2\/types\/post"}],"author":[{"embeddable":true,"href":"https:\/\/www.europesays.com\/es\/wp-json\/wp\/v2\/users\/2"}],"replies":[{"embeddable":true,"href":"https:\/\/www.europesays.com\/es\/wp-json\/wp\/v2\/comments?post=213990"}],"version-history":[{"count":0,"href":"https:\/\/www.europesays.com\/es\/wp-json\/wp\/v2\/posts\/213990\/revisions"}],"wp:featuredmedia":[{"embeddable":true,"href":"https:\/\/www.europesays.com\/es\/wp-json\/wp\/v2\/media\/213991"}],"wp:attachment":[{"href":"https:\/\/www.europesays.com\/es\/wp-json\/wp\/v2\/media?parent=213990"}],"wp:term":[{"taxonomy":"category","embeddable":true,"href":"https:\/\/www.europesays.com\/es\/wp-json\/wp\/v2\/categories?post=213990"},{"taxonomy":"post_tag","embeddable":true,"href":"https:\/\/www.europesays.com\/es\/wp-json\/wp\/v2\/tags?post=213990"}],"curies":[{"name":"wp","href":"https:\/\/api.w.org\/{rel}","templated":true}]}}