{"id":213999,"date":"2025-11-02T07:20:22","date_gmt":"2025-11-02T07:20:22","guid":{"rendered":"https:\/\/www.europesays.com\/es\/213999\/"},"modified":"2025-11-02T07:20:22","modified_gmt":"2025-11-02T07:20:22","slug":"flick-revela-detalles-del-estado-de-salud-de-lamine-yamal","status":"publish","type":"post","link":"https:\/\/www.europesays.com\/es\/213999\/","title":{"rendered":"Flick revela detalles del estado de salud de Lamine Yamal"},"content":{"rendered":"<p><img src=\"data:image\/png;base64,iVBORw0KGgoAAAANSUhEUgAABQAAAAM0AQAAAADMpLLbAAAAAnRSTlMAAHaTzTgAAACXSURBVHja7cEBDQAAAMKg909tDjegAAAAAAAAAAAAAAAAAAAAAAAAAAAAAAAAAAAAAAAAAAAAAAAAAAAAAAAAAAAAAAAAAAAAAAAAAAAAAAAAAAAAAAAAAAAAAAAAAAAAAAAAAAAAAAAAAAAAAAAAAAAAAAAAAAAAAAAAAAAAAAAAAAAAAAAAAAAAAAAAAAAAAAAAAIBHAwPSAAE+faf2AAAAAElFTkSuQmCC\" alt=\"Lamine-Yamal-\" data-src=\"https:\/\/www.europesays.com\/es\/wp-content\/uploads\/2025\/11\/Lamine-Yamal--1280x820.jpg\" decoding=\"async\" class=\"lazyload\" data-eio-rwidth=\"1280\" data-eio-rheight=\"820\"\/>Lamine Yamal, futbolista del Barcelona FC. Foto: AFP<\/p>\n<p>El t\u00e9cnico del FC Barcelona,<strong> <a href=\"https:\/\/www.transfermarkt.es\/hansi-flick\/profil\/trainer\/67\" rel=\"nofollow noopener\" target=\"_blank\">Hansi Flick<\/a><\/strong>, asegur\u00f3 este s\u00e1bado que<strong> Lamine Yamal<\/strong>, su jugador estrella, est\u00e1 mejorando su estado de forma aunque sigue con problemas f\u00edsicos debido a la pubalgia que arrastra desde el par\u00f3n internacional de septiembre.<\/p>\n<p><strong>\u00abAlgunos d\u00edas nota alguna molestias y dolor\u00bb<\/strong>, declar\u00f3 el preparador alem\u00e1n en rueda de prensa previa al choque ante el Elche en Montjuic.<\/p>\n<p>\u00abSe est\u00e1 esforzando mucho y ha mejorado.<strong> Est\u00e1 evolucionando bien<\/strong>\u00ab, prosigui\u00f3 sobre Yamal, convocado para el partido ante el Elche, una de las revelaciones de la temporada en LaLiga.<\/p>\n<p>\u00abMe gusta c\u00f3mo juega el Elche, juega bien, en equipo, encuentra soluciones. Hay que presionarles como queremos, siguiendo el plan de partido\u00bb, afirm\u00f3 el entrenador cul\u00e9, que se mostr\u00f3 contento por la vuelta de Dani Olmo y Robert Lewandowski.<\/p>\n<p>Sin embargo, <strong>Flick lament\u00f3 la baja de Pedri Gonz\u00e1lez tras el Cl\u00e1sico disputado el pasado domingo<\/strong>, en el que su equipo perdi\u00f3 2-1 en el Santiago Bernab\u00e9u y en el que no pudo dirigir desde el banquillo por cumplir una sanci\u00f3n de un partido por doble amarilla.<\/p>\n<p>\u00abDespu\u00e9s del partido en Madrid solo ten\u00eda una peque\u00f1a molestia, fatiga, pero lo revisamos y vimos la lesi\u00f3n\u00bb, recalc\u00f3. \u00abTenemos que asumirlo. Nos falta uno de los principales jugadores. Nos da mucha pelota, tambi\u00e9n en la recuperaci\u00f3n. Esperamos que pueda volver muy pronto\u00bb, agreg\u00f3.<\/p>\n<p>Pese a la insistencia de los periodistas, Flick no quiso profundizar sobre el duelo frente al Real Madrid.<\/p>\n<p>\u00abNo quiero echar la vista atr\u00e1s porque no es lo mejor que puedo hacer. No es lo mejor estar arriba, detr\u00e1s de los cristales (de una sala). Tengo que trabajar para que no me pueda volver a ocurrir\u00bb, explic\u00f3 en referencia a la expulsi\u00f3n sufrida ante el Girona.<\/p>\n<p>Interrogado sobre las palabras de Yamal antes del Cl\u00e1sico en las que afirmaba que el club blanco \u00abroba, se queja&#8230;\u00bb, Flick insisti\u00f3 en que el enfrentamiento queda en el pasado.<\/p>\n","protected":false},"excerpt":{"rendered":"Lamine Yamal, futbolista del Barcelona FC. Foto: AFP El t\u00e9cnico del FC Barcelona, Hansi Flick, asegur\u00f3 este s\u00e1bado&hellip;\n","protected":false},"author":2,"featured_media":214000,"comment_status":"","ping_status":"","sticky":false,"template":"","format":"standard","meta":{"footnotes":""},"categories":[93],"tags":[168,25,24,8138,23,167],"class_list":{"0":"post-213999","1":"post","2":"type-post","3":"status-publish","4":"format-standard","5":"has-post-thumbnail","7":"category-deportes","8":"tag-deportes","9":"tag-es","10":"tag-espana","11":"tag-lamine-yamal","12":"tag-spain","13":"tag-sports"},"share_on_mastodon":{"url":"https:\/\/pubeurope.com\/@es\/115478896627313196","error":""},"_links":{"self":[{"href":"https:\/\/www.europesays.com\/es\/wp-json\/wp\/v2\/posts\/213999","targetHints":{"allow":["GET"]}}],"collection":[{"href":"https:\/\/www.europesays.com\/es\/wp-json\/wp\/v2\/posts"}],"about":[{"href":"https:\/\/www.europesays.com\/es\/wp-json\/wp\/v2\/types\/post"}],"author":[{"embeddable":true,"href":"https:\/\/www.europesays.com\/es\/wp-json\/wp\/v2\/users\/2"}],"replies":[{"embeddable":true,"href":"https:\/\/www.europesays.com\/es\/wp-json\/wp\/v2\/comments?post=213999"}],"version-history":[{"count":0,"href":"https:\/\/www.europesays.com\/es\/wp-json\/wp\/v2\/posts\/213999\/revisions"}],"wp:featuredmedia":[{"embeddable":true,"href":"https:\/\/www.europesays.com\/es\/wp-json\/wp\/v2\/media\/214000"}],"wp:attachment":[{"href":"https:\/\/www.europesays.com\/es\/wp-json\/wp\/v2\/media?parent=213999"}],"wp:term":[{"taxonomy":"category","embeddable":true,"href":"https:\/\/www.europesays.com\/es\/wp-json\/wp\/v2\/categories?post=213999"},{"taxonomy":"post_tag","embeddable":true,"href":"https:\/\/www.europesays.com\/es\/wp-json\/wp\/v2\/tags?post=213999"}],"curies":[{"name":"wp","href":"https:\/\/api.w.org\/{rel}","templated":true}]}}