{"id":214001,"date":"2025-11-02T07:21:10","date_gmt":"2025-11-02T07:21:10","guid":{"rendered":"https:\/\/www.europesays.com\/es\/214001\/"},"modified":"2025-11-02T07:21:10","modified_gmt":"2025-11-02T07:21:10","slug":"moises-zambrano-jefe-del-servicio-de-pediatria-del-hospital-san-pedro-de-alcantara-de-caceres-ya-hay-ninos-ingresados-por-gripe-en-extremadura-es-muy-importante-vacunarles","status":"publish","type":"post","link":"https:\/\/www.europesays.com\/es\/214001\/","title":{"rendered":"Mois\u00e9s Zambrano, Jefe del servicio de Pediatr\u00eda del hospital San Pedro de Alc\u00e1ntara de C\u00e1ceres: \u00abYa hay ni\u00f1os ingresados por gripe en Extremadura; es muy importante vacunarles\u00bb"},"content":{"rendered":"<p>\u00abYa hemos tenido los primeros casos de ni\u00f1os hospitalizados por <a href=\"https:\/\/www.hoy.es\/extremadura\/extremadura-empieza-vacunar-gripe-llegar-mayores-embarazas-20251014114057-nt.html\" target=\"_self\" data-voc-vtm-id=\"in-text-traffic\" title=\"gripe\" data-mrf-link=\"www.hoy.es\" rel=\"nofollow noopener\">gripe<\/a> y por coinfecciones con otros virus respiratorios; es muy importante vacunar a  &#8230; los menores\u00bb. Lo dice Mois\u00e9s Zambrano, jefe del servicio de Pediatr\u00eda del hospital San Pedro de Alc\u00e1ntara de C\u00e1ceres.<\/p>\n<p class=\"v-p\">Indica que los primeros casos empezaron a darse a mediados de octubre y han ido a m\u00e1s sobre todo en el rango de quienes tienen entre uno y cuatro a\u00f1os.<\/p>\n<p class=\"v-p\">Asimismo, los pediatras apuntan a que el virus gripal ha llegado antes que en temporadas anteriores. \u00abAdem\u00e1s, otros a\u00f1os hemos tenido m\u00e1s ingresados por virus respiratorio sincitial (VRS) y ahora est\u00e1 siendo m\u00e1s por gripe\u00bb, afirma Zambrano.<\/p>\n<p><a href=\"http:\/\/www.hoy.es\/extremadura\/modesta-inaugura-vacunacion-gripe-extremadura-pongo-dosis-20251014122612-nt.html#vtm_modulosEngag=mod-rel:extremadura:noticia:1:cmp:2-not\" class=\"v-a-link\" title=\"Modesta inaugura la vacunaci\u00f3n contra la gripe en Extremadura: \u00abMe pongo la dosis siempre y me va muy bien\u00bb\" rel=\"nofollow noopener\" target=\"_blank\"><br \/>\n<img decoding=\"async\" loading=\"lazy\" class=\"v-a-img\" src=\"https:\/\/www.europesays.com\/es\/wp-content\/uploads\/2025\/11\/vacunacion-gripe-extremadura-U42261401188UeP-366x256@Hoy.jpg\" alt=\"Modesta inaugura la vacunaci\u00f3n contra la gripe en Extremadura: \u00abMe pongo la dosis siempre y me va muy bien\u00bb\"\/><br \/>\n<\/a><\/p>\n<p><a href=\"http:\/\/www.hoy.es\/extremadura\/extremadura-empieza-vacunar-gripe-llegar-mayores-embarazas-20251014114057-nt.html#vtm_modulosEngag=mod-rel:extremadura:noticia:2:cmp:2-not\" class=\"v-a-link\" title=\"Extremadura empieza a vacunar contra la gripe para llegar al 75% de mayores, embarazas, enfermos y sanitarios\" rel=\"nofollow noopener\" target=\"_blank\"><br \/>\n<img decoding=\"async\" loading=\"lazy\" class=\"v-a-img\" src=\"https:\/\/www.europesays.com\/es\/wp-content\/uploads\/2025\/11\/vacunacion-extremadura-U38001178688vpg-366x256@Hoy.jpg\" alt=\"Extremadura empieza a vacunar contra la gripe para llegar al 75% de mayores, embarazas, enfermos y sanitarios\"\/><br \/>\n<\/a><\/p>\n<p class=\"v-p\">Pero cu\u00e1l es la raz\u00f3n de que eso suceda. \u00abLa vacunaci\u00f3n de la gripe en los ni\u00f1os no est\u00e1 muy consolidada, justo lo contrario que pasa con la inmunoprofilaxis para proteger frente al virus respiratorio sincitial a los menores de seis meses y a los que tienen menos de dos a\u00f1os con factores de riesgo. Antes la mayor\u00eda ingresaba por el virus que suele causar la bronquiolitis, pero ahora eso ya no pasa y s\u00ed hay hospitalizados por gripe\u00bb, apunta Zambrano. <\/p>\n<p class=\"v-p\">Es una situaci\u00f3n que tambi\u00e9n se nota en Urgencias. \u00abMuchas veces se desplaza un virus y es ocupado por otro. Es lo que pas\u00f3 con el covid, que desplaz\u00f3 al VRS, y cuando el coronavirus fue decayendo, regres\u00f3 el VRS. Ahora se est\u00e1 dando la misma situaci\u00f3n del VRS, que ya est\u00e1 m\u00e1s controlado con una inmunoprofilaxis, hacia la gripe\u00bb, explica. <\/p>\n<p class=\"v-p\">En cuanto a los s\u00edntomas, detalla que los m\u00e1s frecuentes son fiebre alta y cansancio, dolor de cabeza y cuerpo, tos seca, congesti\u00f3n nasal y p\u00e9rdida de apetito. <\/p>\n<p>Complicaciones<\/p>\n<p class=\"v-p\">\u00abAunque la mayor\u00eda de los ni\u00f1os se recuperan sin problemas, la gripe puede provocar neumon\u00eda, bronquiolitis o broncoespamos\u00bb, a\u00f1ade. Detalla que se debe consultar al pediatra cuando la fiebre dura m\u00e1s de tres d\u00edas, hay dificultad para respirar, decaimiento extremo o rechazo de l\u00edquidos.<\/p>\n<p class=\"v-p\">Ante eso incide en que la mejor prevenci\u00f3n es la vacuna antigripal. \u00abEs segura, eficaz y protege especialmente a los ni\u00f1os m\u00e1s peque\u00f1os o con enfermedades cr\u00f3nicas\u00bb, indica Zambrano, que tambi\u00e9n hace recomendaciones a trav\u00e9s de las redes sociales en la cuenta &#8216;Elpediatradeturno&#8217;.<\/p>\n<p class=\"v-p\">Precisamente sus \u00faltimas publicaciones aluden a la temporada de gripe. En ella recalca que el pasado 14 de octubre comenz\u00f3 la campa\u00f1a de vacunaci\u00f3n. \u00abSe recomienda a los ni\u00f1os desde los seis meses a los cinco a\u00f1os y a los padres y cuidadores de beb\u00e9s menores de seis meses, adem\u00e1s se recomienda a los ni\u00f1os con patolog\u00edas cr\u00f3nicas y a sus convenientes familiares\u00bb. <\/p>\n<p class=\"v-p\">Insiste tambi\u00e9n en otros m\u00e9todos de prevenci\u00f3n como lavarse frecuentemente las manos con agua y jab\u00f3n o usar gel hidroalcoh\u00f3lico, adem\u00e1s de utilizar mascarilla en lugares cerrados o con mucha gente, especialmente si hay s\u00edntomas respiratorios.<\/p>\n","protected":false},"excerpt":{"rendered":"\u00abYa hemos tenido los primeros casos de ni\u00f1os hospitalizados por gripe y por coinfecciones con otros virus respiratorios;&hellip;\n","protected":false},"author":2,"featured_media":214002,"comment_status":"","ping_status":"","sticky":false,"template":"","format":"standard","meta":{"footnotes":""},"categories":[92],"tags":[25,24,7234,7749,165,908,57648,2932,166,23,57649],"class_list":{"0":"post-214001","1":"post","2":"type-post","3":"status-publish","4":"format-standard","5":"has-post-thumbnail","7":"category-salud","8":"tag-es","9":"tag-espana","10":"tag-extremadura","11":"tag-gripe","12":"tag-health","13":"tag-importante","14":"tag-ingresados","15":"tag-ninos","16":"tag-salud","17":"tag-spain","18":"tag-vacunarles"},"share_on_mastodon":{"url":"https:\/\/pubeurope.com\/@es\/115478900602563130","error":""},"_links":{"self":[{"href":"https:\/\/www.europesays.com\/es\/wp-json\/wp\/v2\/posts\/214001","targetHints":{"allow":["GET"]}}],"collection":[{"href":"https:\/\/www.europesays.com\/es\/wp-json\/wp\/v2\/posts"}],"about":[{"href":"https:\/\/www.europesays.com\/es\/wp-json\/wp\/v2\/types\/post"}],"author":[{"embeddable":true,"href":"https:\/\/www.europesays.com\/es\/wp-json\/wp\/v2\/users\/2"}],"replies":[{"embeddable":true,"href":"https:\/\/www.europesays.com\/es\/wp-json\/wp\/v2\/comments?post=214001"}],"version-history":[{"count":0,"href":"https:\/\/www.europesays.com\/es\/wp-json\/wp\/v2\/posts\/214001\/revisions"}],"wp:featuredmedia":[{"embeddable":true,"href":"https:\/\/www.europesays.com\/es\/wp-json\/wp\/v2\/media\/214002"}],"wp:attachment":[{"href":"https:\/\/www.europesays.com\/es\/wp-json\/wp\/v2\/media?parent=214001"}],"wp:term":[{"taxonomy":"category","embeddable":true,"href":"https:\/\/www.europesays.com\/es\/wp-json\/wp\/v2\/categories?post=214001"},{"taxonomy":"post_tag","embeddable":true,"href":"https:\/\/www.europesays.com\/es\/wp-json\/wp\/v2\/tags?post=214001"}],"curies":[{"name":"wp","href":"https:\/\/api.w.org\/{rel}","templated":true}]}}